{"id":25460,"date":"2021-09-17T15:32:36","date_gmt":"2021-09-17T18:32:36","guid":{"rendered":"http:\/\/dsrmedios.com.ar\/diario\/?p=25460"},"modified":"2021-09-17T15:32:38","modified_gmt":"2021-09-17T18:32:38","slug":"san-miguel-arcangel-se-prepara-para-celebrar-su-118o-aniversario","status":"publish","type":"post","link":"http:\/\/dsrmedios.com.ar\/diario\/archivos\/25460","title":{"rendered":"San Miguel Arc\u00e1ngel se prepara para celebrar su 118\u00ba aniversario"},"content":{"rendered":"\n<p>\n\n\n\n\n\n\n\n\n\n\n\n\n\n\n\n\nEl pr\u00f3ximo domingo 3 de\noctubre se realizar\u00e1 la celebraci\u00f3n por el 118\u00ba aniversario de San Miguel\nArc\u00e1ngel, que comenzar\u00e1 a partir de las 10hs y se extender\u00e1n durante el d\u00eda con\nuna nutrida agenda de actividades culturales, gastron\u00f3micas y recreativas que\ntendr\u00e1n lugar en la Cancha Parroquial con entrada gratuita.<br><br>\nEl cronograma de actividades tiene previsto Patio de Comidas T\u00edpicas, Juegos\nInfantiles, Cerveza Artesanal, Campeonato de Kosser y Danzas Tradicionales a\ncargo de Ra\u00edces Alemanas.<br><br>\nAdem\u00e1s, habr\u00e1 bandas en vivo con la presentaci\u00f3n de The Flavio\u2019s Ac\u00fastico,\nDaiana Pamela y \u201cTanz Mit Uns\u201d M\u00fasica Alemana.<br><br>\nDesde el Municipio invitan a concurrir con silla y\/o reposera.&nbsp;\n\n\n\n<\/p>\n","protected":false},"excerpt":{"rendered":"<div class=\"mh-excerpt\"><p>El pr\u00f3ximo domingo 3 de octubre se realizar\u00e1 la celebraci\u00f3n por el 118\u00ba aniversario de San Miguel Arc\u00e1ngel, que comenzar\u00e1 a partir de las 10hs y se extender\u00e1n durante el d\u00eda con una nutrida agenda de actividades culturales, gastron\u00f3micas y recreativas que tendr\u00e1n lugar en la Cancha Parroquial con entrada gratuita. El cronograma de actividades tiene previsto Patio de Comidas T\u00edpicas, Juegos Infantiles, Cerveza Artesanal, Campeonato de Kosser y Danzas Tradicionales a cargo de Ra\u00edces Alemanas. Adem\u00e1s, habr\u00e1 bandas en vivo con la presentaci\u00f3n de The Flavio\u2019s Ac\u00fastico, Daiana Pamela y \u201cTanz Mit Uns\u201d M\u00fasica Alemana. Desde el Municipio invitan <a class=\"mh-excerpt-more\" href=\"http:\/\/dsrmedios.com.ar\/diario\/archivos\/25460\" title=\"San Miguel Arc\u00e1ngel se prepara para celebrar su 118\u00ba aniversario\">[Leer m\u00e1s]<\/a><\/p>\n<\/div>","protected":false},"author":6,"featured_media":25461,"comment_status":"open","ping_status":"closed","sticky":false,"template":"","format":"standard","meta":{"_jetpack_newsletter_access":""},"categories":[31],"tags":[],"jetpack_featured_media_url":"http:\/\/dsrmedios.com.ar\/diario\/wp-content\/uploads\/2021\/09\/08547841-77bc-cdff-d25f-c407cf902678.jpeg","jetpack_sharing_enabled":true,"jetpack_shortlink":"https:\/\/wp.me\/p9fihK-6CE","_links":{"self":[{"href":"http:\/\/dsrmedios.com.ar\/diario\/wp-json\/wp\/v2\/posts\/25460"}],"collection":[{"href":"http:\/\/dsrmedios.com.ar\/diario\/wp-json\/wp\/v2\/posts"}],"about":[{"href":"http:\/\/dsrmedios.com.ar\/diario\/wp-json\/wp\/v2\/types\/post"}],"author":[{"embeddable":true,"href":"http:\/\/dsrmedios.com.ar\/diario\/wp-json\/wp\/v2\/users\/6"}],"replies":[{"embeddable":true,"href":"http:\/\/dsrmedios.com.ar\/diario\/wp-json\/wp\/v2\/comments?post=25460"}],"version-history":[{"count":1,"href":"http:\/\/dsrmedios.com.ar\/diario\/wp-json\/wp\/v2\/posts\/25460\/revisions"}],"predecessor-version":[{"id":25462,"href":"http:\/\/dsrmedios.com.ar\/diario\/wp-json\/wp\/v2\/posts\/25460\/revisions\/25462"}],"wp:featuredmedia":[{"embeddable":true,"href":"http:\/\/dsrmedios.com.ar\/diario\/wp-json\/wp\/v2\/media\/25461"}],"wp:attachment":[{"href":"http:\/\/dsrmedios.com.ar\/diario\/wp-json\/wp\/v2\/media?parent=25460"}],"wp:term":[{"taxonomy":"category","embeddable":true,"href":"http:\/\/dsrmedios.com.ar\/diario\/wp-json\/wp\/v2\/categories?post=25460"},{"taxonomy":"post_tag","embeddable":true,"href":"http:\/\/dsrmedios.com.ar\/diario\/wp-json\/wp\/v2\/tags?post=25460"}],"curies":[{"name":"wp","href":"https:\/\/api.w.org\/{rel}","templated":true}]}}