{"id":25454,"date":"2021-09-17T15:30:38","date_gmt":"2021-09-17T18:30:38","guid":{"rendered":"http:\/\/dsrmedios.com.ar\/diario\/?p=25454"},"modified":"2021-09-17T15:30:42","modified_gmt":"2021-09-17T18:30:42","slug":"carhue-le-da-la-bienvenida-a-la-primavera","status":"publish","type":"post","link":"http:\/\/dsrmedios.com.ar\/diario\/archivos\/25454","title":{"rendered":"Carhu\u00e9 le da la bienvenida a la Primavera"},"content":{"rendered":"\n<p>\n\n\n\n\n\n\n\n\n\n\n\n\n\n\n\n\nLa municipalidad de Adolfo\nAlsina, a trav\u00e9s de la Secretar\u00eda de Cultura y Educaci\u00f3n, presenta las\nactividades&nbsp;para darle la bienvenida a la primavera.<br><br>\nEn el marco de \u201cHola, Primavera\u201d el 19 de septiembre en Carhu\u00e9 se realizar\u00e1 el\nTaller de Percusi\u00f3n a cargo del Prof. Juan Pablo Lodos en el Frente Costero a\npartir de las 15 hs.<br><br>\nPosteriormente se presentar\u00e1 la banda de rock nacional Cable a Tierra, y la DJ\nJuana Vincent.<br><br>\nTodas las actividades propuestas se llevar\u00e1n a cabo respetando los protocolos\nvigentes por la pandemia de Covid-19.<br><br><\/p>\n","protected":false},"excerpt":{"rendered":"<div class=\"mh-excerpt\"><p>La municipalidad de Adolfo Alsina, a trav\u00e9s de la Secretar\u00eda de Cultura y Educaci\u00f3n, presenta las actividades&nbsp;para darle la bienvenida a la primavera. En el marco de \u201cHola, Primavera\u201d el 19 de septiembre en Carhu\u00e9 se realizar\u00e1 el Taller de Percusi\u00f3n a cargo del Prof. Juan Pablo Lodos en el Frente Costero a partir de las 15 hs. Posteriormente se presentar\u00e1 la banda de rock nacional Cable a Tierra, y la DJ Juana Vincent. Todas las actividades propuestas se llevar\u00e1n a cabo respetando los protocolos vigentes por la pandemia de Covid-19.<\/p>\n<\/div>","protected":false},"author":6,"featured_media":25455,"comment_status":"open","ping_status":"closed","sticky":false,"template":"","format":"standard","meta":{"_jetpack_newsletter_access":""},"categories":[31],"tags":[],"jetpack_featured_media_url":"http:\/\/dsrmedios.com.ar\/diario\/wp-content\/uploads\/2021\/09\/9ba39561-e577-fd45-ff3c-95e2b377f086.jpeg","jetpack_sharing_enabled":true,"jetpack_shortlink":"https:\/\/wp.me\/p9fihK-6Cy","_links":{"self":[{"href":"http:\/\/dsrmedios.com.ar\/diario\/wp-json\/wp\/v2\/posts\/25454"}],"collection":[{"href":"http:\/\/dsrmedios.com.ar\/diario\/wp-json\/wp\/v2\/posts"}],"about":[{"href":"http:\/\/dsrmedios.com.ar\/diario\/wp-json\/wp\/v2\/types\/post"}],"author":[{"embeddable":true,"href":"http:\/\/dsrmedios.com.ar\/diario\/wp-json\/wp\/v2\/users\/6"}],"replies":[{"embeddable":true,"href":"http:\/\/dsrmedios.com.ar\/diario\/wp-json\/wp\/v2\/comments?post=25454"}],"version-history":[{"count":1,"href":"http:\/\/dsrmedios.com.ar\/diario\/wp-json\/wp\/v2\/posts\/25454\/revisions"}],"predecessor-version":[{"id":25456,"href":"http:\/\/dsrmedios.com.ar\/diario\/wp-json\/wp\/v2\/posts\/25454\/revisions\/25456"}],"wp:featuredmedia":[{"embeddable":true,"href":"http:\/\/dsrmedios.com.ar\/diario\/wp-json\/wp\/v2\/media\/25455"}],"wp:attachment":[{"href":"http:\/\/dsrmedios.com.ar\/diario\/wp-json\/wp\/v2\/media?parent=25454"}],"wp:term":[{"taxonomy":"category","embeddable":true,"href":"http:\/\/dsrmedios.com.ar\/diario\/wp-json\/wp\/v2\/categories?post=25454"},{"taxonomy":"post_tag","embeddable":true,"href":"http:\/\/dsrmedios.com.ar\/diario\/wp-json\/wp\/v2\/tags?post=25454"}],"curies":[{"name":"wp","href":"https:\/\/api.w.org\/{rel}","templated":true}]}}