{"id":2491,"date":"2017-11-16T07:28:35","date_gmt":"2017-11-16T10:28:35","guid":{"rendered":"http:\/\/dsrmedios.com.ar\/diario\/?p=2491"},"modified":"2017-11-16T07:28:35","modified_gmt":"2017-11-16T10:28:35","slug":"reclamaron-al-ministro-frigerio-por-la-continuidad-de-la-ruta-67-entre-suarez-y-lamadrid","status":"publish","type":"post","link":"http:\/\/dsrmedios.com.ar\/diario\/archivos\/2491","title":{"rendered":"Reclamaron al ministro Frigerio por la continuidad de la ruta 67 entre Su\u00e1rez y Lamadrid"},"content":{"rendered":"<p>Concejales de Coronel Su\u00e1rez y General La Madrid, junto con el diputado (electo) por la Sexta Secci\u00f3n Electoral, Emiliano Balb\u00edn, se reunieron hoy con el ministro del Interior Rogelio Frigerio, a quien le reclamaron por la continuidad de las obras en el tramo de la ruta provincial 67 que une ambas localidades.<\/p>\n<p>Concretamente, los legisladores pidieron que se lleve a cabo una auditor\u00eda y una investigaci\u00f3n para conocer el estado de la obra, que hab\u00eda sido prometida por el expresidente N\u00e9stor Kirchner al por entonces intendente suarense Ricardo Moccero.<\/p>\n<p>Del encuentro con Frigerio tambi\u00e9n participaron Pedro Rodr\u00edguez y Pablo Mart\u00ednez, de Coronel Suarez, y Santiago Cort\u00e1zar, de General La Madrid .<\/p>\n<p>La obra se encuentra abandonada hace un par de a\u00f1os: las obras de arte estaban realizadas, lo mismo que el entoscado y el riego de imprimaci\u00f3n; sin embargo, al no darse continuidad con los trabajo, gran parte de lo llevado a cabo se perdi\u00f3.<\/p>\n<p>fuente:www.lanueva.com.ar<\/p>\n","protected":false},"excerpt":{"rendered":"<div class=\"mh-excerpt\"><p>Concejales de Coronel Su\u00e1rez y General La Madrid, junto con el diputado (electo) por la Sexta Secci\u00f3n Electoral, Emiliano Balb\u00edn, se reunieron hoy con el ministro del Interior Rogelio Frigerio, a quien le reclamaron por la continuidad de las obras en el tramo de la ruta provincial 67 que une ambas localidades. Concretamente, los legisladores pidieron que se lleve a cabo una auditor\u00eda y una investigaci\u00f3n para conocer el estado de la obra, que hab\u00eda sido prometida por el expresidente N\u00e9stor Kirchner al por entonces intendente suarense Ricardo Moccero. Del encuentro con Frigerio tambi\u00e9n participaron Pedro Rodr\u00edguez y Pablo Mart\u00ednez, <a class=\"mh-excerpt-more\" href=\"http:\/\/dsrmedios.com.ar\/diario\/archivos\/2491\" title=\"Reclamaron al ministro Frigerio por la continuidad de la ruta 67 entre Su\u00e1rez y Lamadrid\">[Leer m\u00e1s]<\/a><\/p>\n<\/div>","protected":false},"author":5,"featured_media":2492,"comment_status":"open","ping_status":"closed","sticky":false,"template":"","format":"standard","meta":{"_jetpack_newsletter_access":""},"categories":[18,8],"tags":[],"jetpack_featured_media_url":"http:\/\/dsrmedios.com.ar\/diario\/wp-content\/uploads\/2017\/11\/r67.jpg","jetpack_sharing_enabled":true,"jetpack_shortlink":"https:\/\/wp.me\/p9fihK-Eb","_links":{"self":[{"href":"http:\/\/dsrmedios.com.ar\/diario\/wp-json\/wp\/v2\/posts\/2491"}],"collection":[{"href":"http:\/\/dsrmedios.com.ar\/diario\/wp-json\/wp\/v2\/posts"}],"about":[{"href":"http:\/\/dsrmedios.com.ar\/diario\/wp-json\/wp\/v2\/types\/post"}],"author":[{"embeddable":true,"href":"http:\/\/dsrmedios.com.ar\/diario\/wp-json\/wp\/v2\/users\/5"}],"replies":[{"embeddable":true,"href":"http:\/\/dsrmedios.com.ar\/diario\/wp-json\/wp\/v2\/comments?post=2491"}],"version-history":[{"count":1,"href":"http:\/\/dsrmedios.com.ar\/diario\/wp-json\/wp\/v2\/posts\/2491\/revisions"}],"predecessor-version":[{"id":2493,"href":"http:\/\/dsrmedios.com.ar\/diario\/wp-json\/wp\/v2\/posts\/2491\/revisions\/2493"}],"wp:featuredmedia":[{"embeddable":true,"href":"http:\/\/dsrmedios.com.ar\/diario\/wp-json\/wp\/v2\/media\/2492"}],"wp:attachment":[{"href":"http:\/\/dsrmedios.com.ar\/diario\/wp-json\/wp\/v2\/media?parent=2491"}],"wp:term":[{"taxonomy":"category","embeddable":true,"href":"http:\/\/dsrmedios.com.ar\/diario\/wp-json\/wp\/v2\/categories?post=2491"},{"taxonomy":"post_tag","embeddable":true,"href":"http:\/\/dsrmedios.com.ar\/diario\/wp-json\/wp\/v2\/tags?post=2491"}],"curies":[{"name":"wp","href":"https:\/\/api.w.org\/{rel}","templated":true}]}}