{"id":2484,"date":"2017-11-15T10:16:51","date_gmt":"2017-11-15T13:16:51","guid":{"rendered":"http:\/\/dsrmedios.com.ar\/diario\/?p=2484"},"modified":"2017-11-15T10:16:51","modified_gmt":"2017-11-15T13:16:51","slug":"como-sera-el-calendario-escolar-en-la-provincia-para-el-ano-2018","status":"publish","type":"post","link":"http:\/\/dsrmedios.com.ar\/diario\/archivos\/2484","title":{"rendered":"C\u00f3mo ser\u00e1 el calendario escolar en la provincia para el a\u00f1o 2018"},"content":{"rendered":"<div class=\"row\">\n<div class=\"col-xs-12 col-print-12\">\n<p class=\"element element-paragraph\">A poco m\u00e1s de un mes de finalizar el ciclo lectivo 2017, pese a que a\u00fan no se anunci\u00f3 en forma oficial, ya existe un acuerdo sobre los extremos que plantear\u00e1 el calendario escolar del a\u00f1o que viene.<\/p>\n<\/div>\n<\/div>\n<div id=\"ct_inread_warrper\">Seg\u00fan supo\u00a0<strong>Infobae<\/strong>, las distintas jurisdicciones, a excepci\u00f3n de San Luis y Santa Cruz,\u00a0<strong>consensuaron comenzar las clases el 5 de marzo y terminarlas el 14 de diciembre<\/strong>. Luego, cada distrito tiene cierto margen de maniobra para definir, por caso, los d\u00edas que comprender\u00e1 su receso invernal a desarrollar en julio.<\/div>\n<div class=\"row\">\n<div class=\"col-xs-12 col-print-12\">\n<p class=\"element element-paragraph\">Asimismo, como es habitual, la semana t\u00edpica de desfase entre los distintos niveles tambi\u00e9n se replicar\u00eda en 2018. La secundaria arrancar\u00eda siete d\u00edas m\u00e1s tarde que la primaria.<\/p>\n<\/div>\n<\/div>\n<div class=\"row\">\n<div class=\"col-xs-12 col-print-12\">\n<p class=\"element element-paragraph\">La confirmaci\u00f3n del calendario oficial se dar\u00e1 en el Consejo Federal, en el que participar\u00e1n el ministro de educaci\u00f3n nacional Alejandro Finocchiaro y todos los ministros provinciales. El encuentro se realizar\u00e1 en San Fernando, Provincia de Buenos Aires, entre el 5 y 6 de diciembre.<\/p>\n<\/div>\n<\/div>\n<div class=\"row\">\n<div id=\"\" class=\"wrapper clearfix pb-feature pb-layout-item pb-f-ads-dfp left-align\">\n<div class=\"border-bottom-\">\u00a0Las dos provincias que se apartaron del\u00a0consenso lo hicieron por motivos dispares.\u00a0<strong>San Luis, por su parte, suele tomarse ciertas licencias a la hora de delinear su calendario escolar<\/strong>y deso\u00edr los acuerdos generales.\u00a0<strong>Santa Cruz, en cambio, todav\u00eda tiene grandes dificultades para reacomodar su ciclo lectivo 2017<\/strong>\u00a0debido a los 105 d\u00edas de paro docente que dejaron a los chicos sin clases.<\/div>\n<\/div>\n<\/div>\n<div class=\"row\">\n<div class=\"col-xs-12 col-print-12\">\n<p class=\"element element-paragraph\">En agosto, el Consejo Provincial de Educaci\u00f3n santacruce\u00f1o estableci\u00f3 que el calendario primero se extendiera hasta el 22 de diciembre para luego retomar el 1\u00b0 de febrero hasta su finalizaci\u00f3n el 31 de marzo del a\u00f1o pr\u00f3ximo. A su vez, determin\u00f3 que el ciclo 2018 empezar\u00eda el 1\u00b0 de abril y terminar\u00eda el 21 de diciembre. Sin embargo, la medida despert\u00f3 un fuerte rechazo por parte de los gremios.<\/p>\n<\/div>\n<\/div>\n<div class=\"row\">\n<div class=\"col-xs-12 col-print-12\">\n<p class=\"element element-paragraph\">En tanto, la Provincia de Buenos Aires que, aunque muy lejos de Santa Cruz, qued\u00f3 en el segundo lugar en el ranking de p\u00e9rdida de d\u00edas de clases -17 en el a\u00f1o por el conflicto con los gremios docentes- tambi\u00e9n se acoplar\u00e1 al calendario consensuado.<\/p>\n<p>fuente:www.infobae.com<\/p>\n<\/div>\n<\/div>\n","protected":false},"excerpt":{"rendered":"<div class=\"mh-excerpt\"><p>A poco m\u00e1s de un mes de finalizar el ciclo lectivo 2017, pese a que a\u00fan no se anunci\u00f3 en forma oficial, ya existe un acuerdo sobre los extremos que plantear\u00e1 el calendario escolar del a\u00f1o que viene. Seg\u00fan supo\u00a0Infobae, las distintas jurisdicciones, a excepci\u00f3n de San Luis y Santa Cruz,\u00a0consensuaron comenzar las clases el 5 de marzo y terminarlas el 14 de diciembre. Luego, cada distrito tiene cierto margen de maniobra para definir, por caso, los d\u00edas que comprender\u00e1 su receso invernal a desarrollar en julio. Asimismo, como es habitual, la semana t\u00edpica de desfase entre los distintos niveles <a class=\"mh-excerpt-more\" href=\"http:\/\/dsrmedios.com.ar\/diario\/archivos\/2484\" title=\"C\u00f3mo ser\u00e1 el calendario escolar en la provincia para el a\u00f1o 2018\">[Leer m\u00e1s]<\/a><\/p>\n<\/div>","protected":false},"author":5,"featured_media":2485,"comment_status":"open","ping_status":"closed","sticky":false,"template":"","format":"standard","meta":{"_jetpack_newsletter_access":""},"categories":[2,18],"tags":[],"jetpack_featured_media_url":"http:\/\/dsrmedios.com.ar\/diario\/wp-content\/uploads\/2017\/11\/escuelala.jpg","jetpack_sharing_enabled":true,"jetpack_shortlink":"https:\/\/wp.me\/p9fihK-E4","_links":{"self":[{"href":"http:\/\/dsrmedios.com.ar\/diario\/wp-json\/wp\/v2\/posts\/2484"}],"collection":[{"href":"http:\/\/dsrmedios.com.ar\/diario\/wp-json\/wp\/v2\/posts"}],"about":[{"href":"http:\/\/dsrmedios.com.ar\/diario\/wp-json\/wp\/v2\/types\/post"}],"author":[{"embeddable":true,"href":"http:\/\/dsrmedios.com.ar\/diario\/wp-json\/wp\/v2\/users\/5"}],"replies":[{"embeddable":true,"href":"http:\/\/dsrmedios.com.ar\/diario\/wp-json\/wp\/v2\/comments?post=2484"}],"version-history":[{"count":1,"href":"http:\/\/dsrmedios.com.ar\/diario\/wp-json\/wp\/v2\/posts\/2484\/revisions"}],"predecessor-version":[{"id":2486,"href":"http:\/\/dsrmedios.com.ar\/diario\/wp-json\/wp\/v2\/posts\/2484\/revisions\/2486"}],"wp:featuredmedia":[{"embeddable":true,"href":"http:\/\/dsrmedios.com.ar\/diario\/wp-json\/wp\/v2\/media\/2485"}],"wp:attachment":[{"href":"http:\/\/dsrmedios.com.ar\/diario\/wp-json\/wp\/v2\/media?parent=2484"}],"wp:term":[{"taxonomy":"category","embeddable":true,"href":"http:\/\/dsrmedios.com.ar\/diario\/wp-json\/wp\/v2\/categories?post=2484"},{"taxonomy":"post_tag","embeddable":true,"href":"http:\/\/dsrmedios.com.ar\/diario\/wp-json\/wp\/v2\/tags?post=2484"}],"curies":[{"name":"wp","href":"https:\/\/api.w.org\/{rel}","templated":true}]}}