{"id":2467,"date":"2017-11-15T09:58:01","date_gmt":"2017-11-15T12:58:01","guid":{"rendered":"http:\/\/dsrmedios.com.ar\/diario\/?p=2467"},"modified":"2017-11-15T09:58:01","modified_gmt":"2017-11-15T12:58:01","slug":"sancionaron-el-presupuesto-bonaerense-y-la-ley-impositiva-de-la-provincia","status":"publish","type":"post","link":"http:\/\/dsrmedios.com.ar\/diario\/archivos\/2467","title":{"rendered":"Sancionaron el Presupuesto Bonaerense y la Ley Impositiva de la Provincia"},"content":{"rendered":"<p>La Legislatura bonaerense sancion\u00f3 este\u00a0 martes\u00a0el Presupuesto bonaerense, la ley impositiva para 2018 y el llamado Pacto de Responsabilidad Fiscal Municipal, en primer t\u00e9rmino por la\u00a0C\u00e1mara de \u00a0Diputados de la Provincia para posteriormente dar aval al\u00a0Senado para su sanci\u00f3n definitiva.<\/p>\n<p>Lo mismo ocurri\u00f3 con el proyecto que fija un nuevo tope al gasto legislativo. Con la firma del titular del cuerpo y avalado por diputados de otros bloques pol\u00edticos, la norma determina que el total \u00a0de gastos sea bajado del 1,5 actual al 1,2 por ciento del presupuesto provincial. Significa un ahorro de 2500 millones de pesos. Adem\u00e1s se sancion\u00f3 en ley el presupuesto del Senado con la misma reducci\u00f3n.<\/p>\n<p>La norma, \u00a0girada tambi\u00e9n al Senado, lleva tambi\u00e9n las firmas de Ramiro Guti\u00e9rrez (Frente Renovador), Marisol Merquel, Juan Cheppi y Roc\u00edo Giaccone, (bloque FPV), Marcelo D\u00edaz( GEN), Mar\u00eda Alejandra Mart\u00ednez (FPV-PJ), Hern\u00e1n Doval ( Peronismo para la Victoria, y Mar\u00edo Giaccobe (Justicialismo Bonaerense, adem\u00e1s del jefe de la bancada de Cambiemos, Jorge Silvestre.<\/p>\n<p>Respecto de la llamada \u201cley de leyes\u201d, para Mosca, es\u00a0 el presupuesto m\u00e1s \u201cprogresista de los \u00faltimos a\u00f1os, porque incrementa la inversi\u00f3n en obra p\u00fablica, reduce el d\u00e9ficit\u00a0 y la presi\u00f3n tributaria para actividades productivas, con el fin de crear empleo genuino\u201d.<\/p>\n<p>\u201cComo lo pidi\u00f3 la gobernadora Mar\u00eda Eugenia Vidal, podemos hacer m\u00e1s obras reformulando la calidad del gasto y trabajando en conjunto con la oposici\u00f3n. Seguimos apostando a los que menos tienen y por ello el sentido del aumento del 33 por ciento en los programas sociales\u201d, destac\u00f3 tambi\u00e9n el presidente de la C\u00e1mara baja bonaerense.<\/p>\n<p>Luego de negociaciones en las que participaron todos los sectores pol\u00edticos, incluidos jefes municipales de diversos distritos, dirigentes rurales, entre otros, que intercambiaron opiniones \u00a0con legisladores y ministros del Poder Ejecutivo, se incorporaron modificaciones al proyecto original.<\/p>\n<p>Fuente:www.aninoticias.com.ar<\/p>\n","protected":false},"excerpt":{"rendered":"<div class=\"mh-excerpt\"><p>La Legislatura bonaerense sancion\u00f3 este\u00a0 martes\u00a0el Presupuesto bonaerense, la ley impositiva para 2018 y el llamado Pacto de Responsabilidad Fiscal Municipal, en primer t\u00e9rmino por la\u00a0C\u00e1mara de \u00a0Diputados de la Provincia para posteriormente dar aval al\u00a0Senado para su sanci\u00f3n definitiva. Lo mismo ocurri\u00f3 con el proyecto que fija un nuevo tope al gasto legislativo. Con la firma del titular del cuerpo y avalado por diputados de otros bloques pol\u00edticos, la norma determina que el total \u00a0de gastos sea bajado del 1,5 actual al 1,2 por ciento del presupuesto provincial. Significa un ahorro de 2500 millones de pesos. Adem\u00e1s se sancion\u00f3 <a class=\"mh-excerpt-more\" href=\"http:\/\/dsrmedios.com.ar\/diario\/archivos\/2467\" title=\"Sancionaron el Presupuesto Bonaerense y la Ley Impositiva de la Provincia\">[Leer m\u00e1s]<\/a><\/p>\n<\/div>","protected":false},"author":5,"featured_media":1968,"comment_status":"open","ping_status":"closed","sticky":false,"template":"","format":"standard","meta":{"_jetpack_newsletter_access":""},"categories":[18],"tags":[],"jetpack_featured_media_url":"http:\/\/dsrmedios.com.ar\/diario\/wp-content\/uploads\/2017\/10\/legisla.jpg","jetpack_sharing_enabled":true,"jetpack_shortlink":"https:\/\/wp.me\/p9fihK-DN","_links":{"self":[{"href":"http:\/\/dsrmedios.com.ar\/diario\/wp-json\/wp\/v2\/posts\/2467"}],"collection":[{"href":"http:\/\/dsrmedios.com.ar\/diario\/wp-json\/wp\/v2\/posts"}],"about":[{"href":"http:\/\/dsrmedios.com.ar\/diario\/wp-json\/wp\/v2\/types\/post"}],"author":[{"embeddable":true,"href":"http:\/\/dsrmedios.com.ar\/diario\/wp-json\/wp\/v2\/users\/5"}],"replies":[{"embeddable":true,"href":"http:\/\/dsrmedios.com.ar\/diario\/wp-json\/wp\/v2\/comments?post=2467"}],"version-history":[{"count":1,"href":"http:\/\/dsrmedios.com.ar\/diario\/wp-json\/wp\/v2\/posts\/2467\/revisions"}],"predecessor-version":[{"id":2468,"href":"http:\/\/dsrmedios.com.ar\/diario\/wp-json\/wp\/v2\/posts\/2467\/revisions\/2468"}],"wp:featuredmedia":[{"embeddable":true,"href":"http:\/\/dsrmedios.com.ar\/diario\/wp-json\/wp\/v2\/media\/1968"}],"wp:attachment":[{"href":"http:\/\/dsrmedios.com.ar\/diario\/wp-json\/wp\/v2\/media?parent=2467"}],"wp:term":[{"taxonomy":"category","embeddable":true,"href":"http:\/\/dsrmedios.com.ar\/diario\/wp-json\/wp\/v2\/categories?post=2467"},{"taxonomy":"post_tag","embeddable":true,"href":"http:\/\/dsrmedios.com.ar\/diario\/wp-json\/wp\/v2\/tags?post=2467"}],"curies":[{"name":"wp","href":"https:\/\/api.w.org\/{rel}","templated":true}]}}