{"id":2453,"date":"2017-11-14T08:56:30","date_gmt":"2017-11-14T11:56:30","guid":{"rendered":"http:\/\/dsrmedios.com.ar\/diario\/?p=2453"},"modified":"2017-11-14T08:56:52","modified_gmt":"2017-11-14T11:56:52","slug":"el-domingo-se-desarrollo-la-feria-multiespacio-recrearte-en-la-escuela-media-2-de-carhue","status":"publish","type":"post","link":"http:\/\/dsrmedios.com.ar\/diario\/archivos\/2453","title":{"rendered":"El domingo se desarroll\u00f3 la Feria Multiespacio &#8220;Recrearte&#8221; en la Escuela Media 2 de Carhu\u00e9"},"content":{"rendered":"<p>EN las instalaciones de la Escuela Media de nuestra ciudad se llev\u00f3 a cabo la Feria Multiespacio &#8220;Recrearte&#8221; en el transcurso de la cual se presentaron diversas propuestas locales con un marco interesante de p\u00fablico que acompa\u00f1\u00f3 la propuesta.<\/p>\n<p>Fotograf\u00edas de Daiana Castro<\/p>\n<p><a href=\"http:\/\/dsrmedios.com.ar\/diario\/wp-content\/uploads\/2017\/11\/feria1.jpg\"><img decoding=\"async\" loading=\"lazy\" class=\"aligncenter size-full wp-image-2455\" src=\"http:\/\/dsrmedios.com.ar\/diario\/wp-content\/uploads\/2017\/11\/feria1.jpg\" alt=\"\" width=\"960\" height=\"640\" srcset=\"http:\/\/dsrmedios.com.ar\/diario\/wp-content\/uploads\/2017\/11\/feria1.jpg 960w, http:\/\/dsrmedios.com.ar\/diario\/wp-content\/uploads\/2017\/11\/feria1-300x200.jpg 300w, http:\/\/dsrmedios.com.ar\/diario\/wp-content\/uploads\/2017\/11\/feria1-768x512.jpg 768w\" sizes=\"(max-width: 960px) 100vw, 960px\" \/><\/a> <a href=\"http:\/\/dsrmedios.com.ar\/diario\/wp-content\/uploads\/2017\/11\/feria3.jpg\"><img decoding=\"async\" loading=\"lazy\" class=\"aligncenter size-full wp-image-2456\" src=\"http:\/\/dsrmedios.com.ar\/diario\/wp-content\/uploads\/2017\/11\/feria3.jpg\" alt=\"\" width=\"960\" height=\"640\" srcset=\"http:\/\/dsrmedios.com.ar\/diario\/wp-content\/uploads\/2017\/11\/feria3.jpg 960w, http:\/\/dsrmedios.com.ar\/diario\/wp-content\/uploads\/2017\/11\/feria3-300x200.jpg 300w, http:\/\/dsrmedios.com.ar\/diario\/wp-content\/uploads\/2017\/11\/feria3-768x512.jpg 768w\" sizes=\"(max-width: 960px) 100vw, 960px\" \/><\/a><\/p>\n","protected":false},"excerpt":{"rendered":"<div class=\"mh-excerpt\"><p>EN las instalaciones de la Escuela Media de nuestra ciudad se llev\u00f3 a cabo la Feria Multiespacio &#8220;Recrearte&#8221; en el transcurso de la cual se presentaron diversas propuestas locales con un marco interesante de p\u00fablico que acompa\u00f1\u00f3 la propuesta. Fotograf\u00edas de Daiana Castro<\/p>\n<\/div>","protected":false},"author":5,"featured_media":2454,"comment_status":"open","ping_status":"closed","sticky":false,"template":"","format":"standard","meta":{"_jetpack_newsletter_access":""},"categories":[2,18],"tags":[],"jetpack_featured_media_url":"http:\/\/dsrmedios.com.ar\/diario\/wp-content\/uploads\/2017\/11\/feria2.jpg","jetpack_sharing_enabled":true,"jetpack_shortlink":"https:\/\/wp.me\/p9fihK-Dz","_links":{"self":[{"href":"http:\/\/dsrmedios.com.ar\/diario\/wp-json\/wp\/v2\/posts\/2453"}],"collection":[{"href":"http:\/\/dsrmedios.com.ar\/diario\/wp-json\/wp\/v2\/posts"}],"about":[{"href":"http:\/\/dsrmedios.com.ar\/diario\/wp-json\/wp\/v2\/types\/post"}],"author":[{"embeddable":true,"href":"http:\/\/dsrmedios.com.ar\/diario\/wp-json\/wp\/v2\/users\/5"}],"replies":[{"embeddable":true,"href":"http:\/\/dsrmedios.com.ar\/diario\/wp-json\/wp\/v2\/comments?post=2453"}],"version-history":[{"count":2,"href":"http:\/\/dsrmedios.com.ar\/diario\/wp-json\/wp\/v2\/posts\/2453\/revisions"}],"predecessor-version":[{"id":2458,"href":"http:\/\/dsrmedios.com.ar\/diario\/wp-json\/wp\/v2\/posts\/2453\/revisions\/2458"}],"wp:featuredmedia":[{"embeddable":true,"href":"http:\/\/dsrmedios.com.ar\/diario\/wp-json\/wp\/v2\/media\/2454"}],"wp:attachment":[{"href":"http:\/\/dsrmedios.com.ar\/diario\/wp-json\/wp\/v2\/media?parent=2453"}],"wp:term":[{"taxonomy":"category","embeddable":true,"href":"http:\/\/dsrmedios.com.ar\/diario\/wp-json\/wp\/v2\/categories?post=2453"},{"taxonomy":"post_tag","embeddable":true,"href":"http:\/\/dsrmedios.com.ar\/diario\/wp-json\/wp\/v2\/tags?post=2453"}],"curies":[{"name":"wp","href":"https:\/\/api.w.org\/{rel}","templated":true}]}}