{"id":2448,"date":"2017-11-14T08:30:31","date_gmt":"2017-11-14T11:30:31","guid":{"rendered":"http:\/\/dsrmedios.com.ar\/diario\/?p=2448"},"modified":"2017-11-14T08:30:31","modified_gmt":"2017-11-14T11:30:31","slug":"arte-vive-tuvo-cierre-anual-en-al-centro-cultural-israelita-de-rivera","status":"publish","type":"post","link":"http:\/\/dsrmedios.com.ar\/diario\/archivos\/2448","title":{"rendered":"Arte Vive tuvo cierre anual en al Centro Cultural Israelita de Rivera"},"content":{"rendered":"<p>Se realiz\u00f3 en el Centro Cultural Israelita de la vecina localuidad de Rivera\u00a0el gran cierre del programa cultural \u201cArte Vive\u201d. Una jornada que contuvo todos los ritmos musicales con el protagonismo de ni\u00f1os, adolescentes y jovenes de esa comunidad.<br \/>\nTambi\u00e9n se pudo disfrutar del taller de Telar, taller de Mosaiquismo, muestra de cuadros y talleres de piano, guitarra, canto, percusi\u00f3n, bater\u00eda, acorde\u00f3n e iniciaci\u00f3n musical donde se presentaron alumnos infantiles, adolescentes y adultos.<\/p>\n<p><a href=\"http:\/\/dsrmedios.com.ar\/diario\/wp-content\/uploads\/2017\/11\/artec3.jpg\"><img decoding=\"async\" loading=\"lazy\" class=\"aligncenter size-full wp-image-2447\" src=\"http:\/\/dsrmedios.com.ar\/diario\/wp-content\/uploads\/2017\/11\/artec3.jpg\" alt=\"\" width=\"1296\" height=\"864\" srcset=\"http:\/\/dsrmedios.com.ar\/diario\/wp-content\/uploads\/2017\/11\/artec3.jpg 1296w, http:\/\/dsrmedios.com.ar\/diario\/wp-content\/uploads\/2017\/11\/artec3-300x200.jpg 300w, http:\/\/dsrmedios.com.ar\/diario\/wp-content\/uploads\/2017\/11\/artec3-768x512.jpg 768w, http:\/\/dsrmedios.com.ar\/diario\/wp-content\/uploads\/2017\/11\/artec3-1024x683.jpg 1024w\" sizes=\"(max-width: 1296px) 100vw, 1296px\" \/><\/a> <a href=\"http:\/\/dsrmedios.com.ar\/diario\/wp-content\/uploads\/2017\/11\/artec2.jpg\"><img decoding=\"async\" loading=\"lazy\" class=\"aligncenter size-full wp-image-2446\" src=\"http:\/\/dsrmedios.com.ar\/diario\/wp-content\/uploads\/2017\/11\/artec2.jpg\" alt=\"\" width=\"1296\" height=\"864\" srcset=\"http:\/\/dsrmedios.com.ar\/diario\/wp-content\/uploads\/2017\/11\/artec2.jpg 1296w, http:\/\/dsrmedios.com.ar\/diario\/wp-content\/uploads\/2017\/11\/artec2-300x200.jpg 300w, http:\/\/dsrmedios.com.ar\/diario\/wp-content\/uploads\/2017\/11\/artec2-768x512.jpg 768w, http:\/\/dsrmedios.com.ar\/diario\/wp-content\/uploads\/2017\/11\/artec2-1024x683.jpg 1024w\" sizes=\"(max-width: 1296px) 100vw, 1296px\" \/><\/a> <a href=\"http:\/\/dsrmedios.com.ar\/diario\/wp-content\/uploads\/2017\/11\/artec.jpg\"><img decoding=\"async\" loading=\"lazy\" class=\"aligncenter size-full wp-image-2445\" src=\"http:\/\/dsrmedios.com.ar\/diario\/wp-content\/uploads\/2017\/11\/artec.jpg\" alt=\"\" width=\"1296\" height=\"864\" srcset=\"http:\/\/dsrmedios.com.ar\/diario\/wp-content\/uploads\/2017\/11\/artec.jpg 1296w, http:\/\/dsrmedios.com.ar\/diario\/wp-content\/uploads\/2017\/11\/artec-300x200.jpg 300w, http:\/\/dsrmedios.com.ar\/diario\/wp-content\/uploads\/2017\/11\/artec-768x512.jpg 768w, http:\/\/dsrmedios.com.ar\/diario\/wp-content\/uploads\/2017\/11\/artec-1024x683.jpg 1024w\" sizes=\"(max-width: 1296px) 100vw, 1296px\" \/><\/a><\/p>\n","protected":false},"excerpt":{"rendered":"<div class=\"mh-excerpt\"><p>Se realiz\u00f3 en el Centro Cultural Israelita de la vecina localuidad de Rivera\u00a0el gran cierre del programa cultural \u201cArte Vive\u201d. Una jornada que contuvo todos los ritmos musicales con el protagonismo de ni\u00f1os, adolescentes y jovenes de esa comunidad. Tambi\u00e9n se pudo disfrutar del taller de Telar, taller de Mosaiquismo, muestra de cuadros y talleres de piano, guitarra, canto, percusi\u00f3n, bater\u00eda, acorde\u00f3n e iniciaci\u00f3n musical donde se presentaron alumnos infantiles, adolescentes y adultos.<\/p>\n<\/div>","protected":false},"author":5,"featured_media":2444,"comment_status":"open","ping_status":"closed","sticky":false,"template":"","format":"standard","meta":{"_jetpack_newsletter_access":""},"categories":[2,18],"tags":[],"jetpack_featured_media_url":"http:\/\/dsrmedios.com.ar\/diario\/wp-content\/uploads\/2017\/11\/arcv.jpg","jetpack_sharing_enabled":true,"jetpack_shortlink":"https:\/\/wp.me\/p9fihK-Du","_links":{"self":[{"href":"http:\/\/dsrmedios.com.ar\/diario\/wp-json\/wp\/v2\/posts\/2448"}],"collection":[{"href":"http:\/\/dsrmedios.com.ar\/diario\/wp-json\/wp\/v2\/posts"}],"about":[{"href":"http:\/\/dsrmedios.com.ar\/diario\/wp-json\/wp\/v2\/types\/post"}],"author":[{"embeddable":true,"href":"http:\/\/dsrmedios.com.ar\/diario\/wp-json\/wp\/v2\/users\/5"}],"replies":[{"embeddable":true,"href":"http:\/\/dsrmedios.com.ar\/diario\/wp-json\/wp\/v2\/comments?post=2448"}],"version-history":[{"count":1,"href":"http:\/\/dsrmedios.com.ar\/diario\/wp-json\/wp\/v2\/posts\/2448\/revisions"}],"predecessor-version":[{"id":2449,"href":"http:\/\/dsrmedios.com.ar\/diario\/wp-json\/wp\/v2\/posts\/2448\/revisions\/2449"}],"wp:featuredmedia":[{"embeddable":true,"href":"http:\/\/dsrmedios.com.ar\/diario\/wp-json\/wp\/v2\/media\/2444"}],"wp:attachment":[{"href":"http:\/\/dsrmedios.com.ar\/diario\/wp-json\/wp\/v2\/media?parent=2448"}],"wp:term":[{"taxonomy":"category","embeddable":true,"href":"http:\/\/dsrmedios.com.ar\/diario\/wp-json\/wp\/v2\/categories?post=2448"},{"taxonomy":"post_tag","embeddable":true,"href":"http:\/\/dsrmedios.com.ar\/diario\/wp-json\/wp\/v2\/tags?post=2448"}],"curies":[{"name":"wp","href":"https:\/\/api.w.org\/{rel}","templated":true}]}}