{"id":2412,"date":"2017-11-13T08:58:16","date_gmt":"2017-11-13T11:58:16","guid":{"rendered":"http:\/\/dsrmedios.com.ar\/diario\/?p=2412"},"modified":"2017-11-13T08:58:16","modified_gmt":"2017-11-13T11:58:16","slug":"se-reunira-en-sesion-ordinaria-el-concejo-deliberante-el-proximo-15-de-noviembre","status":"publish","type":"post","link":"http:\/\/dsrmedios.com.ar\/diario\/archivos\/2412","title":{"rendered":"Se reunir\u00e1 en Sesi\u00f3n Ordinaria el Concejo Deliberante el pr\u00f3ximo 15 de Noviembre"},"content":{"rendered":"<p>El Honorable Concejo Deliberante relizar\u00e1 la pr\u00f3xima reuni\u00f3n\u00a0 Ordinaria el pr\u00f3ximo mi\u00e9rcoles 15 de Noviembre con el siguiente \u00f3rden del d\u00eda:<\/p>\n<p><strong><u>Orden del D\u00eda<\/u><\/strong><\/p>\n<p><strong><u>\u00a0<\/u><\/strong><\/p>\n<p><strong><u>Punto 1\u00ba<\/u><\/strong><u>.-<\/u> Aprobaci\u00f3n de las Actas N\u00ba\u00a0 44 y 45.<\/p>\n<p><strong><u>Punto 2\u00ba<\/u><\/strong><u>.-<\/u> Expte. N\u00ba 7893\/17, Proyecto de Ordenanza autorizando al Departamento Ejecutivo a la firma de un Convenio Marco para la implementaci\u00f3n de acciones en materia de Seguridad Vial.<\/p>\n<p><strong><u>Punto 3\u00ba<\/u><\/strong><u>.-<\/u> Expte. N\u00ba 7894\/17, Departamento Ejecutivo remite Proyecto de Ordenanza para la Convalidaci\u00f3n de un Contrato de Comodato para recibir en forma gratuita un alcohol\u00edmetro.<\/p>\n<p><strong><u>Punto 4\u00ba<\/u><\/strong><u>.-<\/u> Expte. N\u00ba 7895\/17, Departamento Ejecutivo remite Proyecto de Ordenanza autorizando a incorporar al Programa \u201cLotes con Servicios\u201d a las parcelas donde se construir\u00e1n viviendas de la Caja de Retiros, Jubilaciones y Pensiones de la Polic\u00eda de la Provincia de Buenos Aires, declarando de Inter\u00e9s Social la Escrituraci\u00f3n de los mismos.<\/p>\n<p><strong><u>Punto 5\u00ba<\/u><\/strong><u>.-<\/u> Expte. N\u00ba 7896\/17, Departamento Ejecutivo remite Proyecto de Ordenanza referida a la Regularizaci\u00f3n Dominial de la Vivienda N\u00ba 80 del Plan Solidaridad I de Carhu\u00e9 a favor de Fino Oscar Alfredo y Dotta Vanina Temis.<\/p>\n<p><strong><u>Punto 6\u00ba<\/u><\/strong><u>.-<\/u> Expte. N\u00ba 7897\/17, Departamento Ejecutivo remite Proyecto de Ordenanza Convali-dando el Convenio Marco para instrumentar\u00a0 en el Distrito el \u201csistema \u00danico de Administraci\u00f3n de Infracciones de Tr\u00e1nsito Provincial\u201d (S.A.C.I.T.), generando acciones en materia de Seguridad Vial.<\/p>\n<p><strong><u>Punto 7\u00ba<\/u><\/strong><u>.-<\/u> Expte. N\u00ba 7898\/17, Departamento Ejecutivo remite Proyecto de Ordenanza eximici\u00f3n de Tasas Municipales 2.018.<\/p>\n<p><strong><u>Punto 8\u00ba<\/u><\/strong><u>.-<\/u> Expte. N\u00ba 7899\/17, Departamento Ejecutivo remite Proyecto de Ordenanza prorrogando hasta el 31 de diciembre de 2.018 el Programa Municipal de Empleo (PROME), y solicitando ampliaci\u00f3n del n\u00famero de pasantes.<\/p>\n<p><strong><u>Punto 9\u00ba<\/u><\/strong><u>.-<\/u> Expte. N\u00ba 7900\/17, Departamento Ejecutivo remite Proyecto de Ordenanza de bonificaci\u00f3n No Remunerativa del 30% para el Personal de Planta Permanente y Mensualizado de la Municipalidad desde el 1 de enero y hasta el 31 de diciembre de 2.018<strong>\u00a0<\/strong><\/p>\n<p><strong><u>Punto 10\u00ba<\/u><\/strong><u>.-<\/u> Expte. N\u00ba 7901\/17, prorroga de Sesiones Ordinarias hasta el 15 de diciembre de 2.017.<strong>\u00a0<\/strong><\/p>\n<p><strong><u>Punto 11<\/u><\/strong><u>.-<\/u> Expte. N\u00ba 7903\/17, Departamento Ejecutivo remite Proyecto de Ordenanza solicitando autorizaci\u00f3n a la firma de un Convenio para el \u201cAcondicionamiento de Planta de Residuos Cloacales en Carhu\u00e9\u201d.<\/p>\n<p><strong><u>Punto 12\u00ba<\/u><\/strong><u>.-<\/u> Expte. N\u00ba 7904\/17, Departamento Ejecutivo remite Proyecto de Ordenanza afectando terrenos municipales al Plan \u201cFamilia Propietaria\u201d.<\/p>\n<p>(Corresponde a la Sesi\u00f3n Ordinaria del 15 de noviembre de 2.017)<strong><u>\u00a0<\/u><\/strong><\/p>\n<p><strong><u>Punto 13\u00ba<\/u><\/strong><u>.-<\/u> Expte. N\u00ba 7905\/17, Departamento Ejecutivo remite Proyecto de Ordenanza modificando ramblas de la calle 25 de Mayo, entre Pueyrred\u00f3n y Pringles.<\/p>\n<p><strong><u>Punto 14\u00ba<\/u><\/strong><u>.-<\/u> Expte. N\u00ba 7906\/17, Departamento Ejecutivo remite Proyecto de Ordenanza venta de terrenos municipales a adjudicatarios del Plan Familia Propietaria de Villa Maza.<\/p>\n<p><strong><u>Punto 15\u00ba<\/u><\/strong><u>.-<\/u> Expte. N\u00ba 7909\/17, Departamento Ejecutivo remite Proyecto de Ordenanza conva-lidando Convenio para promover el Programa \u201cResponsabilidad Social Compartida ENVI\u00d3N\u201d<\/p>\n<p><strong><u>Punto 16\u00ba.-<\/u><\/strong> Expte. N\u00ba 7910\/17, Departamento Ejecutivo remite Proyecto de Ordenanza que procede a la Consolidaci\u00f3n Normativa para la elaboraci\u00f3n del \u201cDigesto Jur\u00eddico de la Municipalidad de Adolfo Alsina\u201d.<\/p>\n<p><strong><u>Punto 17.-<\/u><\/strong> Expte. N\u00ba 7911\/17, Departamento Ejecutivo remite Proyecto de Ordenanza autorizando al Se\u00f1or Mauro Ceferino Ovieta\u00a0 a emplazar carro gastron\u00f3mico en la Costa del Lago Epecu\u00e9n.<\/p>\n<p><strong><u>Punto 18\u00ba<\/u><\/strong><u>.-<\/u> Despachos de Comisi\u00f3n.<\/p>\n<p><strong><u>Punto 19\u00ba<\/u><\/strong><u>.-<\/u> Inquietudes de los Bloques.<\/p>\n<p><strong><u>Punto 20\u00ba<\/u><\/strong><u>.-<\/u> Correspondencia.<\/p>\n<p>&nbsp;<\/p>\n<p>&nbsp;<\/p>\n<p>&nbsp;<\/p>\n<p>&nbsp;<\/p>\n<p>&nbsp;<\/p>\n<p>Facundo Oscar Montenegro<\/p>\n<p>Presidente<\/p>\n<p>Honorable Concejo Deliberante<\/p>\n<p>&nbsp;<\/p>\n<p>&nbsp;<\/p>\n","protected":false},"excerpt":{"rendered":"<div class=\"mh-excerpt\"><p>El Honorable Concejo Deliberante relizar\u00e1 la pr\u00f3xima reuni\u00f3n\u00a0 Ordinaria el pr\u00f3ximo mi\u00e9rcoles 15 de Noviembre con el siguiente \u00f3rden del d\u00eda: Orden del D\u00eda \u00a0 Punto 1\u00ba.- Aprobaci\u00f3n de las Actas N\u00ba\u00a0 44 y 45. Punto 2\u00ba.- Expte. N\u00ba 7893\/17, Proyecto de Ordenanza autorizando al Departamento Ejecutivo a la firma de un Convenio Marco para la implementaci\u00f3n de acciones en materia de Seguridad Vial. Punto 3\u00ba.- Expte. N\u00ba 7894\/17, Departamento Ejecutivo remite Proyecto de Ordenanza para la Convalidaci\u00f3n de un Contrato de Comodato para recibir en forma gratuita un alcohol\u00edmetro. Punto 4\u00ba.- Expte. N\u00ba 7895\/17, Departamento Ejecutivo remite Proyecto de <a class=\"mh-excerpt-more\" href=\"http:\/\/dsrmedios.com.ar\/diario\/archivos\/2412\" title=\"Se reunir\u00e1 en Sesi\u00f3n Ordinaria el Concejo Deliberante el pr\u00f3ximo 15 de Noviembre\">[Leer m\u00e1s]<\/a><\/p>\n<\/div>","protected":false},"author":5,"featured_media":2413,"comment_status":"open","ping_status":"closed","sticky":false,"template":"","format":"standard","meta":{"_jetpack_newsletter_access":""},"categories":[18],"tags":[],"jetpack_featured_media_url":"http:\/\/dsrmedios.com.ar\/diario\/wp-content\/uploads\/2017\/11\/recintoi.jpg","jetpack_sharing_enabled":true,"jetpack_shortlink":"https:\/\/wp.me\/p9fihK-CU","_links":{"self":[{"href":"http:\/\/dsrmedios.com.ar\/diario\/wp-json\/wp\/v2\/posts\/2412"}],"collection":[{"href":"http:\/\/dsrmedios.com.ar\/diario\/wp-json\/wp\/v2\/posts"}],"about":[{"href":"http:\/\/dsrmedios.com.ar\/diario\/wp-json\/wp\/v2\/types\/post"}],"author":[{"embeddable":true,"href":"http:\/\/dsrmedios.com.ar\/diario\/wp-json\/wp\/v2\/users\/5"}],"replies":[{"embeddable":true,"href":"http:\/\/dsrmedios.com.ar\/diario\/wp-json\/wp\/v2\/comments?post=2412"}],"version-history":[{"count":1,"href":"http:\/\/dsrmedios.com.ar\/diario\/wp-json\/wp\/v2\/posts\/2412\/revisions"}],"predecessor-version":[{"id":2414,"href":"http:\/\/dsrmedios.com.ar\/diario\/wp-json\/wp\/v2\/posts\/2412\/revisions\/2414"}],"wp:featuredmedia":[{"embeddable":true,"href":"http:\/\/dsrmedios.com.ar\/diario\/wp-json\/wp\/v2\/media\/2413"}],"wp:attachment":[{"href":"http:\/\/dsrmedios.com.ar\/diario\/wp-json\/wp\/v2\/media?parent=2412"}],"wp:term":[{"taxonomy":"category","embeddable":true,"href":"http:\/\/dsrmedios.com.ar\/diario\/wp-json\/wp\/v2\/categories?post=2412"},{"taxonomy":"post_tag","embeddable":true,"href":"http:\/\/dsrmedios.com.ar\/diario\/wp-json\/wp\/v2\/tags?post=2412"}],"curies":[{"name":"wp","href":"https:\/\/api.w.org\/{rel}","templated":true}]}}