{"id":2409,"date":"2017-11-13T08:53:08","date_gmt":"2017-11-13T11:53:08","guid":{"rendered":"http:\/\/dsrmedios.com.ar\/diario\/?p=2409"},"modified":"2017-11-13T08:53:25","modified_gmt":"2017-11-13T11:53:25","slug":"autoridades-municipales-locales-se-reunieron-con-el-ministro-de-educacion-de-la-provincia","status":"publish","type":"post","link":"http:\/\/dsrmedios.com.ar\/diario\/archivos\/2409","title":{"rendered":"Autoridades municipales locales se reunieron con el Ministro de Educaci\u00f3n de la Provincia"},"content":{"rendered":"<p>El Intendente David Hirtz junto a Claudio Kosak, Consejero Escolar del Distrito, participaron de una reuni\u00f3n con Gabriel S\u00e1nchez Zinny, Ministro de Educaci\u00f3n \u00a0de la Provincia e intendentes bonaerenses.<br \/>\nEl objetivo de la reuni\u00f3n realizada en la residencia oficial del Ministro en La Plata, fue conversar sobre la situaci\u00f3n de las escuelas rurales de los diferentes puntos de la Provincia y el lineamiento del Ministerio en relaci\u00f3n a la creaci\u00f3n de nuevos espacios educativos.<br \/>\nTambi\u00e9n se trat\u00f3 la distribuci\u00f3n y asignaci\u00f3n del Fondo Educativo en relaci\u00f3n al Presupuesto 2018. Los Intendentes plantearon las diferentes realidades de las escuelas del interior , del conurbano y La Plata.<br \/>\nEl Intendente David Hirtz junto a sus pares del interior de la Provincia remarcaron la importancia del Fondo Educativo para promover actividades culturales y educativas con los j\u00f3venes que tienen diferentes posibilidades de acceso que quienes viven en el conurbano o en La Plata.<br \/>\n\u201cLos Municipios hemos pedido que haya un gradualismo en esto de modo tal que podamos seguir disponiendo para las ayudas en becas, en asistencias t\u00e9cnicas culturales, en el funcionamiento de los espacios culturales en todo el distrito, en los viajes de estudiantes cuando participan de actividades oficiales como el Parlamento Juvenil, los Juegos Bonaerenses, las competencias matem\u00e1ticas, entre otras.\u201d afirm\u00f3\u00a0Hirtz quien se mostr\u00f3 optimista respecto de las inquietudes y propuestas planteadas.<\/p>\n","protected":false},"excerpt":{"rendered":"<div class=\"mh-excerpt\"><p>El Intendente David Hirtz junto a Claudio Kosak, Consejero Escolar del Distrito, participaron de una reuni\u00f3n con Gabriel S\u00e1nchez Zinny, Ministro de Educaci\u00f3n \u00a0de la Provincia e intendentes bonaerenses. El objetivo de la reuni\u00f3n realizada en la residencia oficial del Ministro en La Plata, fue conversar sobre la situaci\u00f3n de las escuelas rurales de los diferentes puntos de la Provincia y el lineamiento del Ministerio en relaci\u00f3n a la creaci\u00f3n de nuevos espacios educativos. Tambi\u00e9n se trat\u00f3 la distribuci\u00f3n y asignaci\u00f3n del Fondo Educativo en relaci\u00f3n al Presupuesto 2018. Los Intendentes plantearon las diferentes realidades de las escuelas del interior <a class=\"mh-excerpt-more\" href=\"http:\/\/dsrmedios.com.ar\/diario\/archivos\/2409\" title=\"Autoridades municipales locales se reunieron con el Ministro de Educaci\u00f3n de la Provincia\">[Leer m\u00e1s]<\/a><\/p>\n<\/div>","protected":false},"author":5,"featured_media":2410,"comment_status":"open","ping_status":"closed","sticky":false,"template":"","format":"standard","meta":{"_jetpack_newsletter_access":""},"categories":[18,5],"tags":[],"jetpack_featured_media_url":"http:\/\/dsrmedios.com.ar\/diario\/wp-content\/uploads\/2017\/11\/ministropedu.jpg","jetpack_sharing_enabled":true,"jetpack_shortlink":"https:\/\/wp.me\/p9fihK-CR","_links":{"self":[{"href":"http:\/\/dsrmedios.com.ar\/diario\/wp-json\/wp\/v2\/posts\/2409"}],"collection":[{"href":"http:\/\/dsrmedios.com.ar\/diario\/wp-json\/wp\/v2\/posts"}],"about":[{"href":"http:\/\/dsrmedios.com.ar\/diario\/wp-json\/wp\/v2\/types\/post"}],"author":[{"embeddable":true,"href":"http:\/\/dsrmedios.com.ar\/diario\/wp-json\/wp\/v2\/users\/5"}],"replies":[{"embeddable":true,"href":"http:\/\/dsrmedios.com.ar\/diario\/wp-json\/wp\/v2\/comments?post=2409"}],"version-history":[{"count":1,"href":"http:\/\/dsrmedios.com.ar\/diario\/wp-json\/wp\/v2\/posts\/2409\/revisions"}],"predecessor-version":[{"id":2411,"href":"http:\/\/dsrmedios.com.ar\/diario\/wp-json\/wp\/v2\/posts\/2409\/revisions\/2411"}],"wp:featuredmedia":[{"embeddable":true,"href":"http:\/\/dsrmedios.com.ar\/diario\/wp-json\/wp\/v2\/media\/2410"}],"wp:attachment":[{"href":"http:\/\/dsrmedios.com.ar\/diario\/wp-json\/wp\/v2\/media?parent=2409"}],"wp:term":[{"taxonomy":"category","embeddable":true,"href":"http:\/\/dsrmedios.com.ar\/diario\/wp-json\/wp\/v2\/categories?post=2409"},{"taxonomy":"post_tag","embeddable":true,"href":"http:\/\/dsrmedios.com.ar\/diario\/wp-json\/wp\/v2\/tags?post=2409"}],"curies":[{"name":"wp","href":"https:\/\/api.w.org\/{rel}","templated":true}]}}