{"id":2374,"date":"2017-11-10T09:14:14","date_gmt":"2017-11-10T12:14:14","guid":{"rendered":"http:\/\/dsrmedios.com.ar\/diario\/?p=2374"},"modified":"2017-11-10T09:14:14","modified_gmt":"2017-11-10T12:14:14","slug":"se-conmemora-hoy-el-dia-de-la-tradicion-en-nuestra-ciudad-a-partir-de-las-10-hs","status":"publish","type":"post","link":"http:\/\/dsrmedios.com.ar\/diario\/archivos\/2374","title":{"rendered":"Se conmemora hoy el D\u00eda de la Tradici\u00f3n en nuestra ciudad a partir de las 10 hs"},"content":{"rendered":"<p>Hoy Viernes desde las 10:00 Hs en la plaza Gral. Levalle se celebrara el &#8221; D\u00eda de la tradici\u00f3n&#8221; en nuestra ciudad. Hasta las 15:00 hs habr\u00e1 diferentes actividades y espect\u00e1culos para acercarnos a nuestras ra\u00edces. Se presentar\u00e1 la\u00a0Pe\u00f1a Municipal La Fortinera y el grupo de bombos.<\/p>\n<div class=\"text_exposed_show\">\n<p>&nbsp;<\/p>\n<\/div>\n","protected":false},"excerpt":{"rendered":"<div class=\"mh-excerpt\"><p>Hoy Viernes desde las 10:00 Hs en la plaza Gral. Levalle se celebrara el &#8221; D\u00eda de la tradici\u00f3n&#8221; en nuestra ciudad. Hasta las 15:00 hs habr\u00e1 diferentes actividades y espect\u00e1culos para acercarnos a nuestras ra\u00edces. Se presentar\u00e1 la\u00a0Pe\u00f1a Municipal La Fortinera y el grupo de bombos. &nbsp;<\/p>\n<\/div>","protected":false},"author":5,"featured_media":2375,"comment_status":"open","ping_status":"closed","sticky":false,"template":"","format":"standard","meta":{"_jetpack_newsletter_access":""},"categories":[2,18],"tags":[],"jetpack_featured_media_url":"http:\/\/dsrmedios.com.ar\/diario\/wp-content\/uploads\/2017\/11\/lafortinera1.jpg","jetpack_sharing_enabled":true,"jetpack_shortlink":"https:\/\/wp.me\/p9fihK-Ci","_links":{"self":[{"href":"http:\/\/dsrmedios.com.ar\/diario\/wp-json\/wp\/v2\/posts\/2374"}],"collection":[{"href":"http:\/\/dsrmedios.com.ar\/diario\/wp-json\/wp\/v2\/posts"}],"about":[{"href":"http:\/\/dsrmedios.com.ar\/diario\/wp-json\/wp\/v2\/types\/post"}],"author":[{"embeddable":true,"href":"http:\/\/dsrmedios.com.ar\/diario\/wp-json\/wp\/v2\/users\/5"}],"replies":[{"embeddable":true,"href":"http:\/\/dsrmedios.com.ar\/diario\/wp-json\/wp\/v2\/comments?post=2374"}],"version-history":[{"count":1,"href":"http:\/\/dsrmedios.com.ar\/diario\/wp-json\/wp\/v2\/posts\/2374\/revisions"}],"predecessor-version":[{"id":2376,"href":"http:\/\/dsrmedios.com.ar\/diario\/wp-json\/wp\/v2\/posts\/2374\/revisions\/2376"}],"wp:featuredmedia":[{"embeddable":true,"href":"http:\/\/dsrmedios.com.ar\/diario\/wp-json\/wp\/v2\/media\/2375"}],"wp:attachment":[{"href":"http:\/\/dsrmedios.com.ar\/diario\/wp-json\/wp\/v2\/media?parent=2374"}],"wp:term":[{"taxonomy":"category","embeddable":true,"href":"http:\/\/dsrmedios.com.ar\/diario\/wp-json\/wp\/v2\/categories?post=2374"},{"taxonomy":"post_tag","embeddable":true,"href":"http:\/\/dsrmedios.com.ar\/diario\/wp-json\/wp\/v2\/tags?post=2374"}],"curies":[{"name":"wp","href":"https:\/\/api.w.org\/{rel}","templated":true}]}}