{"id":2370,"date":"2017-11-10T08:44:35","date_gmt":"2017-11-10T11:44:35","guid":{"rendered":"http:\/\/dsrmedios.com.ar\/diario\/?p=2370"},"modified":"2017-11-10T08:44:35","modified_gmt":"2017-11-10T11:44:35","slug":"las-sociedades-rurales-de-nuestra-region-emitieron-un-comunicado-en-reclamo-al-gobierno","status":"publish","type":"post","link":"http:\/\/dsrmedios.com.ar\/diario\/archivos\/2370","title":{"rendered":"Las Sociedades Rurales de nuestra regi\u00f3n emitieron un comunicado en reclamo al gobierno"},"content":{"rendered":"<p>Las entidades rurales de toda la regi\u00f3n sudoeste\u00a0 emitieron un comunicado en sinton\u00eda con los reclamos del agro de toda la Provincia de Buenos Aires. El mismo reza lo siguiente:<\/p>\n<p>\u201cRechazamos de plano la pretensi\u00f3n inconsulta de la Provincia de Bs. As. de aumentar un 50% el Impuesto Inmobiliario Rural\u201d.<\/p>\n<p>\u201cLo consideramos un atropello y provocaci\u00f3n propia de otros tiempos y gobiernos, siendo que para el presente a\u00f1o debimos soportar un aumento del 70% de este mismo impuesto\u201d.<\/p>\n<p>\u201cMientras que desde el Gobierno Nacional hablan de bajar la Presi\u00f3n Fiscal y promover las Inversiones que generen nuevas fuentes laborales y m\u00e1s divisas, el gobierno provincial decide m\u00e1s de lo mismo\u201d.<\/p>\n<p>\u201cEse no es el camino que queremos para alcanzar la tan ansiada reactivaci\u00f3n econ\u00f3mica del Pa\u00eds.<\/p>\n<p>La inflaci\u00f3n anual ha rondado el 20%, mientras los precios de nuestros productos se han mantenido estables (no copian la inflaci\u00f3n), los costos de los insumos como el GASOIL, los FLETES y las LABORES han aumentado m\u00e1s del 50% en los \u00faltimos dos a\u00f1os, es imposible que enfrentemos mayores erogaciones sin resentir financieramente nuestras empresas\u201d.<\/p>\n<p>\u201cLa presi\u00f3n fiscal, sumando naci\u00f3n, provincia y municipios, se hace insostenible y por lo tanto impagables\u201d.<\/p>\n<p>\u201cLas Empresas ya hemos hecho todos los ajustes necesarios, son los Estados quienes deben bajar sus gastos\u201d.<\/p>\n<p>\u201cLamentablemente, de concretarse esta suba, estar\u00edamos otra vez entrando en el c\u00edrculo de la miseria, donde cada productor pasa a postergar todo gasto que no sea de necesidad inmediata para mantener la Empresa a flote y su planta de Empleados\u201d.<\/p>\n<p>\u201cEsto repercutir\u00e1 directamente sobre las poblaciones del interior de la Provincia\u201d.<\/p>\n<p>\u201cSe\u00f1ores gobernantes y Legisladores: est\u00e1n a tiempo de reaccionar y abandonar el facilismo de subir Impuestos cada vez que no les alcanza la Plata. Nuestra capacidad de Pago est\u00e1 agotada.<br \/>\nPedimos mesura, di\u00e1logo y sentido com\u00fan\u201d.<\/p>\n<p>Firman.<\/p>\n<p><strong>Asociaci\u00f3n Productores Agropecuarios de Arroyo Corto &#8211; Sociedad Rural de Coronel Su\u00e1rez \u2013 Sociedad Rural de Coronel Pringles \u2013 Sociedad Rural de Coronel Dorrego &#8211; Sociedad Rural de Guamini &#8211; Sociedad Rural de Adolfo Alsina &#8211; Sociedad Rural de Pigue &#8211; Sociedad Rural del Partido de Saavedra- Asociaci\u00f3n Ganaderos y Agricultores de Bah\u00eda Blanca \u2013 Asociaci\u00f3n Rural de Patagones- Asociaci\u00f3n de Productores del Sudoeste Bonaerense- Sociedad Rural de Tres Arroyos- Sociedad Rural de Tornquist &#8211; Asociaci\u00f3n Rural de Stroeder &#8211; Asociaci\u00f3n Productores Rurales de Villarino Sur &#8211; Asociaci\u00f3n Agr\u00edcola Ganadera de Villalonga &#8211; Asociaci\u00f3n Productores Rurales de Villa Iris.<\/strong><\/p>\n","protected":false},"excerpt":{"rendered":"<div class=\"mh-excerpt\"><p>Las entidades rurales de toda la regi\u00f3n sudoeste\u00a0 emitieron un comunicado en sinton\u00eda con los reclamos del agro de toda la Provincia de Buenos Aires. El mismo reza lo siguiente: \u201cRechazamos de plano la pretensi\u00f3n inconsulta de la Provincia de Bs. As. de aumentar un 50% el Impuesto Inmobiliario Rural\u201d. \u201cLo consideramos un atropello y provocaci\u00f3n propia de otros tiempos y gobiernos, siendo que para el presente a\u00f1o debimos soportar un aumento del 70% de este mismo impuesto\u201d. \u201cMientras que desde el Gobierno Nacional hablan de bajar la Presi\u00f3n Fiscal y promover las Inversiones que generen nuevas fuentes laborales y <a class=\"mh-excerpt-more\" href=\"http:\/\/dsrmedios.com.ar\/diario\/archivos\/2370\" title=\"Las Sociedades Rurales de nuestra regi\u00f3n emitieron un comunicado en reclamo al gobierno\">[Leer m\u00e1s]<\/a><\/p>\n<\/div>","protected":false},"author":5,"featured_media":2371,"comment_status":"open","ping_status":"closed","sticky":false,"template":"","format":"standard","meta":{"_jetpack_newsletter_access":""},"categories":[18,7],"tags":[],"jetpack_featured_media_url":"http:\/\/dsrmedios.com.ar\/diario\/wp-content\/uploads\/2017\/11\/sociedades-rurales.jpg","jetpack_sharing_enabled":true,"jetpack_shortlink":"https:\/\/wp.me\/p9fihK-Ce","_links":{"self":[{"href":"http:\/\/dsrmedios.com.ar\/diario\/wp-json\/wp\/v2\/posts\/2370"}],"collection":[{"href":"http:\/\/dsrmedios.com.ar\/diario\/wp-json\/wp\/v2\/posts"}],"about":[{"href":"http:\/\/dsrmedios.com.ar\/diario\/wp-json\/wp\/v2\/types\/post"}],"author":[{"embeddable":true,"href":"http:\/\/dsrmedios.com.ar\/diario\/wp-json\/wp\/v2\/users\/5"}],"replies":[{"embeddable":true,"href":"http:\/\/dsrmedios.com.ar\/diario\/wp-json\/wp\/v2\/comments?post=2370"}],"version-history":[{"count":1,"href":"http:\/\/dsrmedios.com.ar\/diario\/wp-json\/wp\/v2\/posts\/2370\/revisions"}],"predecessor-version":[{"id":2372,"href":"http:\/\/dsrmedios.com.ar\/diario\/wp-json\/wp\/v2\/posts\/2370\/revisions\/2372"}],"wp:featuredmedia":[{"embeddable":true,"href":"http:\/\/dsrmedios.com.ar\/diario\/wp-json\/wp\/v2\/media\/2371"}],"wp:attachment":[{"href":"http:\/\/dsrmedios.com.ar\/diario\/wp-json\/wp\/v2\/media?parent=2370"}],"wp:term":[{"taxonomy":"category","embeddable":true,"href":"http:\/\/dsrmedios.com.ar\/diario\/wp-json\/wp\/v2\/categories?post=2370"},{"taxonomy":"post_tag","embeddable":true,"href":"http:\/\/dsrmedios.com.ar\/diario\/wp-json\/wp\/v2\/tags?post=2370"}],"curies":[{"name":"wp","href":"https:\/\/api.w.org\/{rel}","templated":true}]}}