{"id":2357,"date":"2017-11-10T08:30:59","date_gmt":"2017-11-10T11:30:59","guid":{"rendered":"http:\/\/dsrmedios.com.ar\/diario\/?p=2357"},"modified":"2017-11-10T08:30:59","modified_gmt":"2017-11-10T11:30:59","slug":"intensifican-la-negociacion-por-el-fondo-del-conurbano-bonaerense-con-los-gobernadores","status":"publish","type":"post","link":"http:\/\/dsrmedios.com.ar\/diario\/archivos\/2357","title":{"rendered":"Intensifican la negociaci\u00f3n por el Fondo del Conurbano Bonaerense con los gobernadores"},"content":{"rendered":"<article class=\"post\">\n<div class=\"entry-content\">\n<div class=\"field field-name-body field-type-text-with-summary field-label-hidden\">\n<div class=\"field-items\">\n<div class=\"field-item even\">\n<p>El ministro de Interior, Obras P\u00fablicas y Vivienda, Rogelio Frigerio, afirm\u00f3 este jueves que se est\u00e1 negociando con los gobernadores cubrir &#8220;de manera gradual el reclamo de Buenos Aires&#8221; en relaci\u00f3n al Fondo del Conurbano y a cambio, la Provincia retirar\u00e1 el reclamo ante la Corte Suprema de Justicia de la Naci\u00f3n.<\/p>\n<p>Seg\u00fan reconoci\u00f3 Frigerio, en la reuni\u00f3n con los gobernadores &#8220;se present\u00f3 una soluci\u00f3n al problema del Fondo del Conurbano Bonaerense&#8221;, que &#8220;no afecta los recursos de las provincias&#8221; y que &#8220;fue recibido de manera satisfactoria&#8221; por los mandatarios provinciales.<\/p>\n<p>&#8220;La Provincia acepta retirar el reclamo en la Corte con una soluci\u00f3n gradual del tema del fondo (del Conurbano) y las provincias no se ver\u00e1n afectadas. La diferencia (en el financiamiento) la cubrir\u00e1 mayoritariamente el gobierno nacional&#8221;, resalt\u00f3 Frigerio en declaraciones period\u00edsticas.<\/p>\n<p>fuente:www.aninoticias.com.ar<\/p>\n<\/div>\n<\/div>\n<\/div>\n<\/div>\n<\/article>\n<div class=\"author-info\"><\/div>\n<div class=\"related-posts\">\n<h3><\/h3>\n<\/div>\n","protected":false},"excerpt":{"rendered":"<div class=\"mh-excerpt\"><p>El ministro de Interior, Obras P\u00fablicas y Vivienda, Rogelio Frigerio, afirm\u00f3 este jueves que se est\u00e1 negociando con los gobernadores cubrir &#8220;de manera gradual el reclamo de Buenos Aires&#8221; en relaci\u00f3n al Fondo del Conurbano y a cambio, la Provincia retirar\u00e1 el reclamo ante la Corte Suprema de Justicia de la Naci\u00f3n. Seg\u00fan reconoci\u00f3 Frigerio, en la reuni\u00f3n con los gobernadores &#8220;se present\u00f3 una soluci\u00f3n al problema del Fondo del Conurbano Bonaerense&#8221;, que &#8220;no afecta los recursos de las provincias&#8221; y que &#8220;fue recibido de manera satisfactoria&#8221; por los mandatarios provinciales. &#8220;La Provincia acepta retirar el reclamo en la Corte <a class=\"mh-excerpt-more\" href=\"http:\/\/dsrmedios.com.ar\/diario\/archivos\/2357\" title=\"Intensifican la negociaci\u00f3n por el Fondo del Conurbano Bonaerense con los gobernadores\">[Leer m\u00e1s]<\/a><\/p>\n<\/div>","protected":false},"author":5,"featured_media":2358,"comment_status":"open","ping_status":"closed","sticky":false,"template":"","format":"standard","meta":{"_jetpack_newsletter_access":""},"categories":[18,7],"tags":[],"jetpack_featured_media_url":"http:\/\/dsrmedios.com.ar\/diario\/wp-content\/uploads\/2017\/11\/Gobernacion_5.jpg","jetpack_sharing_enabled":true,"jetpack_shortlink":"https:\/\/wp.me\/p9fihK-C1","_links":{"self":[{"href":"http:\/\/dsrmedios.com.ar\/diario\/wp-json\/wp\/v2\/posts\/2357"}],"collection":[{"href":"http:\/\/dsrmedios.com.ar\/diario\/wp-json\/wp\/v2\/posts"}],"about":[{"href":"http:\/\/dsrmedios.com.ar\/diario\/wp-json\/wp\/v2\/types\/post"}],"author":[{"embeddable":true,"href":"http:\/\/dsrmedios.com.ar\/diario\/wp-json\/wp\/v2\/users\/5"}],"replies":[{"embeddable":true,"href":"http:\/\/dsrmedios.com.ar\/diario\/wp-json\/wp\/v2\/comments?post=2357"}],"version-history":[{"count":2,"href":"http:\/\/dsrmedios.com.ar\/diario\/wp-json\/wp\/v2\/posts\/2357\/revisions"}],"predecessor-version":[{"id":2360,"href":"http:\/\/dsrmedios.com.ar\/diario\/wp-json\/wp\/v2\/posts\/2357\/revisions\/2360"}],"wp:featuredmedia":[{"embeddable":true,"href":"http:\/\/dsrmedios.com.ar\/diario\/wp-json\/wp\/v2\/media\/2358"}],"wp:attachment":[{"href":"http:\/\/dsrmedios.com.ar\/diario\/wp-json\/wp\/v2\/media?parent=2357"}],"wp:term":[{"taxonomy":"category","embeddable":true,"href":"http:\/\/dsrmedios.com.ar\/diario\/wp-json\/wp\/v2\/categories?post=2357"},{"taxonomy":"post_tag","embeddable":true,"href":"http:\/\/dsrmedios.com.ar\/diario\/wp-json\/wp\/v2\/tags?post=2357"}],"curies":[{"name":"wp","href":"https:\/\/api.w.org\/{rel}","templated":true}]}}