{"id":2270,"date":"2017-11-08T08:08:47","date_gmt":"2017-11-08T11:08:47","guid":{"rendered":"http:\/\/dsrmedios.com.ar\/diario\/?p=2270"},"modified":"2017-11-08T08:08:47","modified_gmt":"2017-11-08T11:08:47","slug":"karina-y-la-omelette-gigante-el-3-de-diciembre-en-el-133-aniversario-de-pigue","status":"publish","type":"post","link":"http:\/\/dsrmedios.com.ar\/diario\/archivos\/2270","title":{"rendered":"Karina y la Omelette Gigante el 3 de diciembre en el 133 aniversario de Pigu\u00e9"},"content":{"rendered":"<p>Se programa una nueva presentaci\u00f3n de la Omelette Gigante en la vecina ciudad de Pigu\u00e9 con motivo de celebrarse el 133 aniversario de su fundaci\u00f3n. Habr\u00e1 adem\u00e1s ese fin de semana diversos espect\u00e1culos y eventos menores y se anuncia la presentaci\u00f3n de la Karina &#8220;La Princesita&#8221; en el marco de una gira de la cantante por nuestra regi\u00f3n. Todo este programa est\u00e1 previsto para el pr\u00f3ximo 3 de diciembre en la comarca piguense.<\/p>\n","protected":false},"excerpt":{"rendered":"<div class=\"mh-excerpt\"><p>Se programa una nueva presentaci\u00f3n de la Omelette Gigante en la vecina ciudad de Pigu\u00e9 con motivo de celebrarse el 133 aniversario de su fundaci\u00f3n. Habr\u00e1 adem\u00e1s ese fin de semana diversos espect\u00e1culos y eventos menores y se anuncia la presentaci\u00f3n de la Karina &#8220;La Princesita&#8221; en el marco de una gira de la cantante por nuestra regi\u00f3n. Todo este programa est\u00e1 previsto para el pr\u00f3ximo 3 de diciembre en la comarca piguense.<\/p>\n<\/div>","protected":false},"author":5,"featured_media":2271,"comment_status":"open","ping_status":"closed","sticky":false,"template":"","format":"standard","meta":{"_jetpack_newsletter_access":""},"categories":[18,8],"tags":[],"jetpack_featured_media_url":"http:\/\/dsrmedios.com.ar\/diario\/wp-content\/uploads\/2017\/11\/omelette.jpg","jetpack_sharing_enabled":true,"jetpack_shortlink":"https:\/\/wp.me\/p9fihK-AC","_links":{"self":[{"href":"http:\/\/dsrmedios.com.ar\/diario\/wp-json\/wp\/v2\/posts\/2270"}],"collection":[{"href":"http:\/\/dsrmedios.com.ar\/diario\/wp-json\/wp\/v2\/posts"}],"about":[{"href":"http:\/\/dsrmedios.com.ar\/diario\/wp-json\/wp\/v2\/types\/post"}],"author":[{"embeddable":true,"href":"http:\/\/dsrmedios.com.ar\/diario\/wp-json\/wp\/v2\/users\/5"}],"replies":[{"embeddable":true,"href":"http:\/\/dsrmedios.com.ar\/diario\/wp-json\/wp\/v2\/comments?post=2270"}],"version-history":[{"count":1,"href":"http:\/\/dsrmedios.com.ar\/diario\/wp-json\/wp\/v2\/posts\/2270\/revisions"}],"predecessor-version":[{"id":2272,"href":"http:\/\/dsrmedios.com.ar\/diario\/wp-json\/wp\/v2\/posts\/2270\/revisions\/2272"}],"wp:featuredmedia":[{"embeddable":true,"href":"http:\/\/dsrmedios.com.ar\/diario\/wp-json\/wp\/v2\/media\/2271"}],"wp:attachment":[{"href":"http:\/\/dsrmedios.com.ar\/diario\/wp-json\/wp\/v2\/media?parent=2270"}],"wp:term":[{"taxonomy":"category","embeddable":true,"href":"http:\/\/dsrmedios.com.ar\/diario\/wp-json\/wp\/v2\/categories?post=2270"},{"taxonomy":"post_tag","embeddable":true,"href":"http:\/\/dsrmedios.com.ar\/diario\/wp-json\/wp\/v2\/tags?post=2270"}],"curies":[{"name":"wp","href":"https:\/\/api.w.org\/{rel}","templated":true}]}}