{"id":2264,"date":"2017-11-08T08:01:44","date_gmt":"2017-11-08T11:01:44","guid":{"rendered":"http:\/\/dsrmedios.com.ar\/diario\/?p=2264"},"modified":"2017-11-08T08:01:44","modified_gmt":"2017-11-08T11:01:44","slug":"hirtz-aseguro-que-el-ministro-se-mostro-receptivo-con-los-intendentes-de-cambiemos","status":"publish","type":"post","link":"http:\/\/dsrmedios.com.ar\/diario\/archivos\/2264","title":{"rendered":"Hirtz asegur\u00f3 que el ministro se mostr\u00f3 receptivo con los intendentes de Cambiemos"},"content":{"rendered":"<p><strong>El Intendente de Adolfo Alsina David Hirtz particip\u00f3 ayer del encuentro que mantuvieron sus pares de Cambiemos con el ministro de econom\u00eda de la provincia Lic. Hern\u00e1n Lacunza. A su regreso convers\u00f3 con el diario bahiense La Nueva y esto es lo que explic\u00f3:<\/strong><\/p>\n<p>\u201cEl ministro se mostr\u00f3 muy receptivo hacia nuestro pedido y, si bien qued\u00f3 en analizarlo, nos agradeci\u00f3 que no nos qued\u00e1ramos en la cr\u00edtica y aport\u00e1ramos posibles alternativas\u201d, cont\u00f3 a La Nueva., desde La Plata, el intendente de Adolfo Alsina, David Hirtz.<\/p>\n<p>El jefe comunal fue uno de los que estuvo en el encuentro con Lacunza. De la reuni\u00f3n tambi\u00e9n tomaron parte el ministro de la Producci\u00f3n, Joaqu\u00edn de la Torre, e intendentes radicales y del Pro.<\/p>\n<p>\u201cLo que le dejamos claro al ministro Lacunza es que el proyecto perjudica a los municipios -describi\u00f3-. Muchos intendentes venimos atendiendo la infraestructura escolar con el fondo educativo, pero tambi\u00e9n muchas otras cosas que tienen que ver con la educaci\u00f3n, como becas, actividades culturales, asistencias t\u00e9cnicas, transporte de chicos y dem\u00e1s. Esto no se puede caer\u201d.<\/p>\n<p>En la reuni\u00f3n se habl\u00f3 abiertamente de la necesidad que tiene la Provincia de garantizar que el fondo educativo se destine a los fines para los que fue creado. Sobre este punto, algunos de los presentes pidieron diferenciar \u201clo que ocurre en el Conurbano de lo que sucede en el resto del territorio\u201d.<\/p>\n<p>\u201c\u00bfQu\u00e9 culpa tienen los distritos del interior si en algunos municipios del Conurbano las escuelas se caen a pedazos y la plata del fondo educativo no se usa para arreglarlas?\u201d, fue el comentario de uno de los intendentes que particip\u00f3 del encuentro.<\/p>\n<p>El mensaje para Lacunza fue concreto: que no hagan pagar a justos por pecadores.<\/p>\n<p>Durante la reuni\u00f3n tambi\u00e9n se cuestion\u00f3 la forma en que la Provincia pretende calcular el porcentaje del fondo que le tocar\u00e1 a cada distrito el a\u00f1o pr\u00f3ximo, y se reclam\u00f3 que haya \u201cgradualismo\u201d en las reformas a implementar &#8220;para no desfinanciar a los municipios&#8221;.<\/p>\n<p>fuente:www.lanueva.com.ar<\/p>\n","protected":false},"excerpt":{"rendered":"<div class=\"mh-excerpt\"><p>El Intendente de Adolfo Alsina David Hirtz particip\u00f3 ayer del encuentro que mantuvieron sus pares de Cambiemos con el ministro de econom\u00eda de la provincia Lic. Hern\u00e1n Lacunza. A su regreso convers\u00f3 con el diario bahiense La Nueva y esto es lo que explic\u00f3: \u201cEl ministro se mostr\u00f3 muy receptivo hacia nuestro pedido y, si bien qued\u00f3 en analizarlo, nos agradeci\u00f3 que no nos qued\u00e1ramos en la cr\u00edtica y aport\u00e1ramos posibles alternativas\u201d, cont\u00f3 a La Nueva., desde La Plata, el intendente de Adolfo Alsina, David Hirtz. El jefe comunal fue uno de los que estuvo en el encuentro con Lacunza. <a class=\"mh-excerpt-more\" href=\"http:\/\/dsrmedios.com.ar\/diario\/archivos\/2264\" title=\"Hirtz asegur\u00f3 que el ministro se mostr\u00f3 receptivo con los intendentes de Cambiemos\">[Leer m\u00e1s]<\/a><\/p>\n<\/div>","protected":false},"author":5,"featured_media":2265,"comment_status":"open","ping_status":"closed","sticky":false,"template":"","format":"standard","meta":{"_jetpack_newsletter_access":""},"categories":[18,5],"tags":[],"jetpack_featured_media_url":"http:\/\/dsrmedios.com.ar\/diario\/wp-content\/uploads\/2017\/11\/hirtz.jpg","jetpack_sharing_enabled":true,"jetpack_shortlink":"https:\/\/wp.me\/p9fihK-Aw","_links":{"self":[{"href":"http:\/\/dsrmedios.com.ar\/diario\/wp-json\/wp\/v2\/posts\/2264"}],"collection":[{"href":"http:\/\/dsrmedios.com.ar\/diario\/wp-json\/wp\/v2\/posts"}],"about":[{"href":"http:\/\/dsrmedios.com.ar\/diario\/wp-json\/wp\/v2\/types\/post"}],"author":[{"embeddable":true,"href":"http:\/\/dsrmedios.com.ar\/diario\/wp-json\/wp\/v2\/users\/5"}],"replies":[{"embeddable":true,"href":"http:\/\/dsrmedios.com.ar\/diario\/wp-json\/wp\/v2\/comments?post=2264"}],"version-history":[{"count":1,"href":"http:\/\/dsrmedios.com.ar\/diario\/wp-json\/wp\/v2\/posts\/2264\/revisions"}],"predecessor-version":[{"id":2266,"href":"http:\/\/dsrmedios.com.ar\/diario\/wp-json\/wp\/v2\/posts\/2264\/revisions\/2266"}],"wp:featuredmedia":[{"embeddable":true,"href":"http:\/\/dsrmedios.com.ar\/diario\/wp-json\/wp\/v2\/media\/2265"}],"wp:attachment":[{"href":"http:\/\/dsrmedios.com.ar\/diario\/wp-json\/wp\/v2\/media?parent=2264"}],"wp:term":[{"taxonomy":"category","embeddable":true,"href":"http:\/\/dsrmedios.com.ar\/diario\/wp-json\/wp\/v2\/categories?post=2264"},{"taxonomy":"post_tag","embeddable":true,"href":"http:\/\/dsrmedios.com.ar\/diario\/wp-json\/wp\/v2\/tags?post=2264"}],"curies":[{"name":"wp","href":"https:\/\/api.w.org\/{rel}","templated":true}]}}