{"id":2258,"date":"2017-11-07T17:41:09","date_gmt":"2017-11-07T20:41:09","guid":{"rendered":"http:\/\/dsrmedios.com.ar\/diario\/?p=2258"},"modified":"2017-11-07T17:41:09","modified_gmt":"2017-11-07T20:41:09","slug":"un-riverense-perdio-la-vida-en-la-ruta-nacional-33-a-la-altura-de-la-caminera-de-tornquist","status":"publish","type":"post","link":"http:\/\/dsrmedios.com.ar\/diario\/archivos\/2258","title":{"rendered":"Un Riverense perdi\u00f3 la vida en la ruta nacional 33 a la altura de la caminera de Tornquist"},"content":{"rendered":"<p>Lamentablemente un accidente m\u00e1s se lleva la vida de una persona en la ruta 33, durante la tarde de este martes 7 de noviembre cuando a la altura del kil\u00f3metro 66,500 en cercan\u00edas del puesto de la polic\u00eda vial, un hombre falleci\u00f3 a ra\u00edz del vuelco de un Renault fluence(MCJ 237).<br \/>\nEn el hecho el conductor del rodado sali\u00f3 despedido del mismo. En el auto viajaban dos personas m\u00e1s seg\u00fan informaron a nuestro medio.<\/p>\n<p>El hombre fue trasladado de urgencia al Hospital de nuestra ciudad donde lleg\u00f3 con vida pero lamentablemente falleci\u00f3 producto de las heridas recibidas.<\/p>\n<p>La v\u00edctima fue identificada como Javier Avelino HERNER(49) con domicilio Adolfo Alsina.<\/p>\n<p>En el auto viajaba como acompa\u00f1ante Karina Mariel HALPERN(46) que tambi\u00e9n sufri\u00f3 heridas quedando internada en observaci\u00f3n en nuestra ciudad. En el asiento trasero se identific\u00f3 adem\u00e1s a Edelmira Elisabeth SCHEFFER(54) con domicilio en Rivera qui\u00e9n result\u00f3 ilesa.<\/p>\n<p>El d\u00eda en general se presentaba con lluvias desde la ma\u00f1ana lo que hace mas peligrosa a la carretera que en muchos tramos se encuentra muy deteriorada con las huellas que se forman y la acumulaci\u00f3n de agua lo que la hace mas riesgosa a\u00fan.<\/p>\n<p>El comisario Daniel Perez titular de la polic\u00eda local confirm\u00f3 a nuestro medio que se esperaba por estas horas la llegada de polic\u00eda cient\u00edfica al lugar.<\/p>\n<p>La causa fue caratulada homicidio culposo y lesiones culposas con intervenci\u00f3n de la Ayudant\u00eda Fiscal de Tornquist a cargo del Dr. Pablo Ariel Florez y el Juzgado de Garant\u00edas N\u00ba 1 a cargo de la Dra. Gilda Sthempelet.<\/p>\n<p>Fotos: Miguel Herrada<br \/>\nFuente:noticiastornquist.com.ar<\/p>\n","protected":false},"excerpt":{"rendered":"<div class=\"mh-excerpt\"><p>Lamentablemente un accidente m\u00e1s se lleva la vida de una persona en la ruta 33, durante la tarde de este martes 7 de noviembre cuando a la altura del kil\u00f3metro 66,500 en cercan\u00edas del puesto de la polic\u00eda vial, un hombre falleci\u00f3 a ra\u00edz del vuelco de un Renault fluence(MCJ 237). En el hecho el conductor del rodado sali\u00f3 despedido del mismo. En el auto viajaban dos personas m\u00e1s seg\u00fan informaron a nuestro medio. El hombre fue trasladado de urgencia al Hospital de nuestra ciudad donde lleg\u00f3 con vida pero lamentablemente falleci\u00f3 producto de las heridas recibidas. La v\u00edctima fue <a class=\"mh-excerpt-more\" href=\"http:\/\/dsrmedios.com.ar\/diario\/archivos\/2258\" title=\"Un Riverense perdi\u00f3 la vida en la ruta nacional 33 a la altura de la caminera de Tornquist\">[Leer m\u00e1s]<\/a><\/p>\n<\/div>","protected":false},"author":5,"featured_media":2259,"comment_status":"open","ping_status":"closed","sticky":false,"template":"","format":"standard","meta":{"_jetpack_newsletter_access":""},"categories":[18,8],"tags":[],"jetpack_featured_media_url":"http:\/\/dsrmedios.com.ar\/diario\/wp-content\/uploads\/2017\/11\/fluenceherner.jpg","jetpack_sharing_enabled":true,"jetpack_shortlink":"https:\/\/wp.me\/p9fihK-Aq","_links":{"self":[{"href":"http:\/\/dsrmedios.com.ar\/diario\/wp-json\/wp\/v2\/posts\/2258"}],"collection":[{"href":"http:\/\/dsrmedios.com.ar\/diario\/wp-json\/wp\/v2\/posts"}],"about":[{"href":"http:\/\/dsrmedios.com.ar\/diario\/wp-json\/wp\/v2\/types\/post"}],"author":[{"embeddable":true,"href":"http:\/\/dsrmedios.com.ar\/diario\/wp-json\/wp\/v2\/users\/5"}],"replies":[{"embeddable":true,"href":"http:\/\/dsrmedios.com.ar\/diario\/wp-json\/wp\/v2\/comments?post=2258"}],"version-history":[{"count":1,"href":"http:\/\/dsrmedios.com.ar\/diario\/wp-json\/wp\/v2\/posts\/2258\/revisions"}],"predecessor-version":[{"id":2260,"href":"http:\/\/dsrmedios.com.ar\/diario\/wp-json\/wp\/v2\/posts\/2258\/revisions\/2260"}],"wp:featuredmedia":[{"embeddable":true,"href":"http:\/\/dsrmedios.com.ar\/diario\/wp-json\/wp\/v2\/media\/2259"}],"wp:attachment":[{"href":"http:\/\/dsrmedios.com.ar\/diario\/wp-json\/wp\/v2\/media?parent=2258"}],"wp:term":[{"taxonomy":"category","embeddable":true,"href":"http:\/\/dsrmedios.com.ar\/diario\/wp-json\/wp\/v2\/categories?post=2258"},{"taxonomy":"post_tag","embeddable":true,"href":"http:\/\/dsrmedios.com.ar\/diario\/wp-json\/wp\/v2\/tags?post=2258"}],"curies":[{"name":"wp","href":"https:\/\/api.w.org\/{rel}","templated":true}]}}