{"id":2247,"date":"2017-11-07T10:35:11","date_gmt":"2017-11-07T13:35:11","guid":{"rendered":"http:\/\/dsrmedios.com.ar\/diario\/?p=2247"},"modified":"2017-11-07T10:35:11","modified_gmt":"2017-11-07T13:35:11","slug":"se-realiza-hoy-en-todo-el-pais-la-prueba-aprender-que-busca-medir-el-nivel-de-conocimientos","status":"publish","type":"post","link":"http:\/\/dsrmedios.com.ar\/diario\/archivos\/2247","title":{"rendered":"Se realiza hoy en todo el pa\u00eds la prueba &#8220;Aprender&#8221; que busca medir el nivel de conocimientos"},"content":{"rendered":"<p><strong>En nuestro distrito se realiza la misma prueba en todos los establecimientos educativos de todas las localidades.<\/strong><\/p>\n<p>El gobierno nacional est\u00e1 llevando a cabo hoy en todo el pa\u00eds la segunda edici\u00f3n de las pruebas Aprender, esta vez sin la interrupci\u00f3n de las clases. Se trata de un operativo nacional de evaluaci\u00f3n, que busca medir el nivel de conocimientos de todos los chicos de sexto grado de primaria y del \u00faltimo a\u00f1o de la secundaria. Gremios docentes manifestaron su rechazo a la evaluaci\u00f3n y, en algunos casos, convocaron a un paro o a boicotear la prueba.<\/p>\n<p>Por medidas similares de los gremios y algunos docentes, adem\u00e1s de factores clim\u00e1ticos en determinadas regiones, las pruebas Aprender no tuvieron la respuesta esperada el a\u00f1o pasado en algunos distritos, como Capital, Neuqu\u00e9n y Santa Cruz.<\/p>\n<p>Esta segunda edici\u00f3n de Aprender es tomada a 1.210.620 estudiantes, que son evaluados por 92.730 docentes de 31.300 escuelas p\u00fablicas y privadas de todo el pa\u00eds. El estado invirti\u00f3 380 millones de pesos para el operativo. Los resultados se conocer\u00e1n a principios de marzo de 2018.<\/p>\n<p>fuente:www.clarin.com.ar<\/p>\n","protected":false},"excerpt":{"rendered":"<div class=\"mh-excerpt\"><p>En nuestro distrito se realiza la misma prueba en todos los establecimientos educativos de todas las localidades. El gobierno nacional est\u00e1 llevando a cabo hoy en todo el pa\u00eds la segunda edici\u00f3n de las pruebas Aprender, esta vez sin la interrupci\u00f3n de las clases. Se trata de un operativo nacional de evaluaci\u00f3n, que busca medir el nivel de conocimientos de todos los chicos de sexto grado de primaria y del \u00faltimo a\u00f1o de la secundaria. Gremios docentes manifestaron su rechazo a la evaluaci\u00f3n y, en algunos casos, convocaron a un paro o a boicotear la prueba. Por medidas similares de <a class=\"mh-excerpt-more\" href=\"http:\/\/dsrmedios.com.ar\/diario\/archivos\/2247\" title=\"Se realiza hoy en todo el pa\u00eds la prueba &#8220;Aprender&#8221; que busca medir el nivel de conocimientos\">[Leer m\u00e1s]<\/a><\/p>\n<\/div>","protected":false},"author":5,"featured_media":2248,"comment_status":"open","ping_status":"closed","sticky":false,"template":"","format":"standard","meta":{"_jetpack_newsletter_access":""},"categories":[2,18],"tags":[],"jetpack_featured_media_url":"http:\/\/dsrmedios.com.ar\/diario\/wp-content\/uploads\/2017\/11\/aprender.jpg","jetpack_sharing_enabled":true,"jetpack_shortlink":"https:\/\/wp.me\/p9fihK-Af","_links":{"self":[{"href":"http:\/\/dsrmedios.com.ar\/diario\/wp-json\/wp\/v2\/posts\/2247"}],"collection":[{"href":"http:\/\/dsrmedios.com.ar\/diario\/wp-json\/wp\/v2\/posts"}],"about":[{"href":"http:\/\/dsrmedios.com.ar\/diario\/wp-json\/wp\/v2\/types\/post"}],"author":[{"embeddable":true,"href":"http:\/\/dsrmedios.com.ar\/diario\/wp-json\/wp\/v2\/users\/5"}],"replies":[{"embeddable":true,"href":"http:\/\/dsrmedios.com.ar\/diario\/wp-json\/wp\/v2\/comments?post=2247"}],"version-history":[{"count":1,"href":"http:\/\/dsrmedios.com.ar\/diario\/wp-json\/wp\/v2\/posts\/2247\/revisions"}],"predecessor-version":[{"id":2249,"href":"http:\/\/dsrmedios.com.ar\/diario\/wp-json\/wp\/v2\/posts\/2247\/revisions\/2249"}],"wp:featuredmedia":[{"embeddable":true,"href":"http:\/\/dsrmedios.com.ar\/diario\/wp-json\/wp\/v2\/media\/2248"}],"wp:attachment":[{"href":"http:\/\/dsrmedios.com.ar\/diario\/wp-json\/wp\/v2\/media?parent=2247"}],"wp:term":[{"taxonomy":"category","embeddable":true,"href":"http:\/\/dsrmedios.com.ar\/diario\/wp-json\/wp\/v2\/categories?post=2247"},{"taxonomy":"post_tag","embeddable":true,"href":"http:\/\/dsrmedios.com.ar\/diario\/wp-json\/wp\/v2\/tags?post=2247"}],"curies":[{"name":"wp","href":"https:\/\/api.w.org\/{rel}","templated":true}]}}