{"id":2232,"date":"2017-11-07T09:03:29","date_gmt":"2017-11-07T12:03:29","guid":{"rendered":"http:\/\/dsrmedios.com.ar\/diario\/?p=2232"},"modified":"2017-11-07T09:04:06","modified_gmt":"2017-11-07T12:04:06","slug":"2232","status":"publish","type":"post","link":"http:\/\/dsrmedios.com.ar\/diario\/archivos\/2232","title":{"rendered":"Intendentes oficialistas reclamar\u00e1n al Gobierno Provincial por posible reducci\u00f3n de fondos-*+"},"content":{"rendered":"<p>La previa en la cual se cocina a fuego lento la Ley de leyes suma un nuevo cap\u00edtulo. A pesar del hermetismo oficial en torno al tema, intendentes de Cambiemos le pidieron al ministro de Econom\u00eda bonaerense una reuni\u00f3n de \u00faltima hora.<\/p>\n<p>La misma se llevar\u00e1 adelante desde 15 horas en Capital Federal y si bien a\u00fan no est\u00e1 confirmado el lugar donde el ministro mantendr\u00e1 el cara a cara con los alcaldes, todo indica que la sede ser\u00eda el edificio del BAPRO.<\/p>\n<p>Hasta all\u00ed se acercar\u00e1n los 6 intendentes que integran la Mesa de Cambiemos. Por el lado del Pro, los 3 que estar\u00e1n el vicentelopense Jorge Macri, el alcalde de Lan\u00fas, N\u00e9stor Grindetti y su par de Mor\u00f3n, Ramiro Tagliaferro.<\/p>\n<p>En tanto, por el radicalismo los representantes ser\u00e1n el jefe comunal de General Viamonte, Franco Flexas, su par de San Cayetano, Miguel \u00c1ngel Gargaglione y <strong>el intendente de Adolfo Alsina, David Hirtz.<\/strong><\/p>\n<p>Pero tambi\u00e9n se sumar\u00e1n otros alcaldes que se sienten perjudicados por las imposiciones que el Ejecutivo provincial busca imprimir sobre el Fondo Educativo Nacional. La idea es bajar ese 85% del total del fondo que el gobierno bonaerense busca que los municipios utilicen -s\u00ed o s\u00ed- para obras de infraestructura escolar.<\/p>\n<p>Los intendentes oficialistas entienden que dicha pretensi\u00f3n es irrisoria y conf\u00edan en que prime el sentido com\u00fan y, aunque sea, bajen ese n\u00famero.<\/p>\n<p>Como es sabido, los jefes comunales suelen echar mano a ese dinero para repartirlos en becas, sueldos para jardines maternales, subsidios para viajes y para bibliotecas, entre otros gastos y temen que con esta imposici\u00f3n se aumente el d\u00e9ficit de las gestiones comunales<\/p>\n<p>Adem\u00e1s, seg\u00fan pudo saber La Tecla, volver\u00e1n a reclamar por el Fondo de Infraestructura Municipal.<\/p>\n<p>Fuente:www.latecla.com.ar<\/p>\n","protected":false},"excerpt":{"rendered":"<div class=\"mh-excerpt\"><p>La previa en la cual se cocina a fuego lento la Ley de leyes suma un nuevo cap\u00edtulo. A pesar del hermetismo oficial en torno al tema, intendentes de Cambiemos le pidieron al ministro de Econom\u00eda bonaerense una reuni\u00f3n de \u00faltima hora. La misma se llevar\u00e1 adelante desde 15 horas en Capital Federal y si bien a\u00fan no est\u00e1 confirmado el lugar donde el ministro mantendr\u00e1 el cara a cara con los alcaldes, todo indica que la sede ser\u00eda el edificio del BAPRO. Hasta all\u00ed se acercar\u00e1n los 6 intendentes que integran la Mesa de Cambiemos. Por el lado del <a class=\"mh-excerpt-more\" href=\"http:\/\/dsrmedios.com.ar\/diario\/archivos\/2232\" title=\"Intendentes oficialistas reclamar\u00e1n al Gobierno Provincial por posible reducci\u00f3n de fondos-*+\">[Leer m\u00e1s]<\/a><\/p>\n<\/div>","protected":false},"author":5,"featured_media":2233,"comment_status":"open","ping_status":"closed","sticky":false,"template":"","format":"standard","meta":{"_jetpack_newsletter_access":""},"categories":[18],"tags":[],"jetpack_featured_media_url":"http:\/\/dsrmedios.com.ar\/diario\/wp-content\/uploads\/2017\/11\/intendentes.jpg","jetpack_sharing_enabled":true,"jetpack_shortlink":"https:\/\/wp.me\/s9fihK-2232","_links":{"self":[{"href":"http:\/\/dsrmedios.com.ar\/diario\/wp-json\/wp\/v2\/posts\/2232"}],"collection":[{"href":"http:\/\/dsrmedios.com.ar\/diario\/wp-json\/wp\/v2\/posts"}],"about":[{"href":"http:\/\/dsrmedios.com.ar\/diario\/wp-json\/wp\/v2\/types\/post"}],"author":[{"embeddable":true,"href":"http:\/\/dsrmedios.com.ar\/diario\/wp-json\/wp\/v2\/users\/5"}],"replies":[{"embeddable":true,"href":"http:\/\/dsrmedios.com.ar\/diario\/wp-json\/wp\/v2\/comments?post=2232"}],"version-history":[{"count":2,"href":"http:\/\/dsrmedios.com.ar\/diario\/wp-json\/wp\/v2\/posts\/2232\/revisions"}],"predecessor-version":[{"id":2235,"href":"http:\/\/dsrmedios.com.ar\/diario\/wp-json\/wp\/v2\/posts\/2232\/revisions\/2235"}],"wp:featuredmedia":[{"embeddable":true,"href":"http:\/\/dsrmedios.com.ar\/diario\/wp-json\/wp\/v2\/media\/2233"}],"wp:attachment":[{"href":"http:\/\/dsrmedios.com.ar\/diario\/wp-json\/wp\/v2\/media?parent=2232"}],"wp:term":[{"taxonomy":"category","embeddable":true,"href":"http:\/\/dsrmedios.com.ar\/diario\/wp-json\/wp\/v2\/categories?post=2232"},{"taxonomy":"post_tag","embeddable":true,"href":"http:\/\/dsrmedios.com.ar\/diario\/wp-json\/wp\/v2\/tags?post=2232"}],"curies":[{"name":"wp","href":"https:\/\/api.w.org\/{rel}","templated":true}]}}