{"id":2229,"date":"2017-11-07T08:58:08","date_gmt":"2017-11-07T11:58:08","guid":{"rendered":"http:\/\/dsrmedios.com.ar\/diario\/?p=2229"},"modified":"2017-11-07T08:58:08","modified_gmt":"2017-11-07T11:58:08","slug":"el-presidente-macri-homenajeo-en-nueva-york-a-los-argentinos-asesinados-por-el-terrorismo","status":"publish","type":"post","link":"http:\/\/dsrmedios.com.ar\/diario\/archivos\/2229","title":{"rendered":"El Presidente Macri homenaje\u00f3 en Nueva York a los argentinos asesinados por el terrorismo"},"content":{"rendered":"<p>El presidente Mauricio Macri encabez\u00f3 junto al alcalde de Nueva York, Bill de Blasio, un acto en homenaje a las v\u00edctimas del atentado terrorista del 31 de octubre en el que murieron 5 rosarinos.<\/p>\n<p>&#8220;Queremos ser parte de esta batalla que tenemos que dar por una convivencia en paz&#8221;, declar\u00f3 el mandatario.<\/p>\n<p>&#8220;Los argentinos hacemos un culto de la amistad, y ellos \u00a0estaban ac\u00e1, festejando 30 a\u00f1os de amistad, y sus familias han quedado destruidas.\u00a0\u00a0Esto nos tiene que unir m\u00e1s, y resaltar nuestro compromiso por la paz&#8221;, dijo el Presidente, en un discurso de menos de tres minutos.<\/p>\n<p>&#8220;Lo que quiere esta gente es que entremos en p\u00e1nico, nos paralicemos, pero le vamos a demostrar desde el amor y el hacer que hay otra forma de encarar la vida&#8221;, dijo Macri.<\/p>\n<p>El mandatario\u00a0lleg\u00f3 a los Estados Unidos esta ma\u00f1ana a las 9:30 acompa\u00f1ado por la primera dama Juliana Awada y un grupo de funcionarios y legisladores. En la agenda oficial del viaje el principal objetivo es la b\u00fasqueda de inversiones.<\/p>\n<p>El acto se hizo en el barrio de Tribeca, en Manhattan, donde el uzbeko Sayfullo Saipov atropell\u00f3 con un cami\u00f3n a varios peatones y ciclistas que circulaban por una bicisenda.<\/p>\n<p>Entre las 8 v\u00edctimas fatales se contaron los amigos Diego Mendoza (47), Diego Enrique Angelini (47), Alejandro Dami\u00e1n Pagnucco (47), Ariel Erlij (48) y Hern\u00e1n Ferruchi (47), que hab\u00edan viajado a Nueva York para festejar los 30 a\u00f1os de su graduaci\u00f3n en el Instituto Polit\u00e9cnico &#8220;San Mart\u00edn&#8221; de Rosario.<\/p>\n<p>Al ataque sobrevivieron Ariel Benvenuto, Juan Pablo Trevis\u00e1n, Ivan Brajkovic, Guillermo Blanchini y Mart\u00edn Ludovico Marro, quien vive en Boston y qued\u00f3 internado en el hospital Prebysterian de Manhattan.<\/p>\n<p>Fuente:www.labrujula24.com<\/p>\n","protected":false},"excerpt":{"rendered":"<div class=\"mh-excerpt\"><p>El presidente Mauricio Macri encabez\u00f3 junto al alcalde de Nueva York, Bill de Blasio, un acto en homenaje a las v\u00edctimas del atentado terrorista del 31 de octubre en el que murieron 5 rosarinos. &#8220;Queremos ser parte de esta batalla que tenemos que dar por una convivencia en paz&#8221;, declar\u00f3 el mandatario. &#8220;Los argentinos hacemos un culto de la amistad, y ellos \u00a0estaban ac\u00e1, festejando 30 a\u00f1os de amistad, y sus familias han quedado destruidas.\u00a0\u00a0Esto nos tiene que unir m\u00e1s, y resaltar nuestro compromiso por la paz&#8221;, dijo el Presidente, en un discurso de menos de tres minutos. &#8220;Lo que <a class=\"mh-excerpt-more\" href=\"http:\/\/dsrmedios.com.ar\/diario\/archivos\/2229\" title=\"El Presidente Macri homenaje\u00f3 en Nueva York a los argentinos asesinados por el terrorismo\">[Leer m\u00e1s]<\/a><\/p>\n<\/div>","protected":false},"author":5,"featured_media":2230,"comment_status":"open","ping_status":"closed","sticky":false,"template":"","format":"standard","meta":{"_jetpack_newsletter_access":""},"categories":[18,6],"tags":[],"jetpack_featured_media_url":"http:\/\/dsrmedios.com.ar\/diario\/wp-content\/uploads\/2017\/11\/macriysra.jpg","jetpack_sharing_enabled":true,"jetpack_shortlink":"https:\/\/wp.me\/p9fihK-zX","_links":{"self":[{"href":"http:\/\/dsrmedios.com.ar\/diario\/wp-json\/wp\/v2\/posts\/2229"}],"collection":[{"href":"http:\/\/dsrmedios.com.ar\/diario\/wp-json\/wp\/v2\/posts"}],"about":[{"href":"http:\/\/dsrmedios.com.ar\/diario\/wp-json\/wp\/v2\/types\/post"}],"author":[{"embeddable":true,"href":"http:\/\/dsrmedios.com.ar\/diario\/wp-json\/wp\/v2\/users\/5"}],"replies":[{"embeddable":true,"href":"http:\/\/dsrmedios.com.ar\/diario\/wp-json\/wp\/v2\/comments?post=2229"}],"version-history":[{"count":1,"href":"http:\/\/dsrmedios.com.ar\/diario\/wp-json\/wp\/v2\/posts\/2229\/revisions"}],"predecessor-version":[{"id":2231,"href":"http:\/\/dsrmedios.com.ar\/diario\/wp-json\/wp\/v2\/posts\/2229\/revisions\/2231"}],"wp:featuredmedia":[{"embeddable":true,"href":"http:\/\/dsrmedios.com.ar\/diario\/wp-json\/wp\/v2\/media\/2230"}],"wp:attachment":[{"href":"http:\/\/dsrmedios.com.ar\/diario\/wp-json\/wp\/v2\/media?parent=2229"}],"wp:term":[{"taxonomy":"category","embeddable":true,"href":"http:\/\/dsrmedios.com.ar\/diario\/wp-json\/wp\/v2\/categories?post=2229"},{"taxonomy":"post_tag","embeddable":true,"href":"http:\/\/dsrmedios.com.ar\/diario\/wp-json\/wp\/v2\/tags?post=2229"}],"curies":[{"name":"wp","href":"https:\/\/api.w.org\/{rel}","templated":true}]}}