{"id":2200,"date":"2017-11-06T08:42:19","date_gmt":"2017-11-06T11:42:19","guid":{"rendered":"http:\/\/dsrmedios.com.ar\/diario\/?p=2200"},"modified":"2017-11-06T08:42:19","modified_gmt":"2017-11-06T11:42:19","slug":"el-senador-horacio-lopez-participo-del-analisis-del-presupuesto-provincial-2018","status":"publish","type":"post","link":"http:\/\/dsrmedios.com.ar\/diario\/archivos\/2200","title":{"rendered":"El Senador Horacio L\u00f3pez particip\u00f3 del an\u00e1lisis del presupuesto provincial 2018"},"content":{"rendered":"<p>Esta semana la legislatura bonaerense comenz\u00f3 el tratamiento del presupuesto provincial del a\u00f1o 2018. Durante tres jornadas, los legisladores de ambas C\u00e1maras que componen la Comisi\u00f3n de Presupuesto, se reunieron con el Ministro de Econom\u00eda, Lic. Hernan Lacunza, el Ministro de Infraestructura, Lic. Roberto Gigante, el Ministro de Desarrollo Social, Lic. Santiago L\u00f3pez Medrano y el Ministro de Salud, Dr. Andr\u00e9s Scarsi. Los ministros brindaron informes relativos a sus \u00e1reas de desempe\u00f1o y evacuaron las consultas pertinentes.<\/p>\n<p>El Senador L\u00f3pez, quien particip\u00f3 de dichos encuentros como integrante de Presupuesto e Impuestos del Senado, coment\u00f3 \u201cEl mayor compromiso de los recursos est\u00e1 enfocado en desarrollo social, en obra p\u00fablica y en salud, entiendo que esta prioridad da un perfil de presupuesto que atiende al bonaerense, a lo que necesita diariamente y a lo que nos ha manifestado en el contacto que venimos manteniendo durante toda la gesti\u00f3n\u201d.<\/p>\n","protected":false},"excerpt":{"rendered":"<div class=\"mh-excerpt\"><p>Esta semana la legislatura bonaerense comenz\u00f3 el tratamiento del presupuesto provincial del a\u00f1o 2018. Durante tres jornadas, los legisladores de ambas C\u00e1maras que componen la Comisi\u00f3n de Presupuesto, se reunieron con el Ministro de Econom\u00eda, Lic. Hernan Lacunza, el Ministro de Infraestructura, Lic. Roberto Gigante, el Ministro de Desarrollo Social, Lic. Santiago L\u00f3pez Medrano y el Ministro de Salud, Dr. Andr\u00e9s Scarsi. Los ministros brindaron informes relativos a sus \u00e1reas de desempe\u00f1o y evacuaron las consultas pertinentes. El Senador L\u00f3pez, quien particip\u00f3 de dichos encuentros como integrante de Presupuesto e Impuestos del Senado, coment\u00f3 \u201cEl mayor compromiso de los recursos <a class=\"mh-excerpt-more\" href=\"http:\/\/dsrmedios.com.ar\/diario\/archivos\/2200\" title=\"El Senador Horacio L\u00f3pez particip\u00f3 del an\u00e1lisis del presupuesto provincial 2018\">[Leer m\u00e1s]<\/a><\/p>\n<\/div>","protected":false},"author":5,"featured_media":2202,"comment_status":"open","ping_status":"closed","sticky":false,"template":"","format":"standard","meta":{"_jetpack_newsletter_access":""},"categories":[7],"tags":[],"jetpack_featured_media_url":"http:\/\/dsrmedios.com.ar\/diario\/wp-content\/uploads\/2017\/11\/rr.jpg","jetpack_sharing_enabled":true,"jetpack_shortlink":"https:\/\/wp.me\/p9fihK-zu","_links":{"self":[{"href":"http:\/\/dsrmedios.com.ar\/diario\/wp-json\/wp\/v2\/posts\/2200"}],"collection":[{"href":"http:\/\/dsrmedios.com.ar\/diario\/wp-json\/wp\/v2\/posts"}],"about":[{"href":"http:\/\/dsrmedios.com.ar\/diario\/wp-json\/wp\/v2\/types\/post"}],"author":[{"embeddable":true,"href":"http:\/\/dsrmedios.com.ar\/diario\/wp-json\/wp\/v2\/users\/5"}],"replies":[{"embeddable":true,"href":"http:\/\/dsrmedios.com.ar\/diario\/wp-json\/wp\/v2\/comments?post=2200"}],"version-history":[{"count":1,"href":"http:\/\/dsrmedios.com.ar\/diario\/wp-json\/wp\/v2\/posts\/2200\/revisions"}],"predecessor-version":[{"id":2203,"href":"http:\/\/dsrmedios.com.ar\/diario\/wp-json\/wp\/v2\/posts\/2200\/revisions\/2203"}],"wp:featuredmedia":[{"embeddable":true,"href":"http:\/\/dsrmedios.com.ar\/diario\/wp-json\/wp\/v2\/media\/2202"}],"wp:attachment":[{"href":"http:\/\/dsrmedios.com.ar\/diario\/wp-json\/wp\/v2\/media?parent=2200"}],"wp:term":[{"taxonomy":"category","embeddable":true,"href":"http:\/\/dsrmedios.com.ar\/diario\/wp-json\/wp\/v2\/categories?post=2200"},{"taxonomy":"post_tag","embeddable":true,"href":"http:\/\/dsrmedios.com.ar\/diario\/wp-json\/wp\/v2\/tags?post=2200"}],"curies":[{"name":"wp","href":"https:\/\/api.w.org\/{rel}","templated":true}]}}