{"id":2186,"date":"2017-11-05T20:59:18","date_gmt":"2017-11-05T23:59:18","guid":{"rendered":"http:\/\/dsrmedios.com.ar\/diario\/?p=2186"},"modified":"2017-11-05T20:59:18","modified_gmt":"2017-11-05T23:59:18","slug":"se-llevo-a-cabo-la-maraton-profesor-osvaldo-herrera-en-su-cuarenta-aniversario","status":"publish","type":"post","link":"http:\/\/dsrmedios.com.ar\/diario\/archivos\/2186","title":{"rendered":"Se llev\u00f3 a cabo la Marat\u00f3n &#8220;Profesor Osvaldo Herrera&#8221; en su cuarenta aniversario"},"content":{"rendered":"<p>De la mejor manera se celebraron los 40 a\u00f1os de la Marat\u00f3n &#8220;Profesor Osvaldo Herrera&#8221;. Con la presencia del ex rector de la Escuela Media de dilatada trayectoria en el \u00e1mbito de la cultura y la educaci\u00f3n f\u00edsica, sus pares organizaron la tradicional fiesta deportiva con la presencia de maratonistas de toda la regi\u00f3n y un excelente marco de p\u00fablico en la bella tarde del domingo.<a href=\"http:\/\/dsrmedios.com.ar\/diario\/wp-content\/uploads\/2017\/11\/herrera2.jpg\"><img decoding=\"async\" loading=\"lazy\" class=\"aligncenter size-full wp-image-2188\" src=\"http:\/\/dsrmedios.com.ar\/diario\/wp-content\/uploads\/2017\/11\/herrera2.jpg\" alt=\"\" width=\"960\" height=\"528\" srcset=\"http:\/\/dsrmedios.com.ar\/diario\/wp-content\/uploads\/2017\/11\/herrera2.jpg 960w, http:\/\/dsrmedios.com.ar\/diario\/wp-content\/uploads\/2017\/11\/herrera2-300x165.jpg 300w, http:\/\/dsrmedios.com.ar\/diario\/wp-content\/uploads\/2017\/11\/herrera2-768x422.jpg 768w\" sizes=\"(max-width: 960px) 100vw, 960px\" \/><\/a><\/p>\n","protected":false},"excerpt":{"rendered":"<div class=\"mh-excerpt\"><p>De la mejor manera se celebraron los 40 a\u00f1os de la Marat\u00f3n &#8220;Profesor Osvaldo Herrera&#8221;. Con la presencia del ex rector de la Escuela Media de dilatada trayectoria en el \u00e1mbito de la cultura y la educaci\u00f3n f\u00edsica, sus pares organizaron la tradicional fiesta deportiva con la presencia de maratonistas de toda la regi\u00f3n y un excelente marco de p\u00fablico en la bella tarde del domingo.<\/p>\n<\/div>","protected":false},"author":5,"featured_media":2187,"comment_status":"open","ping_status":"closed","sticky":false,"template":"","format":"standard","meta":{"_jetpack_newsletter_access":""},"categories":[18],"tags":[],"jetpack_featured_media_url":"http:\/\/dsrmedios.com.ar\/diario\/wp-content\/uploads\/2017\/11\/herrera.jpg","jetpack_sharing_enabled":true,"jetpack_shortlink":"https:\/\/wp.me\/p9fihK-zg","_links":{"self":[{"href":"http:\/\/dsrmedios.com.ar\/diario\/wp-json\/wp\/v2\/posts\/2186"}],"collection":[{"href":"http:\/\/dsrmedios.com.ar\/diario\/wp-json\/wp\/v2\/posts"}],"about":[{"href":"http:\/\/dsrmedios.com.ar\/diario\/wp-json\/wp\/v2\/types\/post"}],"author":[{"embeddable":true,"href":"http:\/\/dsrmedios.com.ar\/diario\/wp-json\/wp\/v2\/users\/5"}],"replies":[{"embeddable":true,"href":"http:\/\/dsrmedios.com.ar\/diario\/wp-json\/wp\/v2\/comments?post=2186"}],"version-history":[{"count":1,"href":"http:\/\/dsrmedios.com.ar\/diario\/wp-json\/wp\/v2\/posts\/2186\/revisions"}],"predecessor-version":[{"id":2189,"href":"http:\/\/dsrmedios.com.ar\/diario\/wp-json\/wp\/v2\/posts\/2186\/revisions\/2189"}],"wp:featuredmedia":[{"embeddable":true,"href":"http:\/\/dsrmedios.com.ar\/diario\/wp-json\/wp\/v2\/media\/2187"}],"wp:attachment":[{"href":"http:\/\/dsrmedios.com.ar\/diario\/wp-json\/wp\/v2\/media?parent=2186"}],"wp:term":[{"taxonomy":"category","embeddable":true,"href":"http:\/\/dsrmedios.com.ar\/diario\/wp-json\/wp\/v2\/categories?post=2186"},{"taxonomy":"post_tag","embeddable":true,"href":"http:\/\/dsrmedios.com.ar\/diario\/wp-json\/wp\/v2\/tags?post=2186"}],"curies":[{"name":"wp","href":"https:\/\/api.w.org\/{rel}","templated":true}]}}