{"id":2176,"date":"2017-11-05T20:40:55","date_gmt":"2017-11-05T23:40:55","guid":{"rendered":"http:\/\/dsrmedios.com.ar\/diario\/?p=2176"},"modified":"2017-11-05T20:40:55","modified_gmt":"2017-11-05T23:40:55","slug":"confirman-que-es-el-cuerpo-de-rodrigo-hredil-el-chico-desaparecido-en-las-grutas","status":"publish","type":"post","link":"http:\/\/dsrmedios.com.ar\/diario\/archivos\/2176","title":{"rendered":"Confirman que es el cuerpo de Rodrigo Hredil el chico desaparecido en Las Grutas"},"content":{"rendered":"<p>El Ministerio P\u00fablico Fiscal confirm\u00f3 esta tarde que\u00a0<a href=\"http:\/\/www.lanueva.com\/la-region\/917696\/san-antonio-oeste--hallaron-un-cadaver-e-investigan-si-pertenece-a-rodrigo-hredil.html\" target=\"_blank\" rel=\"noopener\"><strong>el cuerpo encontrado en San Antonio Oeste<\/strong><\/a>\u00a0es de Rodrigo Hredil, el joven\u00a0<a href=\"http:\/\/www.lanueva.com\/la-ciudad\/824226\/buscan-en-las-grutas-a-un-joven-que-estudia-en-nuestra-ciudad.html\" target=\"_blank\" rel=\"noopener\"><strong>desaparecido hace m\u00e1s de dos a\u00f1os<\/strong><\/a>\u00a0que estudiaba en Bah\u00eda Blanca.<\/p>\n<p>La certeza se la dio el informe de ADN, firmado por la responsable del Laboratorio Regional de Gen\u00e9tica Forense, Silvia Vannelli Rey.<\/p>\n<p>&#8220;El an\u00e1lisis molecular de ADN se efectu\u00f3 sobre una di\u00e1fisis de h\u00famero izquierdo y de f\u00e9mur derecho y dicho estudio arroj\u00f3 que &#8220;el v\u00ednculo de maternidad de Celia Araya con respecto a los restos \u00f3seos analizados es superior al 99,9 %&#8221;, se\u00f1ala el parte.<\/p>\n<p>El informe se\u00f1ala entre otras conclusiones que &#8220;la data de la muerte se puede precisar en mayor a un a\u00f1o&#8221; y que de dicho examen &#8220;no es posible determinar las causas&#8221; de la misma. Aclararon que &#8220;no se observa en las partes \u00f3seas signos compatibles con traumatismos&#8221;.<\/p>\n<p>En el referido informe m\u00e9dico se destaca tambi\u00e9n que el estudio dentario realizado por el odont\u00f3logo Sergio Thefs, arrojaba iguales conclusiones de correspondencia por conformaci\u00f3n y desgaste de piezas dentales.<\/p>\n<p>Con estas precisiones, la Fiscal\u00eda dispondr\u00e1 el cese de la b\u00fasqueda comunic\u00e1ndolo tanto a Interpol como a los Ministerios de Seguridad y Justicia de la Naci\u00f3n y de la Provincia de R\u00edo Negro.<\/p>\n<p>Fuente www.lanueva.com.ar<\/p>\n","protected":false},"excerpt":{"rendered":"<div class=\"mh-excerpt\"><p>El Ministerio P\u00fablico Fiscal confirm\u00f3 esta tarde que\u00a0el cuerpo encontrado en San Antonio Oeste\u00a0es de Rodrigo Hredil, el joven\u00a0desaparecido hace m\u00e1s de dos a\u00f1os\u00a0que estudiaba en Bah\u00eda Blanca. La certeza se la dio el informe de ADN, firmado por la responsable del Laboratorio Regional de Gen\u00e9tica Forense, Silvia Vannelli Rey. &#8220;El an\u00e1lisis molecular de ADN se efectu\u00f3 sobre una di\u00e1fisis de h\u00famero izquierdo y de f\u00e9mur derecho y dicho estudio arroj\u00f3 que &#8220;el v\u00ednculo de maternidad de Celia Araya con respecto a los restos \u00f3seos analizados es superior al 99,9 %&#8221;, se\u00f1ala el parte. El informe se\u00f1ala entre otras conclusiones <a class=\"mh-excerpt-more\" href=\"http:\/\/dsrmedios.com.ar\/diario\/archivos\/2176\" title=\"Confirman que es el cuerpo de Rodrigo Hredil el chico desaparecido en Las Grutas\">[Leer m\u00e1s]<\/a><\/p>\n<\/div>","protected":false},"author":5,"featured_media":2177,"comment_status":"open","ping_status":"closed","sticky":false,"template":"","format":"standard","meta":{"_jetpack_newsletter_access":""},"categories":[1],"tags":[],"jetpack_featured_media_url":"http:\/\/dsrmedios.com.ar\/diario\/wp-content\/uploads\/2017\/11\/rodrigo.jpg","jetpack_sharing_enabled":true,"jetpack_shortlink":"https:\/\/wp.me\/p9fihK-z6","_links":{"self":[{"href":"http:\/\/dsrmedios.com.ar\/diario\/wp-json\/wp\/v2\/posts\/2176"}],"collection":[{"href":"http:\/\/dsrmedios.com.ar\/diario\/wp-json\/wp\/v2\/posts"}],"about":[{"href":"http:\/\/dsrmedios.com.ar\/diario\/wp-json\/wp\/v2\/types\/post"}],"author":[{"embeddable":true,"href":"http:\/\/dsrmedios.com.ar\/diario\/wp-json\/wp\/v2\/users\/5"}],"replies":[{"embeddable":true,"href":"http:\/\/dsrmedios.com.ar\/diario\/wp-json\/wp\/v2\/comments?post=2176"}],"version-history":[{"count":1,"href":"http:\/\/dsrmedios.com.ar\/diario\/wp-json\/wp\/v2\/posts\/2176\/revisions"}],"predecessor-version":[{"id":2178,"href":"http:\/\/dsrmedios.com.ar\/diario\/wp-json\/wp\/v2\/posts\/2176\/revisions\/2178"}],"wp:featuredmedia":[{"embeddable":true,"href":"http:\/\/dsrmedios.com.ar\/diario\/wp-json\/wp\/v2\/media\/2177"}],"wp:attachment":[{"href":"http:\/\/dsrmedios.com.ar\/diario\/wp-json\/wp\/v2\/media?parent=2176"}],"wp:term":[{"taxonomy":"category","embeddable":true,"href":"http:\/\/dsrmedios.com.ar\/diario\/wp-json\/wp\/v2\/categories?post=2176"},{"taxonomy":"post_tag","embeddable":true,"href":"http:\/\/dsrmedios.com.ar\/diario\/wp-json\/wp\/v2\/tags?post=2176"}],"curies":[{"name":"wp","href":"https:\/\/api.w.org\/{rel}","templated":true}]}}