{"id":2149,"date":"2017-11-03T08:22:50","date_gmt":"2017-11-03T11:22:50","guid":{"rendered":"http:\/\/dsrmedios.com.ar\/diario\/?p=2149"},"modified":"2018-05-22T09:23:44","modified_gmt":"2018-05-22T12:23:44","slug":"detuvieron-al-ex-vicepresidente-de-la-nacion-amado-bodou-y-jose-nunez-carmona","status":"publish","type":"post","link":"http:\/\/dsrmedios.com.ar\/diario\/archivos\/2149","title":{"rendered":"Detuvieron al ex Vicepresidente de la Naci\u00f3n Amado Bodou y Jos\u00e9 Nu\u00f1ez Carmona"},"content":{"rendered":"<div class=\"row\">\n<div class=\"col-xs-12 col-print-12\">\n<p class=\"element element-paragraph\">Un grupo de agentes de la Prefectura Naval Argentina ingres\u00f3 hace instantes al edificio Madero Center de Puerto Madero y detuvo al ex vicepresidente de la Naci\u00f3n,\u00a0<strong>Amado Boudou<\/strong>.<\/p>\n<\/div>\n<\/div>\n<div class=\"row\">\n<div class=\"col-xs-12 col-print-12\">\n<p class=\"element element-paragraph\">Seg\u00fan confirmaron\u00a0fuentes oficiales, los prefectos entraron al edificio donde vive el ex vicepresidente y ex ministro de Econom\u00eda del gobierno de Cristina Kirchner con una orden de detenci\u00f3n firmada por el magistrado Ariel Lijo.<\/p>\n<\/div>\n<\/div>\n<div id=\"ct_inread_warrper\">\n<div>El empresario\u00a0<strong>Jos\u00e9 Mar\u00eda N\u00fa\u00f1ez Carmona<\/strong>, amigo, socio y considerado testaferro de Boudou, tambi\u00e9n fue detenido por orden del juez.<\/div>\n<div><\/div>\n<div>Fuente:www.infobae.com.ar<\/div>\n<\/div>\n","protected":false},"excerpt":{"rendered":"<div class=\"mh-excerpt\"><p>Un grupo de agentes de la Prefectura Naval Argentina ingres\u00f3 hace instantes al edificio Madero Center de Puerto Madero y detuvo al ex vicepresidente de la Naci\u00f3n,\u00a0Amado Boudou. Seg\u00fan confirmaron\u00a0fuentes oficiales, los prefectos entraron al edificio donde vive el ex vicepresidente y ex ministro de Econom\u00eda del gobierno de Cristina Kirchner con una orden de detenci\u00f3n firmada por el magistrado Ariel Lijo. El empresario\u00a0Jos\u00e9 Mar\u00eda N\u00fa\u00f1ez Carmona, amigo, socio y considerado testaferro de Boudou, tambi\u00e9n fue detenido por orden del juez. Fuente:www.infobae.com.ar<\/p>\n<\/div>","protected":false},"author":5,"featured_media":2150,"comment_status":"open","ping_status":"closed","sticky":false,"template":"","format":"standard","meta":{"_jetpack_newsletter_access":""},"categories":[1],"tags":[],"jetpack_featured_media_url":"http:\/\/dsrmedios.com.ar\/diario\/wp-content\/uploads\/2017\/11\/boudou.jpg","jetpack_sharing_enabled":true,"jetpack_shortlink":"https:\/\/wp.me\/p9fihK-yF","_links":{"self":[{"href":"http:\/\/dsrmedios.com.ar\/diario\/wp-json\/wp\/v2\/posts\/2149"}],"collection":[{"href":"http:\/\/dsrmedios.com.ar\/diario\/wp-json\/wp\/v2\/posts"}],"about":[{"href":"http:\/\/dsrmedios.com.ar\/diario\/wp-json\/wp\/v2\/types\/post"}],"author":[{"embeddable":true,"href":"http:\/\/dsrmedios.com.ar\/diario\/wp-json\/wp\/v2\/users\/5"}],"replies":[{"embeddable":true,"href":"http:\/\/dsrmedios.com.ar\/diario\/wp-json\/wp\/v2\/comments?post=2149"}],"version-history":[{"count":1,"href":"http:\/\/dsrmedios.com.ar\/diario\/wp-json\/wp\/v2\/posts\/2149\/revisions"}],"predecessor-version":[{"id":2151,"href":"http:\/\/dsrmedios.com.ar\/diario\/wp-json\/wp\/v2\/posts\/2149\/revisions\/2151"}],"wp:featuredmedia":[{"embeddable":true,"href":"http:\/\/dsrmedios.com.ar\/diario\/wp-json\/wp\/v2\/media\/2150"}],"wp:attachment":[{"href":"http:\/\/dsrmedios.com.ar\/diario\/wp-json\/wp\/v2\/media?parent=2149"}],"wp:term":[{"taxonomy":"category","embeddable":true,"href":"http:\/\/dsrmedios.com.ar\/diario\/wp-json\/wp\/v2\/categories?post=2149"},{"taxonomy":"post_tag","embeddable":true,"href":"http:\/\/dsrmedios.com.ar\/diario\/wp-json\/wp\/v2\/tags?post=2149"}],"curies":[{"name":"wp","href":"https:\/\/api.w.org\/{rel}","templated":true}]}}