{"id":2072,"date":"2017-11-01T07:31:51","date_gmt":"2017-11-01T10:31:51","guid":{"rendered":"http:\/\/dsrmedios.com.ar\/diario\/?p=2072"},"modified":"2017-11-01T07:31:51","modified_gmt":"2017-11-01T10:31:51","slug":"ctera-convoca-a-suspender-cambios-en-educacion-secundaria-y-debatirlos-con-autoridades","status":"publish","type":"post","link":"http:\/\/dsrmedios.com.ar\/diario\/archivos\/2072","title":{"rendered":"CTERA convoca a suspender cambios en educaci\u00f3n secundaria y debatirlos con autoridades"},"content":{"rendered":"<p>Un comunicado firmado por los referentes de CTERA Roberto Baradel y\u00a0 Sonia Alesso, convoca a debatir sobre la educaci\u00f3n secundaria. El mismo reza lo siguiente:<\/p>\n<p>Distintas organizaciones y personalidades del \u00e1mbito universitario, acad\u00e9mico, sindical, pedag\u00f3gico, alarmados por una eventual reforma en las Escuelas Secundarias de la Ciudad y del pa\u00eds, que muestran una precariedad pedag\u00f3gica y t\u00e9cnica del proyecto presentado por distintos medios, han solicitado a las autoridades nacionales &#8211; Sr. Ministro de Educaci\u00f3n, Dr. Alejandro Finocchiaro \u2013 y de la Ciudad de Buenos Aires \u2013 Sra. Ministra de Educaci\u00f3n de la Ciudad Aut\u00f3noma de Buenos Aires, Lic. Soledad Acu\u00f1a \u2013 que suspendan la implementaci\u00f3n de la reforma y que convoquen a espacios de debate sistem\u00e1ticos y plurales que brinden la posibilidad de construir consensos, la sustentabilidad y la consistencia necesarios para avanzar en las transformaciones que la Escuela Secundaria requiere y que todxs lxs ciudadanxs deseamos.<\/p>\n<p><span><span><span>Esperamos que las autoridades de la Educaci\u00f3n de la Naci\u00f3n y la Ciudad comprendan la importancia de dialogar, debatir y consensuar en este tema crucial para la Educaci\u00f3n P\u00fablica y que convoquen al di\u00e1logo y suspendan cualquier reforma inconsulta sobre la Escuela Secundaria.<\/span><\/span><\/span><\/p>\n<p><span><span><span>http:\/\/www.suteba.org.ar\/por-un-debate-amplio-sobre-el-futuro-de-la-escuela-secundaria-16910.html<\/span><\/span><\/span><\/p>\n<p><span><span><span><\/p>\n<p><\/span><\/span><\/span><\/p>\n<p>&nbsp;<\/p>\n","protected":false},"excerpt":{"rendered":"<div class=\"mh-excerpt\"><p>Un comunicado firmado por los referentes de CTERA Roberto Baradel y\u00a0 Sonia Alesso, convoca a debatir sobre la educaci\u00f3n secundaria. El mismo reza lo siguiente: Distintas organizaciones y personalidades del \u00e1mbito universitario, acad\u00e9mico, sindical, pedag\u00f3gico, alarmados por una eventual reforma en las Escuelas Secundarias de la Ciudad y del pa\u00eds, que muestran una precariedad pedag\u00f3gica y t\u00e9cnica del proyecto presentado por distintos medios, han solicitado a las autoridades nacionales &#8211; Sr. Ministro de Educaci\u00f3n, Dr. Alejandro Finocchiaro \u2013 y de la Ciudad de Buenos Aires \u2013 Sra. Ministra de Educaci\u00f3n de la Ciudad Aut\u00f3noma de Buenos Aires, Lic. Soledad Acu\u00f1a <a class=\"mh-excerpt-more\" href=\"http:\/\/dsrmedios.com.ar\/diario\/archivos\/2072\" title=\"CTERA convoca a suspender cambios en educaci\u00f3n secundaria y debatirlos con autoridades\">[Leer m\u00e1s]<\/a><\/p>\n<\/div>","protected":false},"author":5,"featured_media":2073,"comment_status":"open","ping_status":"closed","sticky":false,"template":"","format":"standard","meta":{"_jetpack_newsletter_access":""},"categories":[2,18],"tags":[],"jetpack_featured_media_url":"http:\/\/dsrmedios.com.ar\/diario\/wp-content\/uploads\/2017\/11\/baradelalesoo.jpg","jetpack_sharing_enabled":true,"jetpack_shortlink":"https:\/\/wp.me\/p9fihK-xq","_links":{"self":[{"href":"http:\/\/dsrmedios.com.ar\/diario\/wp-json\/wp\/v2\/posts\/2072"}],"collection":[{"href":"http:\/\/dsrmedios.com.ar\/diario\/wp-json\/wp\/v2\/posts"}],"about":[{"href":"http:\/\/dsrmedios.com.ar\/diario\/wp-json\/wp\/v2\/types\/post"}],"author":[{"embeddable":true,"href":"http:\/\/dsrmedios.com.ar\/diario\/wp-json\/wp\/v2\/users\/5"}],"replies":[{"embeddable":true,"href":"http:\/\/dsrmedios.com.ar\/diario\/wp-json\/wp\/v2\/comments?post=2072"}],"version-history":[{"count":1,"href":"http:\/\/dsrmedios.com.ar\/diario\/wp-json\/wp\/v2\/posts\/2072\/revisions"}],"predecessor-version":[{"id":2074,"href":"http:\/\/dsrmedios.com.ar\/diario\/wp-json\/wp\/v2\/posts\/2072\/revisions\/2074"}],"wp:featuredmedia":[{"embeddable":true,"href":"http:\/\/dsrmedios.com.ar\/diario\/wp-json\/wp\/v2\/media\/2073"}],"wp:attachment":[{"href":"http:\/\/dsrmedios.com.ar\/diario\/wp-json\/wp\/v2\/media?parent=2072"}],"wp:term":[{"taxonomy":"category","embeddable":true,"href":"http:\/\/dsrmedios.com.ar\/diario\/wp-json\/wp\/v2\/categories?post=2072"},{"taxonomy":"post_tag","embeddable":true,"href":"http:\/\/dsrmedios.com.ar\/diario\/wp-json\/wp\/v2\/tags?post=2072"}],"curies":[{"name":"wp","href":"https:\/\/api.w.org\/{rel}","templated":true}]}}