{"id":2055,"date":"2017-10-31T08:50:49","date_gmt":"2017-10-31T11:50:49","guid":{"rendered":"http:\/\/dsrmedios.com.ar\/diario\/?p=2055"},"modified":"2017-10-31T08:50:49","modified_gmt":"2017-10-31T11:50:49","slug":"el-ajuste-en-la-provincia-eliminara-ciento-cincuenta-cargos-politicos","status":"publish","type":"post","link":"http:\/\/dsrmedios.com.ar\/diario\/archivos\/2055","title":{"rendered":"El ajuste en la Provincia eliminar\u00e1 ciento cincuenta cargos pol\u00edticos"},"content":{"rendered":"<p>Para poder lograr la reducci\u00f3n de esta enorme cifra, seg\u00fan precisaron, el jefe de Gabinete,\u00a0<a href=\"http:\/\/www.perfil.com\/politica\/federico-salvai-a-cambiemos-hay-que-nutrielo-de-dirigentes-de-todos-los-sectores.phtml\">Federico Salvai,<\/a>\u00a0y el ministro de Econom\u00eda,\u00a0<a href=\"http:\/\/www.perfil.com\/politica\/no-hubo-acuerdo-y-los-docentes-anunciaron-paro-para-el-15-16-21-y-22-de-marzo.phtml\">Hern\u00e1n Lacunza,<\/a>\u00a0eliminar\u00e1n en total 150 cargos pol\u00edticos\u00a0pero &#8220;sin tocar personal&#8221;.<\/p>\n<p>La pr\u00f3xima semana, de acuerdo con lo adelantado por los funcionarios, se enviar\u00e1 a la Legislatura provincial un proyecto de ley de Ministerios, que apunta a lograr &#8220;una mayor celeridad y eficiencia&#8221; en la administraci\u00f3n p\u00fablica.<\/p>\n<p>Asimismo, la semana pr\u00f3xima se presentar\u00e1 otro proyecto de ley para\u00a0derogar las jubilaciones de privilegio de gobernadores, vicegobernadores y legisladores provinciales, hasta el momento beneficiados con una menor edad para acogerse al beneficio y menos a\u00f1os de aportes.<\/p>\n<p>Los funcionarios destacaron que luego de &#8220;varias reuniones&#8221; con legisladores, las negociaciones &#8220;est\u00e1n muy avanzadas&#8221; para que se apruebe la reducci\u00f3n de gastos en la Legislatura bonaerense, que al ser un poder aut\u00f3nomo no depende de las decisiones de la gobernadora,\u00a0<a href=\"http:\/\/www.perfil.com\/politica\/maria-eugenia-vidal-la-pelea-contra-las-mafias-se-va-a-ver-condicionada-si-no-ganamos.phtml\">Mar\u00eda Eugenia Vidal.<\/a><\/p>\n<p>&#8220;En la primera reuni\u00f3n hablamos de una reducci\u00f3n de 600 millones de pesos, en la \u00faltima de 2.500 millones. Creo que no quieren reunirse otra vez&#8221;, ironiz\u00f3 Salvai.<\/p>\n<p>fuente:www.perfil.com.ar<\/p>\n","protected":false},"excerpt":{"rendered":"<div class=\"mh-excerpt\"><p>Para poder lograr la reducci\u00f3n de esta enorme cifra, seg\u00fan precisaron, el jefe de Gabinete,\u00a0Federico Salvai,\u00a0y el ministro de Econom\u00eda,\u00a0Hern\u00e1n Lacunza,\u00a0eliminar\u00e1n en total 150 cargos pol\u00edticos\u00a0pero &#8220;sin tocar personal&#8221;. La pr\u00f3xima semana, de acuerdo con lo adelantado por los funcionarios, se enviar\u00e1 a la Legislatura provincial un proyecto de ley de Ministerios, que apunta a lograr &#8220;una mayor celeridad y eficiencia&#8221; en la administraci\u00f3n p\u00fablica. Asimismo, la semana pr\u00f3xima se presentar\u00e1 otro proyecto de ley para\u00a0derogar las jubilaciones de privilegio de gobernadores, vicegobernadores y legisladores provinciales, hasta el momento beneficiados con una menor edad para acogerse al beneficio y menos <a class=\"mh-excerpt-more\" href=\"http:\/\/dsrmedios.com.ar\/diario\/archivos\/2055\" title=\"El ajuste en la Provincia eliminar\u00e1 ciento cincuenta cargos pol\u00edticos\">[Leer m\u00e1s]<\/a><\/p>\n<\/div>","protected":false},"author":5,"featured_media":2056,"comment_status":"open","ping_status":"closed","sticky":false,"template":"","format":"standard","meta":{"_jetpack_newsletter_access":""},"categories":[18,7],"tags":[],"jetpack_featured_media_url":"http:\/\/dsrmedios.com.ar\/diario\/wp-content\/uploads\/2017\/10\/vidalama.jpg","jetpack_sharing_enabled":true,"jetpack_shortlink":"https:\/\/wp.me\/p9fihK-x9","_links":{"self":[{"href":"http:\/\/dsrmedios.com.ar\/diario\/wp-json\/wp\/v2\/posts\/2055"}],"collection":[{"href":"http:\/\/dsrmedios.com.ar\/diario\/wp-json\/wp\/v2\/posts"}],"about":[{"href":"http:\/\/dsrmedios.com.ar\/diario\/wp-json\/wp\/v2\/types\/post"}],"author":[{"embeddable":true,"href":"http:\/\/dsrmedios.com.ar\/diario\/wp-json\/wp\/v2\/users\/5"}],"replies":[{"embeddable":true,"href":"http:\/\/dsrmedios.com.ar\/diario\/wp-json\/wp\/v2\/comments?post=2055"}],"version-history":[{"count":1,"href":"http:\/\/dsrmedios.com.ar\/diario\/wp-json\/wp\/v2\/posts\/2055\/revisions"}],"predecessor-version":[{"id":2057,"href":"http:\/\/dsrmedios.com.ar\/diario\/wp-json\/wp\/v2\/posts\/2055\/revisions\/2057"}],"wp:featuredmedia":[{"embeddable":true,"href":"http:\/\/dsrmedios.com.ar\/diario\/wp-json\/wp\/v2\/media\/2056"}],"wp:attachment":[{"href":"http:\/\/dsrmedios.com.ar\/diario\/wp-json\/wp\/v2\/media?parent=2055"}],"wp:term":[{"taxonomy":"category","embeddable":true,"href":"http:\/\/dsrmedios.com.ar\/diario\/wp-json\/wp\/v2\/categories?post=2055"},{"taxonomy":"post_tag","embeddable":true,"href":"http:\/\/dsrmedios.com.ar\/diario\/wp-json\/wp\/v2\/tags?post=2055"}],"curies":[{"name":"wp","href":"https:\/\/api.w.org\/{rel}","templated":true}]}}