{"id":2038,"date":"2017-10-31T08:25:40","date_gmt":"2017-10-31T11:25:40","guid":{"rendered":"http:\/\/dsrmedios.com.ar\/diario\/?p=2038"},"modified":"2017-10-31T08:25:40","modified_gmt":"2017-10-31T11:25:40","slug":"el-ex-intendente-moccero-asegura-que-la-denuncia-en-su-contra-esta-armada-y-es-un-mamarracho","status":"publish","type":"post","link":"http:\/\/dsrmedios.com.ar\/diario\/archivos\/2038","title":{"rendered":"El ex intendente Moccero asegura que la denuncia en su contra est\u00e1 armada y es un mamarracho"},"content":{"rendered":"<section class=\"titulos\">El exintendente desliz\u00f3 que el intendente Roberto Palacio podr\u00eda haber adulterado un expediente para incriminarlo. Tambi\u00e9n carg\u00f3 contra un medio local.<\/p>\n<\/section>\n<section>\n<div class=\"content-body\">\n<div class=\"multimedia-nota\">\n<div class=\"multimedia-foto\">\n<p>El diputado provincial Ricardo Moccero, fiel a su estilo, sali\u00f3 con todo a responder las acusaciones en su contra. Fotos: Archivo La Nueva.<\/p>\n<\/div>\n<div class=\"desarrollo width100\">\n<p>El exintendente suarense Ricardo Moccero desestim\u00f3\u00a0<a href=\"http:\/\/www.lanueva.com\/la-region\/920670\/suarez--el-diputado-moccero-fue-denunciado-penalmente-por-supuestas-irregularidades.html\" target=\"_blank\" rel=\"noopener\">las denuncias en su contra por presuntas irregularidades en obras p\u00fablicas<\/a>\u00a0y desliz\u00f3 que la administraci\u00f3n de Roberto Palacio podr\u00eda haber alterado un expediente para incriminarlo.<\/p>\n<p>El diputado provincial difundi\u00f3 hace instantes un comunicado en el que se pregunt\u00f3 por qu\u00e9 ahora, despu\u00e9s de dos a\u00f1os al frente del gobierno municipal, el intendente Roberto Palacio y el asesor letrado C\u00e9sar Elorriaga presentaron una denuncia sobre supuestas irregularidades en una licitaci\u00f3n de cloacas.<\/p>\n<p>&#8220;\u00bfPor qu\u00e9 esperaron tanto para investigar la cuesti\u00f3n? -inquiri\u00f3-. \u00bfHabr\u00e1n adulterado ellos el expediente que mencionan para no pagarle al proveedor?&#8221;<\/p>\n<p>Moccero tambi\u00e9n acus\u00f3 al intendente Palacio y al medio de prensa local &#8220;Nuevo D\u00eda&#8221; de difundir &#8220;grav\u00edsimas calumnias e injurias&#8221;, aunque dijo no estar sorprendido por esta &#8220;nueva acusaci\u00f3n&#8221;.<\/p>\n<p>&#8220;Tampoco me sorprendi\u00f3 el momento particular que eligieron para hacer la acusaci\u00f3n -fustig\u00f3-. No se toman la molestia ni de disimular&#8221;.<\/p>\n<h5>\u00bfPor qu\u00e9 esperaron tanto para investigar la cuesti\u00f3n? \u00bfHabr\u00e1n adulterado ellos el expediente que mencionan para no pagarle al proveedor?&#8221;, se pregunt\u00f3 Moccero.<\/h5>\n<p>El exintendente -actual concejal electo- se\u00f1al\u00f3 que tiene previsto presentarse en forma espont\u00e1nea ante la Justicia para manifestar que est\u00e1 a plena disposici\u00f3n para brindar &#8220;toda la informaci\u00f3n que necesite para llegar al fondo de la cuesti\u00f3n&#8221;.<\/p>\n<h2>Los mismos funcionarios<\/h2>\n<p>Moccero subray\u00f3 que siempre actu\u00f3 con &#8220;transparencia y honestidad&#8221;, y asegur\u00f3 que Elorriaga intenta ensuciarlo &#8220;con la misma cloaca que tienen ellos en sus cabezas&#8221;.<\/p>\n<p>&#8220;El sistema de licitaci\u00f3n del municipio contin\u00faa siendo el mismo que se utiliz\u00f3 durante mi gesti\u00f3n, y con los mismos funcionarios: la jefa de Compras, Silvia L\u00e1zaro, y el contador Leandro P\u00e9rez. Ambos jam\u00e1s pagaron una obra que no estuviera correctamente licitada y aprobada por los distintos organismos de la constituci\u00f3n&#8221;, se defendi\u00f3.<\/p>\n<p>Tambi\u00e9n dijo que durante 18 a\u00f1os el Tribunal de Cuentas aprob\u00f3 &#8220;todas las rendiciones&#8221; del municipio, y record\u00f3 que \u00e9l es uno de los pocos funcionarios pol\u00edticos que present\u00f3 siempre sus declaraciones juradas de bienes &#8220;rigurosa y anualmente&#8221; ante la AFIP.<\/p>\n<p>&#8220;\u00bfDe qu\u00e9 corrupci\u00f3n me hablan estos personajes?&#8221;, se pregunt\u00f3 Moccero.<\/p>\n<p>&#8220;Si quieren hablar de corrupci\u00f3n -continu\u00f3- podemos hablar de cuando el exsecretario de Gobierno Municipal (N.deR.: aludir\u00eda a Guillermo Sol), avalado por el intendente Palacio, cobr\u00f3 cheques de un transportista para pagar &#8216;otras&#8217; cuentitas&#8221;.<\/p>\n<p>&#8220;Esto s\u00ed est\u00e1 debidamente documentado y hasta existe un audio que se hizo p\u00fablico en las redes sociales. El intendente debi\u00f3 radicar la denuncia penal contra el exsecretario de Gobierno, pero no lo hizo, incumpliendo con sus deberes de funcionario p\u00fablico&#8221;, complet\u00f3.<\/p>\n<p>&nbsp;<\/p>\n<h2>&#8220;Mamarracho de denuncia&#8221;<\/h2>\n<p>Moccero dijo que el oficialismo est\u00e1 especulando &#8220;porque la Justicia es lenta y entonces tendr\u00e1n muchas ediciones para intentar desprestigiarme&#8221;.<\/p>\n<p>&#8220;Toman a los vecinos de tontos creyendo que a nadie le parecer\u00e1 raro el momento que eligieron para hacer este mamarracho de denuncia&#8221;, a\u00f1adi\u00f3.<\/p>\n<p>Tambi\u00e9n asegur\u00f3 que el oficialismo no lograr\u00e1 su cometido, que es -asegur\u00f3- borrarlo de la pol\u00edtica.<\/p>\n<p>&#8220;No van a poder porque me encuentran m\u00e1s fuerte que nunca. No podr\u00e1n hacerme bajar los brazos, mal que le pese a algunos &#8216;pol\u00edticos&#8217; suarenses&#8221;, advirti\u00f3.<\/p>\n<p>Por \u00faltimo, se pregunt\u00f3 cu\u00e1nto le paga el municipio a la prensa para &#8220;publicar estos agravios<\/p>\n<p>Fuente:www.lanueva.com.ar<\/p>\n<\/div>\n<\/div>\n<\/div>\n<\/section>\n","protected":false},"excerpt":{"rendered":"<div class=\"mh-excerpt\"><p>El exintendente desliz\u00f3 que el intendente Roberto Palacio podr\u00eda haber adulterado un expediente para incriminarlo. Tambi\u00e9n carg\u00f3 contra un medio local. El diputado provincial Ricardo Moccero, fiel a su estilo, sali\u00f3 con todo a responder las acusaciones en su contra. Fotos: Archivo La Nueva. El exintendente suarense Ricardo Moccero desestim\u00f3\u00a0las denuncias en su contra por presuntas irregularidades en obras p\u00fablicas\u00a0y desliz\u00f3 que la administraci\u00f3n de Roberto Palacio podr\u00eda haber alterado un expediente para incriminarlo. El diputado provincial difundi\u00f3 hace instantes un comunicado en el que se pregunt\u00f3 por qu\u00e9 ahora, despu\u00e9s de dos a\u00f1os al frente del gobierno municipal, el <a class=\"mh-excerpt-more\" href=\"http:\/\/dsrmedios.com.ar\/diario\/archivos\/2038\" title=\"El ex intendente Moccero asegura que la denuncia en su contra est\u00e1 armada y es un mamarracho\">[Leer m\u00e1s]<\/a><\/p>\n<\/div>","protected":false},"author":5,"featured_media":2040,"comment_status":"open","ping_status":"closed","sticky":false,"template":"","format":"standard","meta":{"_jetpack_newsletter_access":""},"categories":[18,8],"tags":[],"jetpack_featured_media_url":"http:\/\/dsrmedios.com.ar\/diario\/wp-content\/uploads\/2017\/10\/mocce3.jpg","jetpack_sharing_enabled":true,"jetpack_shortlink":"https:\/\/wp.me\/p9fihK-wS","_links":{"self":[{"href":"http:\/\/dsrmedios.com.ar\/diario\/wp-json\/wp\/v2\/posts\/2038"}],"collection":[{"href":"http:\/\/dsrmedios.com.ar\/diario\/wp-json\/wp\/v2\/posts"}],"about":[{"href":"http:\/\/dsrmedios.com.ar\/diario\/wp-json\/wp\/v2\/types\/post"}],"author":[{"embeddable":true,"href":"http:\/\/dsrmedios.com.ar\/diario\/wp-json\/wp\/v2\/users\/5"}],"replies":[{"embeddable":true,"href":"http:\/\/dsrmedios.com.ar\/diario\/wp-json\/wp\/v2\/comments?post=2038"}],"version-history":[{"count":1,"href":"http:\/\/dsrmedios.com.ar\/diario\/wp-json\/wp\/v2\/posts\/2038\/revisions"}],"predecessor-version":[{"id":2041,"href":"http:\/\/dsrmedios.com.ar\/diario\/wp-json\/wp\/v2\/posts\/2038\/revisions\/2041"}],"wp:featuredmedia":[{"embeddable":true,"href":"http:\/\/dsrmedios.com.ar\/diario\/wp-json\/wp\/v2\/media\/2040"}],"wp:attachment":[{"href":"http:\/\/dsrmedios.com.ar\/diario\/wp-json\/wp\/v2\/media?parent=2038"}],"wp:term":[{"taxonomy":"category","embeddable":true,"href":"http:\/\/dsrmedios.com.ar\/diario\/wp-json\/wp\/v2\/categories?post=2038"},{"taxonomy":"post_tag","embeddable":true,"href":"http:\/\/dsrmedios.com.ar\/diario\/wp-json\/wp\/v2\/tags?post=2038"}],"curies":[{"name":"wp","href":"https:\/\/api.w.org\/{rel}","templated":true}]}}