{"id":20,"date":"2017-09-13T10:50:31","date_gmt":"2017-09-13T13:50:31","guid":{"rendered":"http:\/\/dsrmedios.com.ar\/wp\/?p=20"},"modified":"2017-09-13T10:50:31","modified_gmt":"2017-09-13T13:50:31","slug":"randazzo-culpo-a-cristina-fernandez-de-fragmentar-a-la-oposicion-politica","status":"publish","type":"post","link":"http:\/\/dsrmedios.com.ar\/diario\/archivos\/20","title":{"rendered":"Randazzo culp\u00f3 a Cristina Fern\u00e1ndez de fragmentar a la oposici\u00f3n pol\u00edtica"},"content":{"rendered":"<div align=\"justify\">El ex ministro de Interior y Transporte y candidato a senador nacional por el Frente Justicialista Cumplir, Florencio Randazzo, acus\u00f3 este martes a la ex presidenta y candidata a senadora, Cristina Fern\u00e1ndez de Kirchner, de &#8220;fragmentar&#8221; a la oposici\u00f3n y de &#8220;ser funcional&#8221; al presidente Mauricio Macri.<\/div>\n<div align=\"justify\">Al responder la carta abierta de Cristina Kirchner con otra misiva publicada en las redes sociales, Randazzo se\u00f1al\u00f3 tambi\u00e9n que &#8220;&#8216;el gran ajuste&#8217; ya lo vienen sufriendo los argentinos. S\u00f3lo es posible porque (Mauricio) Macri es presidente. Y Macri es presidente como consecuencia de una estrategia electoral ideada por vos&#8221;.<\/div>\n<div align=\"justify\">&#8220;Somos opositores. Tanto que hicimos lo imposible para que el peronismo llegue unido y legitimado por la elecci\u00f3n primaria a octubre. Pero hubo alguien que lo impidi\u00f3 y termin\u00f3 siendo funcional a Macri. Y no fuimos nosotros&#8221;, agreg\u00f3 en referencia a la estrategia electoral de Cristina Kirchner.<\/div>\n<div align=\"justify\">Adem\u00e1s la critic\u00f3 al aseverar que \u201cte fuiste del peronismo y creaste un partido llamado Unidad Ciudadana, y as\u00ed evitaste las Primarias. Entonces pregunto: \u00bfQui\u00e9n fragment\u00f3 a la oposici\u00f3n?&#8221;<\/div>\n","protected":false},"excerpt":{"rendered":"<div class=\"mh-excerpt\"><p>El ex ministro de Interior y Transporte y candidato a senador nacional por el Frente Justicialista Cumplir, Florencio Randazzo, acus\u00f3 este martes a la ex presidenta y candidata a senadora, Cristina Fern\u00e1ndez de Kirchner, de &#8220;fragmentar&#8221; a la oposici\u00f3n y de &#8220;ser funcional&#8221; al presidente Mauricio Macri. Al responder la carta abierta de Cristina Kirchner con otra misiva publicada en las redes sociales, Randazzo se\u00f1al\u00f3 tambi\u00e9n que &#8220;&#8216;el gran ajuste&#8217; ya lo vienen sufriendo los argentinos. S\u00f3lo es posible porque (Mauricio) Macri es presidente. Y Macri es presidente como consecuencia de una estrategia electoral ideada por vos&#8221;. &#8220;Somos opositores. Tanto <a class=\"mh-excerpt-more\" href=\"http:\/\/dsrmedios.com.ar\/diario\/archivos\/20\" title=\"Randazzo culp\u00f3 a Cristina Fern\u00e1ndez de fragmentar a la oposici\u00f3n pol\u00edtica\">[Leer m\u00e1s]<\/a><\/p>\n<\/div>","protected":false},"author":5,"featured_media":21,"comment_status":"open","ping_status":"open","sticky":false,"template":"","format":"standard","meta":{"_jetpack_newsletter_access":""},"categories":[6],"tags":[],"jetpack_featured_media_url":"http:\/\/dsrmedios.com.ar\/diario\/wp-content\/uploads\/2017\/09\/randazzo.jpg","jetpack_sharing_enabled":true,"jetpack_shortlink":"https:\/\/wp.me\/p9fihK-k","_links":{"self":[{"href":"http:\/\/dsrmedios.com.ar\/diario\/wp-json\/wp\/v2\/posts\/20"}],"collection":[{"href":"http:\/\/dsrmedios.com.ar\/diario\/wp-json\/wp\/v2\/posts"}],"about":[{"href":"http:\/\/dsrmedios.com.ar\/diario\/wp-json\/wp\/v2\/types\/post"}],"author":[{"embeddable":true,"href":"http:\/\/dsrmedios.com.ar\/diario\/wp-json\/wp\/v2\/users\/5"}],"replies":[{"embeddable":true,"href":"http:\/\/dsrmedios.com.ar\/diario\/wp-json\/wp\/v2\/comments?post=20"}],"version-history":[{"count":0,"href":"http:\/\/dsrmedios.com.ar\/diario\/wp-json\/wp\/v2\/posts\/20\/revisions"}],"wp:featuredmedia":[{"embeddable":true,"href":"http:\/\/dsrmedios.com.ar\/diario\/wp-json\/wp\/v2\/media\/21"}],"wp:attachment":[{"href":"http:\/\/dsrmedios.com.ar\/diario\/wp-json\/wp\/v2\/media?parent=20"}],"wp:term":[{"taxonomy":"category","embeddable":true,"href":"http:\/\/dsrmedios.com.ar\/diario\/wp-json\/wp\/v2\/categories?post=20"},{"taxonomy":"post_tag","embeddable":true,"href":"http:\/\/dsrmedios.com.ar\/diario\/wp-json\/wp\/v2\/tags?post=20"}],"curies":[{"name":"wp","href":"https:\/\/api.w.org\/{rel}","templated":true}]}}