{"id":1989,"date":"2017-10-29T20:25:24","date_gmt":"2017-10-29T23:25:24","guid":{"rendered":"http:\/\/dsrmedios.com.ar\/diario\/?p=1989"},"modified":"2017-10-29T20:25:24","modified_gmt":"2017-10-29T23:25:24","slug":"el-presidente-macri-presentara-un-plan-de-reformas-economicas-e-institucionales","status":"publish","type":"post","link":"http:\/\/dsrmedios.com.ar\/diario\/archivos\/1989","title":{"rendered":"El Presidente Macri presentar\u00e1 un plan de reformas econ\u00f3micas e institucionales"},"content":{"rendered":"<p>Este lunes 30 de octubre en el Centro Cultural Kirchner (CCK), a partir de las 11.45 horas, el presidente Mauricio Macri presentar\u00e1\u00a0 un plan de reformas econ\u00f3micas e institucionales que constituyen &#8220;acuerdos b\u00e1sicos de gobernabilidad&#8221;.<\/p>\n<p>El acto contar\u00e1 con la participaci\u00f3n de gobernadores, autoridades del gabinete nacional y de las c\u00e1maras parlamentarias, ministros de la Corte Suprema de Justicia y representantes del empresariado, el sindicalismo y las universidades, inform\u00f3 Presidencia en un comunicado.<\/p>\n<p>Seg\u00fan detallaron fuentes de Casa Rosada, las propuestas procuran llevar adelante pol\u00edticas p\u00fablicas que &#8220;permitan generar empleo, dar sustentabilidad al crecimiento de la econom\u00eda y avanzar en la lucha contra la pobreza&#8221;.<\/p>\n<p>&#8220;Ser\u00e1 la presentaci\u00f3n de lo que para el Presidente y para Cambiemos deber\u00edan ser acuerdos b\u00e1sicos de gobernabilidad&#8221;, explic\u00f3 el ministro del Interior de la Naci\u00f3n, Rogelio Frigerio en di\u00e1logo de con radio Mitre y agreg\u00f3: &#8220;Es un llamado a los que tenemos responsabilidades en Argentina de distintos sectores (para que) nos podamos poner de acuerdo en cuestiones b\u00e1sicas&#8221;.<\/p>\n<p>La cuesti\u00f3n primordial tiene que ser reducir la pobreza y para eso no hay otro camino que incrementar el nivel del empleo, en cantidad y en calidad, en el sector privado&#8221;, puntualiz\u00f3.<\/p>\n<p>fuente:www.latecla.com.ar<\/p>\n","protected":false},"excerpt":{"rendered":"<div class=\"mh-excerpt\"><p>Este lunes 30 de octubre en el Centro Cultural Kirchner (CCK), a partir de las 11.45 horas, el presidente Mauricio Macri presentar\u00e1\u00a0 un plan de reformas econ\u00f3micas e institucionales que constituyen &#8220;acuerdos b\u00e1sicos de gobernabilidad&#8221;. El acto contar\u00e1 con la participaci\u00f3n de gobernadores, autoridades del gabinete nacional y de las c\u00e1maras parlamentarias, ministros de la Corte Suprema de Justicia y representantes del empresariado, el sindicalismo y las universidades, inform\u00f3 Presidencia en un comunicado. Seg\u00fan detallaron fuentes de Casa Rosada, las propuestas procuran llevar adelante pol\u00edticas p\u00fablicas que &#8220;permitan generar empleo, dar sustentabilidad al crecimiento de la econom\u00eda y avanzar en <a class=\"mh-excerpt-more\" href=\"http:\/\/dsrmedios.com.ar\/diario\/archivos\/1989\" title=\"El Presidente Macri presentar\u00e1 un plan de reformas econ\u00f3micas e institucionales\">[Leer m\u00e1s]<\/a><\/p>\n<\/div>","protected":false},"author":5,"featured_media":1990,"comment_status":"open","ping_status":"closed","sticky":false,"template":"","format":"standard","meta":{"_jetpack_newsletter_access":""},"categories":[18,6],"tags":[],"jetpack_featured_media_url":"http:\/\/dsrmedios.com.ar\/diario\/wp-content\/uploads\/2017\/10\/macri2.jpg","jetpack_sharing_enabled":true,"jetpack_shortlink":"https:\/\/wp.me\/p9fihK-w5","_links":{"self":[{"href":"http:\/\/dsrmedios.com.ar\/diario\/wp-json\/wp\/v2\/posts\/1989"}],"collection":[{"href":"http:\/\/dsrmedios.com.ar\/diario\/wp-json\/wp\/v2\/posts"}],"about":[{"href":"http:\/\/dsrmedios.com.ar\/diario\/wp-json\/wp\/v2\/types\/post"}],"author":[{"embeddable":true,"href":"http:\/\/dsrmedios.com.ar\/diario\/wp-json\/wp\/v2\/users\/5"}],"replies":[{"embeddable":true,"href":"http:\/\/dsrmedios.com.ar\/diario\/wp-json\/wp\/v2\/comments?post=1989"}],"version-history":[{"count":1,"href":"http:\/\/dsrmedios.com.ar\/diario\/wp-json\/wp\/v2\/posts\/1989\/revisions"}],"predecessor-version":[{"id":1991,"href":"http:\/\/dsrmedios.com.ar\/diario\/wp-json\/wp\/v2\/posts\/1989\/revisions\/1991"}],"wp:featuredmedia":[{"embeddable":true,"href":"http:\/\/dsrmedios.com.ar\/diario\/wp-json\/wp\/v2\/media\/1990"}],"wp:attachment":[{"href":"http:\/\/dsrmedios.com.ar\/diario\/wp-json\/wp\/v2\/media?parent=1989"}],"wp:term":[{"taxonomy":"category","embeddable":true,"href":"http:\/\/dsrmedios.com.ar\/diario\/wp-json\/wp\/v2\/categories?post=1989"},{"taxonomy":"post_tag","embeddable":true,"href":"http:\/\/dsrmedios.com.ar\/diario\/wp-json\/wp\/v2\/tags?post=1989"}],"curies":[{"name":"wp","href":"https:\/\/api.w.org\/{rel}","templated":true}]}}