{"id":1961,"date":"2017-10-27T08:16:57","date_gmt":"2017-10-27T11:16:57","guid":{"rendered":"http:\/\/dsrmedios.com.ar\/diario\/?p=1961"},"modified":"2017-10-27T08:16:57","modified_gmt":"2017-10-27T11:16:57","slug":"el-inmobiliario-urbano-aumentara-en-promedio-56-en-la-provincia-de-buenos-aires","status":"publish","type":"post","link":"http:\/\/dsrmedios.com.ar\/diario\/archivos\/1961","title":{"rendered":"El inmobiliario urbano aumentar\u00e1 en promedio 56% en la provincia de Buenos Aires"},"content":{"rendered":"<p>El Impuesto Inmobiliario Urbano aumentar\u00e1 en promedio un 56% el a\u00f1o que viene, seg\u00fan se establece en el proyecto de ley Impositiva que, junto con el Presupuesto 2018, ingres\u00f3 anoche a la Legislatura.<\/p>\n<p>La Provincia tom\u00f3 la decisi\u00f3n de aplicar el reval\u00fao inmobiliario que la administraci\u00f3n de Mar\u00eda Eugenia Vidal decidi\u00f3 postergar este a\u00f1o, pero para evitar que la adecuaci\u00f3n de la valuaci\u00f3n fiscal de los inmuebles a los valores del mercado disparen aumentos superiores, se decidi\u00f3 poner un tope a la actualizaci\u00f3n.<\/p>\n","protected":false},"excerpt":{"rendered":"<div class=\"mh-excerpt\"><p>El Impuesto Inmobiliario Urbano aumentar\u00e1 en promedio un 56% el a\u00f1o que viene, seg\u00fan se establece en el proyecto de ley Impositiva que, junto con el Presupuesto 2018, ingres\u00f3 anoche a la Legislatura. La Provincia tom\u00f3 la decisi\u00f3n de aplicar el reval\u00fao inmobiliario que la administraci\u00f3n de Mar\u00eda Eugenia Vidal decidi\u00f3 postergar este a\u00f1o, pero para evitar que la adecuaci\u00f3n de la valuaci\u00f3n fiscal de los inmuebles a los valores del mercado disparen aumentos superiores, se decidi\u00f3 poner un tope a la actualizaci\u00f3n.<\/p>\n<\/div>","protected":false},"author":5,"featured_media":1962,"comment_status":"open","ping_status":"closed","sticky":false,"template":"","format":"standard","meta":{"_jetpack_newsletter_access":""},"categories":[18],"tags":[],"jetpack_featured_media_url":"http:\/\/dsrmedios.com.ar\/diario\/wp-content\/uploads\/2017\/10\/arba.jpg","jetpack_sharing_enabled":true,"jetpack_shortlink":"https:\/\/wp.me\/p9fihK-vD","_links":{"self":[{"href":"http:\/\/dsrmedios.com.ar\/diario\/wp-json\/wp\/v2\/posts\/1961"}],"collection":[{"href":"http:\/\/dsrmedios.com.ar\/diario\/wp-json\/wp\/v2\/posts"}],"about":[{"href":"http:\/\/dsrmedios.com.ar\/diario\/wp-json\/wp\/v2\/types\/post"}],"author":[{"embeddable":true,"href":"http:\/\/dsrmedios.com.ar\/diario\/wp-json\/wp\/v2\/users\/5"}],"replies":[{"embeddable":true,"href":"http:\/\/dsrmedios.com.ar\/diario\/wp-json\/wp\/v2\/comments?post=1961"}],"version-history":[{"count":1,"href":"http:\/\/dsrmedios.com.ar\/diario\/wp-json\/wp\/v2\/posts\/1961\/revisions"}],"predecessor-version":[{"id":1963,"href":"http:\/\/dsrmedios.com.ar\/diario\/wp-json\/wp\/v2\/posts\/1961\/revisions\/1963"}],"wp:featuredmedia":[{"embeddable":true,"href":"http:\/\/dsrmedios.com.ar\/diario\/wp-json\/wp\/v2\/media\/1962"}],"wp:attachment":[{"href":"http:\/\/dsrmedios.com.ar\/diario\/wp-json\/wp\/v2\/media?parent=1961"}],"wp:term":[{"taxonomy":"category","embeddable":true,"href":"http:\/\/dsrmedios.com.ar\/diario\/wp-json\/wp\/v2\/categories?post=1961"},{"taxonomy":"post_tag","embeddable":true,"href":"http:\/\/dsrmedios.com.ar\/diario\/wp-json\/wp\/v2\/tags?post=1961"}],"curies":[{"name":"wp","href":"https:\/\/api.w.org\/{rel}","templated":true}]}}