{"id":1958,"date":"2017-10-27T08:13:24","date_gmt":"2017-10-27T11:13:24","guid":{"rendered":"http:\/\/dsrmedios.com.ar\/diario\/?p=1958"},"modified":"2017-10-27T08:13:24","modified_gmt":"2017-10-27T11:13:24","slug":"convocan-a-audiencia-publica-para-el-17-de-noviembre-para-debatir-tarifas-electricas","status":"publish","type":"post","link":"http:\/\/dsrmedios.com.ar\/diario\/archivos\/1958","title":{"rendered":"Convocan a audiencia p\u00fablica para el 17 de noviembre para debatir tarifas el\u00e9ctricas"},"content":{"rendered":"<p>El Ente Nacional Regulador de la Electricidad convoc\u00f3 a audiencia p\u00fablica para el viernes 17 de noviembre pr\u00f3ximo, para debatir sobre las tarifas de las empresas Edenor y Edesur, seg\u00fan un resoluci\u00f3n publicada hoy en el Bolet\u00edn Oficial.<\/p>\n<p>La resoluci\u00f3n 526 dispone que la citada audiencia se llevar\u00e1 a cabo en el Palacio de las Aguas Corrientes, ubicado en Ayacucho 751, de la Ciudad Aut\u00f3noma de Buenos Aires.<\/p>\n<p>Tambi\u00e9n se debatir\u00e1n los criterios de reparto entre los usuarios del transporte de la remuneraci\u00f3n de los Transportistas, que este Ente resolvi\u00f3 en oportunidad de la Revisi\u00f3n Tarifaria Integral de Transporte de Energ\u00eda El\u00e9ctrica.<\/p>\n<p>A partir del 1 de noviembre y hasta las 11 del 15 de noviembre estar\u00e1 habilitado el Registro de Participantes que funcionar\u00e1 en el horario de 9 a 17, en la Mesa de Entradas del ENRE, ubicada en Avenida Madero 1020 de la ciudad de Buenos Aires.<\/p>\n<p>fuente:www.aninoticias.com.ar<\/p>\n","protected":false},"excerpt":{"rendered":"<div class=\"mh-excerpt\"><p>El Ente Nacional Regulador de la Electricidad convoc\u00f3 a audiencia p\u00fablica para el viernes 17 de noviembre pr\u00f3ximo, para debatir sobre las tarifas de las empresas Edenor y Edesur, seg\u00fan un resoluci\u00f3n publicada hoy en el Bolet\u00edn Oficial. La resoluci\u00f3n 526 dispone que la citada audiencia se llevar\u00e1 a cabo en el Palacio de las Aguas Corrientes, ubicado en Ayacucho 751, de la Ciudad Aut\u00f3noma de Buenos Aires. Tambi\u00e9n se debatir\u00e1n los criterios de reparto entre los usuarios del transporte de la remuneraci\u00f3n de los Transportistas, que este Ente resolvi\u00f3 en oportunidad de la Revisi\u00f3n Tarifaria Integral de Transporte de <a class=\"mh-excerpt-more\" href=\"http:\/\/dsrmedios.com.ar\/diario\/archivos\/1958\" title=\"Convocan a audiencia p\u00fablica para el 17 de noviembre para debatir tarifas el\u00e9ctricas\">[Leer m\u00e1s]<\/a><\/p>\n<\/div>","protected":false},"author":5,"featured_media":1959,"comment_status":"open","ping_status":"closed","sticky":false,"template":"","format":"standard","meta":{"_jetpack_newsletter_access":""},"categories":[18],"tags":[],"jetpack_featured_media_url":"http:\/\/dsrmedios.com.ar\/diario\/wp-content\/uploads\/2017\/10\/edesuraudi.jpg","jetpack_sharing_enabled":true,"jetpack_shortlink":"https:\/\/wp.me\/p9fihK-vA","_links":{"self":[{"href":"http:\/\/dsrmedios.com.ar\/diario\/wp-json\/wp\/v2\/posts\/1958"}],"collection":[{"href":"http:\/\/dsrmedios.com.ar\/diario\/wp-json\/wp\/v2\/posts"}],"about":[{"href":"http:\/\/dsrmedios.com.ar\/diario\/wp-json\/wp\/v2\/types\/post"}],"author":[{"embeddable":true,"href":"http:\/\/dsrmedios.com.ar\/diario\/wp-json\/wp\/v2\/users\/5"}],"replies":[{"embeddable":true,"href":"http:\/\/dsrmedios.com.ar\/diario\/wp-json\/wp\/v2\/comments?post=1958"}],"version-history":[{"count":1,"href":"http:\/\/dsrmedios.com.ar\/diario\/wp-json\/wp\/v2\/posts\/1958\/revisions"}],"predecessor-version":[{"id":1960,"href":"http:\/\/dsrmedios.com.ar\/diario\/wp-json\/wp\/v2\/posts\/1958\/revisions\/1960"}],"wp:featuredmedia":[{"embeddable":true,"href":"http:\/\/dsrmedios.com.ar\/diario\/wp-json\/wp\/v2\/media\/1959"}],"wp:attachment":[{"href":"http:\/\/dsrmedios.com.ar\/diario\/wp-json\/wp\/v2\/media?parent=1958"}],"wp:term":[{"taxonomy":"category","embeddable":true,"href":"http:\/\/dsrmedios.com.ar\/diario\/wp-json\/wp\/v2\/categories?post=1958"},{"taxonomy":"post_tag","embeddable":true,"href":"http:\/\/dsrmedios.com.ar\/diario\/wp-json\/wp\/v2\/tags?post=1958"}],"curies":[{"name":"wp","href":"https:\/\/api.w.org\/{rel}","templated":true}]}}