{"id":19323,"date":"2020-06-26T06:55:35","date_gmt":"2020-06-26T09:55:35","guid":{"rendered":"http:\/\/dsrmedios.com.ar\/diario\/?p=19323"},"modified":"2020-06-26T06:55:37","modified_gmt":"2020-06-26T09:55:37","slug":"aerolineas-europeas-confirmaron-vuelos-especiales-desde-la-argentina-entre-julio-y-agosto-cuales-seran-los-requisitos-para-viajar","status":"publish","type":"post","link":"http:\/\/dsrmedios.com.ar\/diario\/archivos\/19323","title":{"rendered":"Aerol\u00edneas europeas confirmaron vuelos especiales desde la Argentina entre julio y agosto: cu\u00e1les ser\u00e1n los requisitos para viajar"},"content":{"rendered":"\n<p><strong>Las aerol\u00edneas europeas Air France y KLM confirmaron que durante los meses de julio y agosto realizar\u00e1n vuelos especiales desde Ezeiza a sus destinos en Europa \u2014Par\u00eds y Amsterdam\u2014 que estar\u00e1n disponibles para ciudadanos europeos y para argentinos con doble ciudadan\u00eda, residencia en alg\u00fan pa\u00eds europeo o que cuenten con una visa de trabajo o de estudio<\/strong>. Estos vuelos se implementaron por un acuerdo con el Gobierno argentino.<\/p>\n\n\n\n<p>El grupo Air France KLM, adem\u00e1s, anunci\u00f3 que retomar\u00e1 sus vuelos comerciales a partir de septiembre. Antes de las medidas de la suspensi\u00f3n de los vuelos en marzo de este a\u00f1o y del aislamiento social preventivo y obligatorio, la compa\u00f1\u00eda ten\u00eda una frecuencia de 14 vuelos semanales a los dos destinos: siete a Par\u00eds y siete a Amsterdam. Sin embargo, a partir de septiembre ofrecer\u00e1n una frecuencia m\u00e1s reducida, de acuerdo a la demanda.<\/p>\n\n\n\n<p>\u201cNos vamos a quedar en la Argentina. Es un mercado super estrat\u00e9gico para nosotros\u201d, aclar\u00f3 este viernes&nbsp;<strong>Jean-Marc Pouchol<\/strong>, director General Air France KLM para Brasil y el Cono Sur, en una conferencia virtual con periodistas.<\/p>\n\n\n\n<p>\u201c<strong>A principios de julio vamos a dar a conocer cu\u00e1l ser\u00e1 la frecuencia de vuelos a partir de septiembre, lo que va a depender de la demanda. Se va a retornar progresivamente, de manera escalonada; puede demorar meses la vuelta de los vuelos diarios<\/strong>\u201d, se\u00f1al\u00f3&nbsp;<strong>Nathalie Larivet<\/strong>, Gerente General Air France KLM para Argentina, Bolivia, Paraguay y Uruguay.<\/p>\n\n\n\n<figure class=\"wp-block-image\"><a href=\"https:\/\/twitter.com\/intent\/tweet?text=Aerol%C3%ADneas%20europeas%20confirmaron%20vuelos%20especiales%20desde%20la%20Argentina%20entre%20julio%20y%20agosto:%20cu%C3%A1les%20ser%C3%A1n%20los%20requisitos%20para%20viajar&amp;url=https:\/\/www.infobae.com\/economia\/2020\/06\/26\/aerolineas-europeas-confirmaron-vuelos-especiales-desde-la-argentina-entre-julio-y-agosto-cuales-seran-los-requisitos-para-viajar\/%23GKB3LPGPZJHTXHTUL32MIPROOQ\" target=\"_blank\" rel=\"noreferrer noopener\"><img decoding=\"async\" src=\"https:\/\/www.infobae.com\/new-resizer\/rPUx99UDDuqkiuUJehgOPTa1d00=\/750x0\/filters:quality(100)\/cloudfront-us-east-1.images.arcpublishing.com\/infobae\/GKB3LPGPZJHTXHTUL32MIPROOQ.jpg\" alt=\"Se implementar\u00e1n protocolos de seguridad e higiene en todos los vuelos (REUTERS\/Benoit Tessier\/File Photo)\"\/><\/a><figcaption>Se implementar\u00e1n protocolos de seguridad e higiene en todos los vuelos (REUTERS\/Benoit Tessier\/File Photo)<\/figcaption><\/figure>\n\n\n\n<p>Entre julio y agosto, el grupo tiene previsto realizar 34 vuelos especiales y consideran que tendr\u00e1n un alto nivel de ocupaci\u00f3n, tanto de argentinos que quieren volver de Europa al pa\u00eds y de europeos que viajar\u00e1n en sentido contrario. La venta se abri\u00f3 a partir de este viernes y si bien desde la empresa aclararon que se mantendr\u00e1n los precios previos a la pandemia,&nbsp;<strong>el precio final depender\u00e1 del equilibrio entre la demanda y la ocupaci\u00f3n del vuelo al momento de la compra.<\/strong><\/p>\n\n\n\n<p>Con un vuelo Ezeiza-Amsterdam programado para el 1\u00ba de julio pr\u00f3ximo, la aerol\u00ednea ser\u00e1 la primera en realizar vuelos a Europa, que no sean de repatriaci\u00f3n, desde el comienzo de las restricciones para los vuelos comerciales. \u201cNo son abiertos a los turistas. Es para ciudadanos o por motivos de trabajo y estudio. Permite dar previsibilidad a las personas que est\u00e1n esperando viajar\u201d, aclar\u00f3 Larivet.<\/p>\n\n\n\n<p>Para los vuelos comerciales, previstos a partir de septiembre, la empresa espera que la demanda vaya en aumento a medida que se flexibilice las medidas de aislamiento social y mejore la situaci\u00f3n sanitaria, tal como sucedi\u00f3 en Europa. \u201cAhora hay muchas restricciones, la apertura de fronteras va a ser clave. En Europa, la cuarentena se flexibiliz\u00f3 el 15 de mayo y a partir de ese momento el nivel de reservas empez\u00f3 a aumentar. El fin de la cuarentena es lo que gener\u00f3 aumento de de la demanda\u201d, se\u00f1al\u00f3 Pouchol.<\/p>\n\n\n\n<p>Los precios para estos vuelos comerciales tendr\u00e1n tarifas similares a las previas a la restricci\u00f3n de vuelos y los cierres de fronteras, aunque finalmente depender\u00e1n del nivel de demanda. \u201cEsperamos un equilibrio entre oferta y demanda. Pero no imagino que haya un aumento significativo de precios, sino que puede pasar lo contrario, que bajen. Pero hay que esperar\u201d, agreg\u00f3 el directivo, de origen franc\u00e9s. Tambi\u00e9n se\u00f1alaron que seguir\u00e1n ofreciendo promociones.<\/p>\n\n\n\n<figure class=\"wp-block-image\"><a href=\"https:\/\/twitter.com\/intent\/tweet?text=Aerol%C3%ADneas%20europeas%20confirmaron%20vuelos%20especiales%20desde%20la%20Argentina%20entre%20julio%20y%20agosto:%20cu%C3%A1les%20ser%C3%A1n%20los%20requisitos%20para%20viajar&amp;url=https:\/\/www.infobae.com\/economia\/2020\/06\/26\/aerolineas-europeas-confirmaron-vuelos-especiales-desde-la-argentina-entre-julio-y-agosto-cuales-seran-los-requisitos-para-viajar\/%23KFOVR3XXXRAGVKCB6G7XBOKQ44\" target=\"_blank\" rel=\"noreferrer noopener\"><img decoding=\"async\" src=\"https:\/\/www.infobae.com\/new-resizer\/ANU8uwq0hgGfUP3mHCcI1pjlhyQ=\/750x0\/filters:quality(100)\/cloudfront-us-east-1.images.arcpublishing.com\/infobae\/KFOVR3XXXRAGVKCB6G7XBOKQ44.jpg\" alt=\"El grupo contaba con 14 frecuencias semanales y prev\u00e9 recuperarlas progresivamente a partir de septiembre (REUTERS\/Piroschka van de Wouw\/File Photo)\"\/><\/a><figcaption>El grupo contaba con 14 frecuencias semanales y prev\u00e9 recuperarlas progresivamente a partir de septiembre (REUTERS\/Piroschka van de Wouw\/File Photo)<\/figcaption><\/figure>\n\n\n\n<p>La empresa aclar\u00f3 que su intenci\u00f3n es ir retomando todas las rutas y frecuencias que ten\u00eda antes de la cuarentena en la regi\u00f3n. Solo hay un vuelo sobre el que se est\u00e1 analizando su continuidad, que es el que une Fortaleza (Brasil) con Amsterdam y Paris.<\/p>\n\n\n\n<p>A nivel global, la compa\u00f1\u00eda estima que estar\u00e1 realizando entre el 35% y el 40% de su operaci\u00f3n habitual entre julio y agosto. Y para el final de a\u00f1o, proyectan una recuperaci\u00f3n del 70% al 75% de las operaciones en comparaci\u00f3n con los meses anteriores a la crisis del coronavirus. \u201c<strong>Se podr\u00eda recuperar el 90% para 2021, pero son hip\u00f3tesis. La situaci\u00f3n va a depender de la demanda, que a su vez depende de la situaci\u00f3n sanitaria. En Europa mejor\u00f3 bastante a partir de la \u00faltima semana, especialmente para vuelos de corto o mediano recorrido. La demanda de los vuelos largos es m\u00e1s fr\u00e1gil<\/strong>\u201d, agreg\u00f3 el directivo.<\/p>\n\n\n\n<p>La empresa se\u00f1al\u00f3 que en los vuelos especiales de los pr\u00f3ximos meses se cumplir\u00e1 con un protocolo sanitario que incluye el uso de mascarillas durante el vuelo, medidas de distanciamiento en el recorrido de los pasajeros en el aeropuerto y toma de la temperatura antes de abordar el avi\u00f3n, desinfecci\u00f3n de superficies y renovaci\u00f3n del aire de cabina cada tres minutos, entre otras.<\/p>\n\n\n\n<p>Fuente: Infobae<\/p>\n","protected":false},"excerpt":{"rendered":"<div class=\"mh-excerpt\"><p>Las aerol\u00edneas europeas Air France y KLM confirmaron que durante los meses de julio y agosto realizar\u00e1n vuelos especiales desde Ezeiza a sus destinos en Europa \u2014Par\u00eds y Amsterdam\u2014 que estar\u00e1n disponibles para ciudadanos europeos y para argentinos con doble ciudadan\u00eda, residencia en alg\u00fan pa\u00eds europeo o que cuenten con una visa de trabajo o de estudio. Estos vuelos se implementaron por un acuerdo con el Gobierno argentino. El grupo Air France KLM, adem\u00e1s, anunci\u00f3 que retomar\u00e1 sus vuelos comerciales a partir de septiembre. Antes de las medidas de la suspensi\u00f3n de los vuelos en marzo de este a\u00f1o y <a class=\"mh-excerpt-more\" href=\"http:\/\/dsrmedios.com.ar\/diario\/archivos\/19323\" title=\"Aerol\u00edneas europeas confirmaron vuelos especiales desde la Argentina entre julio y agosto: cu\u00e1les ser\u00e1n los requisitos para viajar\">[Leer m\u00e1s]<\/a><\/p>\n<\/div>","protected":false},"author":6,"featured_media":19324,"comment_status":"open","ping_status":"closed","sticky":false,"template":"","format":"standard","meta":{"_jetpack_newsletter_access":""},"categories":[6],"tags":[],"jetpack_featured_media_url":"http:\/\/dsrmedios.com.ar\/diario\/wp-content\/uploads\/2020\/06\/6S6WGEWXQF6YINZTTAH76HZMKY.jpg","jetpack_sharing_enabled":true,"jetpack_shortlink":"https:\/\/wp.me\/p9fihK-51F","_links":{"self":[{"href":"http:\/\/dsrmedios.com.ar\/diario\/wp-json\/wp\/v2\/posts\/19323"}],"collection":[{"href":"http:\/\/dsrmedios.com.ar\/diario\/wp-json\/wp\/v2\/posts"}],"about":[{"href":"http:\/\/dsrmedios.com.ar\/diario\/wp-json\/wp\/v2\/types\/post"}],"author":[{"embeddable":true,"href":"http:\/\/dsrmedios.com.ar\/diario\/wp-json\/wp\/v2\/users\/6"}],"replies":[{"embeddable":true,"href":"http:\/\/dsrmedios.com.ar\/diario\/wp-json\/wp\/v2\/comments?post=19323"}],"version-history":[{"count":1,"href":"http:\/\/dsrmedios.com.ar\/diario\/wp-json\/wp\/v2\/posts\/19323\/revisions"}],"predecessor-version":[{"id":19325,"href":"http:\/\/dsrmedios.com.ar\/diario\/wp-json\/wp\/v2\/posts\/19323\/revisions\/19325"}],"wp:featuredmedia":[{"embeddable":true,"href":"http:\/\/dsrmedios.com.ar\/diario\/wp-json\/wp\/v2\/media\/19324"}],"wp:attachment":[{"href":"http:\/\/dsrmedios.com.ar\/diario\/wp-json\/wp\/v2\/media?parent=19323"}],"wp:term":[{"taxonomy":"category","embeddable":true,"href":"http:\/\/dsrmedios.com.ar\/diario\/wp-json\/wp\/v2\/categories?post=19323"},{"taxonomy":"post_tag","embeddable":true,"href":"http:\/\/dsrmedios.com.ar\/diario\/wp-json\/wp\/v2\/tags?post=19323"}],"curies":[{"name":"wp","href":"https:\/\/api.w.org\/{rel}","templated":true}]}}