{"id":19028,"date":"2020-06-06T16:01:13","date_gmt":"2020-06-06T19:01:13","guid":{"rendered":"http:\/\/dsrmedios.com.ar\/diario\/?p=19028"},"modified":"2020-06-06T16:01:15","modified_gmt":"2020-06-06T19:01:15","slug":"cambiemos-no-sesiono-y-freno-la-ley-de-alquileres","status":"publish","type":"post","link":"http:\/\/dsrmedios.com.ar\/diario\/archivos\/19028","title":{"rendered":"Cambiemos no sesion\u00f3 y fren\u00f3 la ley de alquileres"},"content":{"rendered":"\n<p>Cambiemos fren\u00f3 una vez m\u00e1s la ley que protege a los inquilinos, esta vez al no dar los dos tercios en el Senado para tratarlo sobre tablas por no haber transcurrido los siete d\u00edas desde la firma del dictamen. Tampoco permiti\u00f3 sancionar la ley para habilitar la educaci\u00f3n a distancia, que hab\u00eda tenido un amplio apoyo de sus senadores en la Comisi\u00f3n, pero no pudo tratarse.<\/p>\n\n\n\n<p>Lo impidi\u00f3 mediante una votaci\u00f3n por sistema remoto que el oficialismo impuso por 42 a 29, insuficiente para llegar a los dos tercios, y adem\u00e1s de Cambiemos, se sum\u00f3 el rechazo el peronismo federal que integra Carlos Reutemann.\u00a0Fue necesario un cuarto intermedio porque la radical mendocina Pamela Verasay se hab\u00eda olvidado la clave.<\/p>\n\n\n\n<p> La excusa para frenar esta leyes no fueron los plazos reglamentarios, que permite al oficialismo sancionar las leyes con su mayor\u00eda propia desde el martes, sino el decreto de Cristina Kirchner para habilitar sesiones remotas, que restringe los temarios a proyectos vinculados por al coronavirus u otros requeridos por el Poder Ejecutivo. <\/p>\n\n\n\n<p>Luis Naidenoff, el jefe del interbloque, le record\u00f3 a Cristina haber acordado restringir las sesiones a temas de Covid 19 y le recrimin\u00f3 la agenda revisionista de la gesti\u00f3n de Macri que hubo la semana pasada, con temas como la deuda y la fuga de d\u00f3lares.<\/p>\n\n\n\n<p>Enumer\u00f3 algunos nombres que se filtraron de empresarios que giraron dinero al exterior en los \u00faltimos a\u00f1os que habr\u00edan tenido v\u00ednculo con el kirchnerismo, en una columna de La Naci\u00f3n.<\/p>\n\n\n\n<p>Fuentes de la UCR consideraron a LPO &#8220;un \u00e9xito de la unidad de cambiemos&#8221; la votaci\u00f3n, porque garantiza que el pliego de Daniel Rafecas como procurador general no tendr\u00e1 dos tercios mientras no se supere la crisis del coronavirus, aunque en ese caso se trata de un pliego del Ejecutivo y s\u00ed habr\u00eda una excusa del oficialismo para ponerlo en el temario.<\/p>\n\n\n\n<p>Por si acaso, el chubutense Mario Pa\u00eds sostuvo que el reglamento del Senado est\u00e1 por encima de cualquier decreto ocasional de un vicepresidente, pero por si acaso le sugiri\u00f3 a Cristina que firme otro para despejar dudas.<\/p>\n\n\n\n<p>La ley de alquileres fue congelada durante el Gobienro de Macri. Se aprob\u00f3 por unanimidad una versi\u00f3n de la senadora Silvina Larraburu en 2016 pero nunca se aprob\u00f3. Reci\u00e9n en noviembre, tras la victoria de Alberto Fern\u00e1ndez, el diputado Daniel Lipovetzky, del PRO.<br><\/p>\n\n\n\n<p>El martes algunos senadores cambiemistas como Ernesto Mart\u00ednez propusieron revisar el proyecto de Diputados con la garant\u00eda de que el Gobierno congel\u00f3 alquileres por DNU, pero el oficialismo pidi\u00f3 aprobarlo como ven\u00eda y logr\u00f3 las firmas para emitir un dictamen un\u00e1nime.<\/p>\n\n\n\n<p>Tambi\u00e9n el martes, los senadores de Cambiemos avalaron la reforma a la ley de educaci\u00f3n superior que habilita la educaci\u00f3n distancia para menores de edad, con elogios de Esteban Bullrich, del PRO, que dijo haberla promovido cuando era ministro, pero no permiti\u00f3 que fuera ley.<\/p>\n\n\n\n<p>Fuente: Diario 24con<\/p>\n","protected":false},"excerpt":{"rendered":"<div class=\"mh-excerpt\"><p>Cambiemos fren\u00f3 una vez m\u00e1s la ley que protege a los inquilinos, esta vez al no dar los dos tercios en el Senado para tratarlo sobre tablas por no haber transcurrido los siete d\u00edas desde la firma del dictamen. Tampoco permiti\u00f3 sancionar la ley para habilitar la educaci\u00f3n a distancia, que hab\u00eda tenido un amplio apoyo de sus senadores en la Comisi\u00f3n, pero no pudo tratarse. Lo impidi\u00f3 mediante una votaci\u00f3n por sistema remoto que el oficialismo impuso por 42 a 29, insuficiente para llegar a los dos tercios, y adem\u00e1s de Cambiemos, se sum\u00f3 el rechazo el peronismo federal <a class=\"mh-excerpt-more\" href=\"http:\/\/dsrmedios.com.ar\/diario\/archivos\/19028\" title=\"Cambiemos no sesion\u00f3 y fren\u00f3 la ley de alquileres\">[Leer m\u00e1s]<\/a><\/p>\n<\/div>","protected":false},"author":6,"featured_media":19029,"comment_status":"open","ping_status":"closed","sticky":false,"template":"","format":"standard","meta":{"_jetpack_newsletter_access":""},"categories":[6],"tags":[],"jetpack_featured_media_url":"http:\/\/dsrmedios.com.ar\/diario\/wp-content\/uploads\/2020\/06\/5ebc64ec40519.jpg","jetpack_sharing_enabled":true,"jetpack_shortlink":"https:\/\/wp.me\/p9fihK-4WU","_links":{"self":[{"href":"http:\/\/dsrmedios.com.ar\/diario\/wp-json\/wp\/v2\/posts\/19028"}],"collection":[{"href":"http:\/\/dsrmedios.com.ar\/diario\/wp-json\/wp\/v2\/posts"}],"about":[{"href":"http:\/\/dsrmedios.com.ar\/diario\/wp-json\/wp\/v2\/types\/post"}],"author":[{"embeddable":true,"href":"http:\/\/dsrmedios.com.ar\/diario\/wp-json\/wp\/v2\/users\/6"}],"replies":[{"embeddable":true,"href":"http:\/\/dsrmedios.com.ar\/diario\/wp-json\/wp\/v2\/comments?post=19028"}],"version-history":[{"count":1,"href":"http:\/\/dsrmedios.com.ar\/diario\/wp-json\/wp\/v2\/posts\/19028\/revisions"}],"predecessor-version":[{"id":19030,"href":"http:\/\/dsrmedios.com.ar\/diario\/wp-json\/wp\/v2\/posts\/19028\/revisions\/19030"}],"wp:featuredmedia":[{"embeddable":true,"href":"http:\/\/dsrmedios.com.ar\/diario\/wp-json\/wp\/v2\/media\/19029"}],"wp:attachment":[{"href":"http:\/\/dsrmedios.com.ar\/diario\/wp-json\/wp\/v2\/media?parent=19028"}],"wp:term":[{"taxonomy":"category","embeddable":true,"href":"http:\/\/dsrmedios.com.ar\/diario\/wp-json\/wp\/v2\/categories?post=19028"},{"taxonomy":"post_tag","embeddable":true,"href":"http:\/\/dsrmedios.com.ar\/diario\/wp-json\/wp\/v2\/tags?post=19028"}],"curies":[{"name":"wp","href":"https:\/\/api.w.org\/{rel}","templated":true}]}}