{"id":19017,"date":"2020-06-05T09:22:36","date_gmt":"2020-06-05T12:22:36","guid":{"rendered":"http:\/\/dsrmedios.com.ar\/diario\/?p=19017"},"modified":"2020-06-05T09:22:38","modified_gmt":"2020-06-05T12:22:38","slug":"dia-mundial-del-medio-ambiente-8-claves-para-cuidarlo-desde-casa","status":"publish","type":"post","link":"http:\/\/dsrmedios.com.ar\/diario\/archivos\/19017","title":{"rendered":"D\u00eda Mundial del Medio Ambiente: 8 claves para cuidarlo desde casa"},"content":{"rendered":"\n<p> Con el foco puesto en la biodiversidad y tras estar en un contexto \u00fanico como la pandemia, distintas acciones que pueden ayudar a disminuir el impacto del hombre en la tierra durante el aislamiento social preventivo y obligatorio <\/p>\n\n\n\n<p>Cada 5 de junio se conmemora el D\u00eda Mundial del Medio Ambiente -que este a\u00f1o tiene a Colombia como pa\u00eds anfitri\u00f3n-. La fecha fue establecida en 1972 en la Conferencia de Estocolmo, por lo que desde el a\u00f1o siguiente se recuerda el d\u00eda con el fin de ampliar las bases de una opini\u00f3n p\u00fablica bien informada y de una conducta de los individuos, de las empresas y de las colectividades inspirada en el sentido de su responsabilidad en cuanto a la conservaci\u00f3n y la mejora del ambiente.<\/p>\n\n\n\n<p>Este a\u00f1o, el tema es la&nbsp;<strong>biodiversidad.&nbsp;<\/strong>Eventos recientes, como los incendios forestales sin precedentes en Brasil, California y Australia, la invasi\u00f3n de langostas en el Cuerno de \u00c1frica y ahora la pandemia de COVID-19, demuestran la relaci\u00f3n inextricable entre los humanos y las redes de la vida en las que vivimos.<\/p>\n\n\n\n<p>\u201cEl coronavirus nos ha hecho repensar mucho nuestra relaci\u00f3n con el ambiente y ojal\u00e1 este d\u00eda sirva para seguir tomando conciencia de que tenemos mucho por mejorar y que es tan posible como necesario\u201d, coment\u00f3 a<strong>\u00a0Infobae Alejandro Inti Bonomo,<\/strong>\u00a0responsable de la carrera de Gesti\u00f3n Ambiental en la UADE.<\/p>\n\n\n\n<p>En este contexto, dada la situaci\u00f3n actual por la que se encuentra atravesando el mundo, el especialista enumer\u00f3 una serie de acciones que se pueden realizar desde el hogar en pos de cuidar el medio ambiente. Estas son:<\/p>\n\n\n\n<p>&#8211;<strong>Reciclar:<\/strong>&nbsp;s\u00ed, es clave y para poder hacerlo de forma correcta, el profesional aconsej\u00f3 contactarse con una cooperativa de reciclaje o un cartonero de confianza para colaborar en este momento una vez que todo se re-active<\/p>\n\n\n\n<p><strong>-Racionar el agua:<\/strong>&nbsp;a la hora de ducharse muchas a veces el agua tarda en calentarse y se la deja correr, en ese momento podemos dejar un balde para juntar el agua corriendo y luego utilizarla para regar las plantas.<\/p>\n\n\n\n<p><strong>-Cuidar la energ\u00eda energ\u00eda el\u00e9ctrica del hogar,<\/strong>&nbsp;evitar tener prendidas luces si no es necesario.<\/p>\n\n\n\n<p>&#8211;<strong>Limpieza:<\/strong>\u00a0todos los productos de limpieza est\u00e1n elaborados con qu\u00edmicos perjudiciales para la salud y el medio ambiente, por eso es importante, seg\u00fan el especialista usar lavandina, alcohol o jab\u00f3n, sobre todo en este momento, en la proporci\u00f3n adecuada, pero no utilizar otro tipo de desinfectantes que no est\u00e9n recomendados para prevenir el virus.<\/p>\n\n\n\n<p><strong>-Reutilizar el aceite:<\/strong>&nbsp;m\u00e1s que re-utilizar se recomienda guardarlo aparte y no tirarlo a la ca\u00f1er\u00eda, ya que puede causar da\u00f1os en las mismas y contaminar mucha agua<\/p>\n\n\n\n<p><strong>-Tener cuidado con la calefacci\u00f3n:<\/strong>&nbsp;tratar de mantener la calefacci\u00f3n en temperaturas razonables<\/p>\n\n\n\n<p><strong>-Alentar un consumo responsable:&nbsp;<\/strong>todo lo que consume el ser humano tiene alg\u00fan impacto en el medio ambiente. La poblaci\u00f3n debe ser consciente de esto y elegir, si est\u00e1 la posibilidad, productos m\u00e1s sustentables, m\u00e1s locales, dentro del barrio. Esta pr\u00e1ctica puede convertirse en un h\u00e1bito cuando todo vuelva a la normalidad.<\/p>\n\n\n\n<p>De este modo, el especialista en gesti\u00f3n ambiental explic\u00f3 que una persona puede disminuir el impacto negativo con tan solo mirar la etiqueta: \u201cLa persona puede identificar el lugar de origen de producci\u00f3n, el carbono que se gasta en la producci\u00f3n del alimento, si es un alimento procesado gastar\u00e1 m\u00e1s energ\u00eda y si es de otro lugar, c\u00f3mo lleg\u00f3 al lugar de compra, ya que si es de otro pa\u00eds seguramente habr\u00e1 gastado combustible. Por ejemplo, una manzana, que es un alimento s\u00faper saludable, no tendr\u00e1 la misma huella de carbono si se produce aqu\u00ed en Buenos Aires que si la traen desde Italia\u201d.<\/p>\n\n\n\n<p>\u201cMe parece que cada vez aparecen m\u00e1s tendencias que van hacia un consumo m\u00e1s racional con el ambiente de alimentos y cambiar desde el consumo la manera que se produce. Hay un mont\u00f3n de aristas y acciones que se pueden implementar para reducir el impacto negativo, desde comer cosas locales, de estaci\u00f3n a leer la letra chica del etiquetado sobre el origen del proceso\u201d, apunt\u00f3 Bonomo.<\/p>\n\n\n\n<p>&#8211;&nbsp;<strong>En caso de tener un espacio disponible animarse evaluar la posibilidad de empezar un compost<\/strong>&nbsp;para reducir considerablemente la basura o incluso tambi\u00e9n confeccionar una peque\u00f1a huertita.<\/p>\n\n\n\n<p>\u201cLa gran mayor\u00eda de los indicadores ambientales no han mejorado, m\u00e1s bien lo contrario. Si bien las emisiones de CO2 han bajado moment\u00e1neamente por la crisis que estamos atravesando, a\u00fan estamos muy lejos de que tenga un impacto significativo, de hecho este 1ro de Junio se registr\u00f3 el r\u00e9cord de concentraci\u00f3n en la atm\u00f3sfera m\u00e1s alto en cientos de miles de a\u00f1os llegando a 418.32 ppm\u201d, enfatiz\u00f3 el especialista.<\/p>\n\n\n\n<p>Fuente: Infobae<\/p>\n\n\n\n<p><\/p>\n\n\n\n<p><br><\/p>\n","protected":false},"excerpt":{"rendered":"<div class=\"mh-excerpt\"><p>Con el foco puesto en la biodiversidad y tras estar en un contexto \u00fanico como la pandemia, distintas acciones que pueden ayudar a disminuir el impacto del hombre en la tierra durante el aislamiento social preventivo y obligatorio Cada 5 de junio se conmemora el D\u00eda Mundial del Medio Ambiente -que este a\u00f1o tiene a Colombia como pa\u00eds anfitri\u00f3n-. La fecha fue establecida en 1972 en la Conferencia de Estocolmo, por lo que desde el a\u00f1o siguiente se recuerda el d\u00eda con el fin de ampliar las bases de una opini\u00f3n p\u00fablica bien informada y de una conducta de los <a class=\"mh-excerpt-more\" href=\"http:\/\/dsrmedios.com.ar\/diario\/archivos\/19017\" title=\"D\u00eda Mundial del Medio Ambiente: 8 claves para cuidarlo desde casa\">[Leer m\u00e1s]<\/a><\/p>\n<\/div>","protected":false},"author":6,"featured_media":19018,"comment_status":"open","ping_status":"closed","sticky":false,"template":"","format":"standard","meta":{"_jetpack_newsletter_access":""},"categories":[6],"tags":[],"jetpack_featured_media_url":"http:\/\/dsrmedios.com.ar\/diario\/wp-content\/uploads\/2020\/06\/ZRSSTHQKENFFHJP7AZDTUXUXLU.jpg","jetpack_sharing_enabled":true,"jetpack_shortlink":"https:\/\/wp.me\/p9fihK-4WJ","_links":{"self":[{"href":"http:\/\/dsrmedios.com.ar\/diario\/wp-json\/wp\/v2\/posts\/19017"}],"collection":[{"href":"http:\/\/dsrmedios.com.ar\/diario\/wp-json\/wp\/v2\/posts"}],"about":[{"href":"http:\/\/dsrmedios.com.ar\/diario\/wp-json\/wp\/v2\/types\/post"}],"author":[{"embeddable":true,"href":"http:\/\/dsrmedios.com.ar\/diario\/wp-json\/wp\/v2\/users\/6"}],"replies":[{"embeddable":true,"href":"http:\/\/dsrmedios.com.ar\/diario\/wp-json\/wp\/v2\/comments?post=19017"}],"version-history":[{"count":1,"href":"http:\/\/dsrmedios.com.ar\/diario\/wp-json\/wp\/v2\/posts\/19017\/revisions"}],"predecessor-version":[{"id":19019,"href":"http:\/\/dsrmedios.com.ar\/diario\/wp-json\/wp\/v2\/posts\/19017\/revisions\/19019"}],"wp:featuredmedia":[{"embeddable":true,"href":"http:\/\/dsrmedios.com.ar\/diario\/wp-json\/wp\/v2\/media\/19018"}],"wp:attachment":[{"href":"http:\/\/dsrmedios.com.ar\/diario\/wp-json\/wp\/v2\/media?parent=19017"}],"wp:term":[{"taxonomy":"category","embeddable":true,"href":"http:\/\/dsrmedios.com.ar\/diario\/wp-json\/wp\/v2\/categories?post=19017"},{"taxonomy":"post_tag","embeddable":true,"href":"http:\/\/dsrmedios.com.ar\/diario\/wp-json\/wp\/v2\/tags?post=19017"}],"curies":[{"name":"wp","href":"https:\/\/api.w.org\/{rel}","templated":true}]}}