{"id":1896,"date":"2017-10-25T08:38:49","date_gmt":"2017-10-25T11:38:49","guid":{"rendered":"http:\/\/dsrmedios.com.ar\/diario\/?p=1896"},"modified":"2017-10-25T08:38:49","modified_gmt":"2017-10-25T11:38:49","slug":"estudiantes-del-distrito-participan-del-parlamento-juvenil-del-mercosur-en-la-plata","status":"publish","type":"post","link":"http:\/\/dsrmedios.com.ar\/diario\/archivos\/1896","title":{"rendered":"Estudiantes del distrito participan del Parlamento Juvenil del Mercosur en La Plata"},"content":{"rendered":"<p>Estudiantes secundarios de todas las escuelas del distrito participan del Parlamento Juvenil del Mercosur en La Plata.<br \/>\nJunto a j\u00f3venes de la Provincia dialogan y debaten sobre cuestiones relacionadas a su desarrollo educativo y acerca de las pol\u00edticas p\u00fablicas dirigidas a ellos: G\u00e9nero, Derechos Humanos, J\u00f3venes y Trabajo, Inclusi\u00f3n Educativa, Participaci\u00f3n Ciudadana de los j\u00f3venes y Convivencia Digital.<\/p>\n","protected":false},"excerpt":{"rendered":"<div class=\"mh-excerpt\"><p>Estudiantes secundarios de todas las escuelas del distrito participan del Parlamento Juvenil del Mercosur en La Plata. Junto a j\u00f3venes de la Provincia dialogan y debaten sobre cuestiones relacionadas a su desarrollo educativo y acerca de las pol\u00edticas p\u00fablicas dirigidas a ellos: G\u00e9nero, Derechos Humanos, J\u00f3venes y Trabajo, Inclusi\u00f3n Educativa, Participaci\u00f3n Ciudadana de los j\u00f3venes y Convivencia Digital.<\/p>\n<\/div>","protected":false},"author":5,"featured_media":1897,"comment_status":"open","ping_status":"closed","sticky":false,"template":"","format":"standard","meta":{"_jetpack_newsletter_access":""},"categories":[2,18],"tags":[],"jetpack_featured_media_url":"http:\/\/dsrmedios.com.ar\/diario\/wp-content\/uploads\/2017\/10\/parlamne.jpg","jetpack_sharing_enabled":true,"jetpack_shortlink":"https:\/\/wp.me\/p9fihK-uA","_links":{"self":[{"href":"http:\/\/dsrmedios.com.ar\/diario\/wp-json\/wp\/v2\/posts\/1896"}],"collection":[{"href":"http:\/\/dsrmedios.com.ar\/diario\/wp-json\/wp\/v2\/posts"}],"about":[{"href":"http:\/\/dsrmedios.com.ar\/diario\/wp-json\/wp\/v2\/types\/post"}],"author":[{"embeddable":true,"href":"http:\/\/dsrmedios.com.ar\/diario\/wp-json\/wp\/v2\/users\/5"}],"replies":[{"embeddable":true,"href":"http:\/\/dsrmedios.com.ar\/diario\/wp-json\/wp\/v2\/comments?post=1896"}],"version-history":[{"count":1,"href":"http:\/\/dsrmedios.com.ar\/diario\/wp-json\/wp\/v2\/posts\/1896\/revisions"}],"predecessor-version":[{"id":1898,"href":"http:\/\/dsrmedios.com.ar\/diario\/wp-json\/wp\/v2\/posts\/1896\/revisions\/1898"}],"wp:featuredmedia":[{"embeddable":true,"href":"http:\/\/dsrmedios.com.ar\/diario\/wp-json\/wp\/v2\/media\/1897"}],"wp:attachment":[{"href":"http:\/\/dsrmedios.com.ar\/diario\/wp-json\/wp\/v2\/media?parent=1896"}],"wp:term":[{"taxonomy":"category","embeddable":true,"href":"http:\/\/dsrmedios.com.ar\/diario\/wp-json\/wp\/v2\/categories?post=1896"},{"taxonomy":"post_tag","embeddable":true,"href":"http:\/\/dsrmedios.com.ar\/diario\/wp-json\/wp\/v2\/tags?post=1896"}],"curies":[{"name":"wp","href":"https:\/\/api.w.org\/{rel}","templated":true}]}}