{"id":18918,"date":"2020-05-26T17:41:23","date_gmt":"2020-05-26T20:41:23","guid":{"rendered":"http:\/\/dsrmedios.com.ar\/diario\/?p=18918"},"modified":"2020-05-26T17:41:25","modified_gmt":"2020-05-26T20:41:25","slug":"nuevo-respirador-para-adolfo-alsina","status":"publish","type":"post","link":"http:\/\/dsrmedios.com.ar\/diario\/archivos\/18918","title":{"rendered":"Nuevo respirador para Adolfo Alsina"},"content":{"rendered":"\n<p>La Provincia de Buenos Aires env\u00edo un respirador artificial para\nAdolfo Alsina, que fue instalado en el ala nueva del Hospital General San\nMart\u00edn de Carhu\u00e9, destinada en el marco de la pandemia de COVID \u2013 19, a atender\na los pacientes con coronavirus del distrito.<br>\nEl\nIntendente, Javier Andres, recibi\u00f3 junto a la Secretaria de Salud, Diana Otero,\ny el Director del Hospital, Marcelo Lanzilotta, a Laureano Alimenti y\nMaximiliano Nu\u00f1ez, Directores de Regi\u00f3n Sanitaria 1 de la Provincia de Buenos\nAires quienes recorrieron el Hospital y conversaron sobre la situaci\u00f3n del\ndistrito frente a la pandemia.\n\n\n\n<\/p>\n","protected":false},"excerpt":{"rendered":"<div class=\"mh-excerpt\"><p>La Provincia de Buenos Aires env\u00edo un respirador artificial para Adolfo Alsina, que fue instalado en el ala nueva del Hospital General San Mart\u00edn de Carhu\u00e9, destinada en el marco de la pandemia de COVID \u2013 19, a atender a los pacientes con coronavirus del distrito. El Intendente, Javier Andres, recibi\u00f3 junto a la Secretaria de Salud, Diana Otero, y el Director del Hospital, Marcelo Lanzilotta, a Laureano Alimenti y Maximiliano Nu\u00f1ez, Directores de Regi\u00f3n Sanitaria 1 de la Provincia de Buenos Aires quienes recorrieron el Hospital y conversaron sobre la situaci\u00f3n del distrito frente a la pandemia.<\/p>\n<\/div>","protected":false},"author":6,"featured_media":18919,"comment_status":"open","ping_status":"closed","sticky":false,"template":"","format":"standard","meta":{"_jetpack_newsletter_access":""},"categories":[1],"tags":[],"jetpack_featured_media_url":"http:\/\/dsrmedios.com.ar\/diario\/wp-content\/uploads\/2020\/05\/99107238_2845167165580806_1131167448007966720_o.jpg","jetpack_sharing_enabled":true,"jetpack_shortlink":"https:\/\/wp.me\/p9fihK-4V8","_links":{"self":[{"href":"http:\/\/dsrmedios.com.ar\/diario\/wp-json\/wp\/v2\/posts\/18918"}],"collection":[{"href":"http:\/\/dsrmedios.com.ar\/diario\/wp-json\/wp\/v2\/posts"}],"about":[{"href":"http:\/\/dsrmedios.com.ar\/diario\/wp-json\/wp\/v2\/types\/post"}],"author":[{"embeddable":true,"href":"http:\/\/dsrmedios.com.ar\/diario\/wp-json\/wp\/v2\/users\/6"}],"replies":[{"embeddable":true,"href":"http:\/\/dsrmedios.com.ar\/diario\/wp-json\/wp\/v2\/comments?post=18918"}],"version-history":[{"count":1,"href":"http:\/\/dsrmedios.com.ar\/diario\/wp-json\/wp\/v2\/posts\/18918\/revisions"}],"predecessor-version":[{"id":18920,"href":"http:\/\/dsrmedios.com.ar\/diario\/wp-json\/wp\/v2\/posts\/18918\/revisions\/18920"}],"wp:featuredmedia":[{"embeddable":true,"href":"http:\/\/dsrmedios.com.ar\/diario\/wp-json\/wp\/v2\/media\/18919"}],"wp:attachment":[{"href":"http:\/\/dsrmedios.com.ar\/diario\/wp-json\/wp\/v2\/media?parent=18918"}],"wp:term":[{"taxonomy":"category","embeddable":true,"href":"http:\/\/dsrmedios.com.ar\/diario\/wp-json\/wp\/v2\/categories?post=18918"},{"taxonomy":"post_tag","embeddable":true,"href":"http:\/\/dsrmedios.com.ar\/diario\/wp-json\/wp\/v2\/tags?post=18918"}],"curies":[{"name":"wp","href":"https:\/\/api.w.org\/{rel}","templated":true}]}}