{"id":1885,"date":"2017-10-25T08:22:42","date_gmt":"2017-10-25T11:22:42","guid":{"rendered":"http:\/\/dsrmedios.com.ar\/diario\/?p=1885"},"modified":"2017-10-25T08:22:42","modified_gmt":"2017-10-25T11:22:42","slug":"maria-eugenia-vidal-apura-la-presentacion-del-presupuesto-provincial","status":"publish","type":"post","link":"http:\/\/dsrmedios.com.ar\/diario\/archivos\/1885","title":{"rendered":"Mar\u00eda Eugenia Vidal apura la presentaci\u00f3n del presupuesto provincial"},"content":{"rendered":"<p>La gobernadora bonaerense, Mar\u00eda Eugenia Vidal, presentar\u00e1 esta semana en la Legislatura el Presupuesto de su administraci\u00f3n para el a\u00f1o pr\u00f3ximo.<\/p>\n<p>Tras celebrar la victoria en las elecciones legislativas con la fuerza Cambiemos, Vidal plante\u00f3 una serie de temas que considera de urgente tratamiento en la Legislatura bonaerense, entre los que cont\u00f3 el Presupuesto. Al respecto, la mandataria se\u00f1al\u00f3 que \u201cvamos a presentar seguramente esta semana el Presupuesto, una herramienta fundamental de gesti\u00f3n\u201d.<\/p>\n<p>En concreto, la \u201cLey de Leyes\u201d podr\u00eda ingresar el viernes por el Senado, aunque otra posibilidad que manejan desde el Ejecutivo es estirar el plazo hasta principios de la pr\u00f3xima semana.<\/p>\n<p>Si bien no trascendi\u00f3 el n\u00famero final del presupuesto total, contemplar\u00e1 un alto pedido de endeudamiento y que, en principio, no incluir\u00e1 el Fondo de Infraestructura Municipal, una \u201ccaja\u201d que este a\u00f1o reparti\u00f3 m\u00e1s de 8 mil millones de pesos entre los intendentes de los 135 distritos, cuya continuidad es reclamada por la mayor\u00eda de los jefes comunales, incluidos los oficialistas.<\/p>\n<p>fuente:www.aninoticias.com.ar<\/p>\n","protected":false},"excerpt":{"rendered":"<div class=\"mh-excerpt\"><p>La gobernadora bonaerense, Mar\u00eda Eugenia Vidal, presentar\u00e1 esta semana en la Legislatura el Presupuesto de su administraci\u00f3n para el a\u00f1o pr\u00f3ximo. Tras celebrar la victoria en las elecciones legislativas con la fuerza Cambiemos, Vidal plante\u00f3 una serie de temas que considera de urgente tratamiento en la Legislatura bonaerense, entre los que cont\u00f3 el Presupuesto. Al respecto, la mandataria se\u00f1al\u00f3 que \u201cvamos a presentar seguramente esta semana el Presupuesto, una herramienta fundamental de gesti\u00f3n\u201d. En concreto, la \u201cLey de Leyes\u201d podr\u00eda ingresar el viernes por el Senado, aunque otra posibilidad que manejan desde el Ejecutivo es estirar el plazo hasta principios <a class=\"mh-excerpt-more\" href=\"http:\/\/dsrmedios.com.ar\/diario\/archivos\/1885\" title=\"Mar\u00eda Eugenia Vidal apura la presentaci\u00f3n del presupuesto provincial\">[Leer m\u00e1s]<\/a><\/p>\n<\/div>","protected":false},"author":5,"featured_media":1886,"comment_status":"open","ping_status":"closed","sticky":false,"template":"","format":"standard","meta":{"_jetpack_newsletter_access":""},"categories":[18,7],"tags":[],"jetpack_featured_media_url":"http:\/\/dsrmedios.com.ar\/diario\/wp-content\/uploads\/2017\/10\/vidal_idea_0.jpg","jetpack_sharing_enabled":true,"jetpack_shortlink":"https:\/\/wp.me\/p9fihK-up","_links":{"self":[{"href":"http:\/\/dsrmedios.com.ar\/diario\/wp-json\/wp\/v2\/posts\/1885"}],"collection":[{"href":"http:\/\/dsrmedios.com.ar\/diario\/wp-json\/wp\/v2\/posts"}],"about":[{"href":"http:\/\/dsrmedios.com.ar\/diario\/wp-json\/wp\/v2\/types\/post"}],"author":[{"embeddable":true,"href":"http:\/\/dsrmedios.com.ar\/diario\/wp-json\/wp\/v2\/users\/5"}],"replies":[{"embeddable":true,"href":"http:\/\/dsrmedios.com.ar\/diario\/wp-json\/wp\/v2\/comments?post=1885"}],"version-history":[{"count":1,"href":"http:\/\/dsrmedios.com.ar\/diario\/wp-json\/wp\/v2\/posts\/1885\/revisions"}],"predecessor-version":[{"id":1887,"href":"http:\/\/dsrmedios.com.ar\/diario\/wp-json\/wp\/v2\/posts\/1885\/revisions\/1887"}],"wp:featuredmedia":[{"embeddable":true,"href":"http:\/\/dsrmedios.com.ar\/diario\/wp-json\/wp\/v2\/media\/1886"}],"wp:attachment":[{"href":"http:\/\/dsrmedios.com.ar\/diario\/wp-json\/wp\/v2\/media?parent=1885"}],"wp:term":[{"taxonomy":"category","embeddable":true,"href":"http:\/\/dsrmedios.com.ar\/diario\/wp-json\/wp\/v2\/categories?post=1885"},{"taxonomy":"post_tag","embeddable":true,"href":"http:\/\/dsrmedios.com.ar\/diario\/wp-json\/wp\/v2\/tags?post=1885"}],"curies":[{"name":"wp","href":"https:\/\/api.w.org\/{rel}","templated":true}]}}