{"id":18828,"date":"2020-05-14T16:37:42","date_gmt":"2020-05-14T19:37:42","guid":{"rendered":"http:\/\/dsrmedios.com.ar\/diario\/?p=18828"},"modified":"2020-05-14T16:37:43","modified_gmt":"2020-05-14T19:37:43","slug":"andres-participo-de-la-presentacion-de-leasing-especial-para-municipios","status":"publish","type":"post","link":"http:\/\/dsrmedios.com.ar\/diario\/archivos\/18828","title":{"rendered":"Andres particip\u00f3 de la presentaci\u00f3n de Leasing especial para municipios"},"content":{"rendered":"\n<p>\n\n\n\n\n\n\n\n\n\n\n\n\n\n\n\n\nEl Intendente de Adolfo Alsina, Javier Andres, particip\u00f3 mediante\nteleconferencia de la presentaci\u00f3n realizada por el gobernador de la provincia\nde Buenos Aires, Axel Kicillof, de una l\u00ednea especial de Leasing del Grupo\nProvincia para municipios, destinada a atender la emergencia sanitaria.<br><br>\nDurante la teleconferencia con los 135 intendentes de la provincia de Buenos\nAires, Kicillof brind\u00f3 los detalles junto al presidente del Banco Provincia,\nJuan Cuattromo; el jefe de Gabinete, Carlos Bianco; el ministro de\nInfraestructura, Agust\u00edn Simone, la ministra de Gobierno, Teresa Garc\u00eda y\nValeria Dallera, presidenta de Provincia Leasing.<br><br>\n\u201cYa est\u00e1 operativa esta l\u00ednea de cr\u00e9dito que tiene un doble prop\u00f3sito:\nfacilitar la compra de equipamiento a los municipios y reactivar las ventas\u201d,\nexplic\u00f3 el Gobernador con respecto a la iniciativa que tendr\u00e1 destinado un\nmonto total de 600.000.000 de pesos, con una tasa variable proyectada entre el\n26% y el 30% para el pago del primer canon.<br><br>\nDurante la presentaci\u00f3n, Kicillof explic\u00f3 que la l\u00ednea ofrece financiaci\u00f3n en\nhasta 48 cuotas y est\u00e1 destinada especialmente para comprar bienes que permitan\nenfrentar la pandemia, como ambulancias, equipamiento de salud, maquinaria para\nconstrucci\u00f3n, veh\u00edculos para uso municipal y bienes de capital.<br><br>\nPor su parte, Cuattromo, como presidente del Grupo Provincia, detall\u00f3 que\ncuenta con un per\u00edodo de gracia de 3 meses para el pago de canones desde la\nfirma del contrato y se financiar\u00e1 hasta el 100% del valor de los bienes a\nadquirir.<br>\n\u201cCon el aval del Ministerio de Hacienda, vamos a ordenar las solicitudes para\nque el procedimiento sea en el menor tiempo posible y puedan acceder a la\ncompra de maquinaria o equipamiento. As\u00ed promovemos adem\u00e1s que los sectores\nproductivos puedan tambi\u00e9n reactivarse\u201d, agreg\u00f3 el Gobernador.<br><br>\nDurante la reuni\u00f3n, los intendentes realizaron consultas espec\u00edficas sobre los\nalcances, el sistema de leasing y los pasos administrativos para su acceso.\n\n\n\n<\/p>\n","protected":false},"excerpt":{"rendered":"<div class=\"mh-excerpt\"><p>El Intendente de Adolfo Alsina, Javier Andres, particip\u00f3 mediante teleconferencia de la presentaci\u00f3n realizada por el gobernador de la provincia de Buenos Aires, Axel Kicillof, de una l\u00ednea especial de Leasing del Grupo Provincia para municipios, destinada a atender la emergencia sanitaria. Durante la teleconferencia con los 135 intendentes de la provincia de Buenos Aires, Kicillof brind\u00f3 los detalles junto al presidente del Banco Provincia, Juan Cuattromo; el jefe de Gabinete, Carlos Bianco; el ministro de Infraestructura, Agust\u00edn Simone, la ministra de Gobierno, Teresa Garc\u00eda y Valeria Dallera, presidenta de Provincia Leasing. \u201cYa est\u00e1 operativa esta l\u00ednea de cr\u00e9dito que <a class=\"mh-excerpt-more\" href=\"http:\/\/dsrmedios.com.ar\/diario\/archivos\/18828\" title=\"Andres particip\u00f3 de la presentaci\u00f3n de Leasing especial para municipios\">[Leer m\u00e1s]<\/a><\/p>\n<\/div>","protected":false},"author":6,"featured_media":18829,"comment_status":"open","ping_status":"closed","sticky":false,"template":"","format":"standard","meta":{"_jetpack_newsletter_access":""},"categories":[5],"tags":[],"jetpack_featured_media_url":"http:\/\/dsrmedios.com.ar\/diario\/wp-content\/uploads\/2020\/05\/WhatsApp-Image-2020-05-14-at-9.42.35-AM.jpeg","jetpack_sharing_enabled":true,"jetpack_shortlink":"https:\/\/wp.me\/p9fihK-4TG","_links":{"self":[{"href":"http:\/\/dsrmedios.com.ar\/diario\/wp-json\/wp\/v2\/posts\/18828"}],"collection":[{"href":"http:\/\/dsrmedios.com.ar\/diario\/wp-json\/wp\/v2\/posts"}],"about":[{"href":"http:\/\/dsrmedios.com.ar\/diario\/wp-json\/wp\/v2\/types\/post"}],"author":[{"embeddable":true,"href":"http:\/\/dsrmedios.com.ar\/diario\/wp-json\/wp\/v2\/users\/6"}],"replies":[{"embeddable":true,"href":"http:\/\/dsrmedios.com.ar\/diario\/wp-json\/wp\/v2\/comments?post=18828"}],"version-history":[{"count":1,"href":"http:\/\/dsrmedios.com.ar\/diario\/wp-json\/wp\/v2\/posts\/18828\/revisions"}],"predecessor-version":[{"id":18830,"href":"http:\/\/dsrmedios.com.ar\/diario\/wp-json\/wp\/v2\/posts\/18828\/revisions\/18830"}],"wp:featuredmedia":[{"embeddable":true,"href":"http:\/\/dsrmedios.com.ar\/diario\/wp-json\/wp\/v2\/media\/18829"}],"wp:attachment":[{"href":"http:\/\/dsrmedios.com.ar\/diario\/wp-json\/wp\/v2\/media?parent=18828"}],"wp:term":[{"taxonomy":"category","embeddable":true,"href":"http:\/\/dsrmedios.com.ar\/diario\/wp-json\/wp\/v2\/categories?post=18828"},{"taxonomy":"post_tag","embeddable":true,"href":"http:\/\/dsrmedios.com.ar\/diario\/wp-json\/wp\/v2\/tags?post=18828"}],"curies":[{"name":"wp","href":"https:\/\/api.w.org\/{rel}","templated":true}]}}