{"id":18788,"date":"2020-05-10T18:01:42","date_gmt":"2020-05-10T21:01:42","guid":{"rendered":"http:\/\/dsrmedios.com.ar\/diario\/?p=18788"},"modified":"2020-05-10T18:01:45","modified_gmt":"2020-05-10T21:01:45","slug":"extension-de-cuarentena-fase-4-extension-de-horarios","status":"publish","type":"post","link":"http:\/\/dsrmedios.com.ar\/diario\/archivos\/18788","title":{"rendered":"Extensi\u00f3n de Cuarentena &#8211; Fase 4 &#8211; Extensi\u00f3n de horarios"},"content":{"rendered":"\n<p><\/p>\n\n\n\n<p>&#x1f4cc; Uso Obligatorio de M\u00e1scara Solidaria<\/p>\n\n\n\n<p>Ser\u00e1 obligatorio el uso de tapa boca, nariz y pera o m\u00e1scara solidaria para todas las personas que circulen dentro del Partido, tanto en entornos p\u00fablicos o privados de actividades autorizadas por la normativa vigente.<\/p>\n\n\n\n<p>&#x1f4cc; Comercios Habilitados<\/p>\n\n\n\n<p>&#x25aa;&#xfe0f;Lunes a Viernes de 8 a 18 horas &#8211; S\u00e1bados de 8 a 13 horas<\/p>\n\n\n\n<p>&#x25aa;&#xfe0f;Env\u00edos a domicilio de alimentos: de 8 a 23 horas.<\/p>\n\n\n\n<p>&#x1f449;En todos los casos se deben cumplir con las medidas estrictas de seguridad e higiene*.<\/p>\n\n\n\n<p>&#x1f449;Informaci\u00f3n actualizada con los protocolos de funcionamiento: https:\/\/www.adolfoalsina.gov.ar\/coronavirus<\/p>\n\n\n\n<p>&#x1f6ab; Prohibiciones generales por Decreto Nacional<\/p>\n\n\n\n<p>&#x1f6ab;Dictado de clases presenciales.<br>\n&#x1f6ab;Eventos p\u00fablicos y privados (sociales, culturales, recreativos, deportivos, religiosos)<br>\n&#x1f6ab;Centros Comerciales<br>\n&#x1f6ab;Cines<br>\n&#x1f6ab;Teatros<br>\n&#x1f6ab;Centros Culturales<br>\n&#x1f6ab;Bibliotecas<br>\n&#x1f6ab;Museos<br>\n&#x1f6ab;Restaurantes<br>\n&#x1f6ab;Bares<br>\n&#x1f6ab;Gimnasios<br>\n&#x1f6ab;Clubes<\/p>\n\n\n\n<p>&#x1f4cc; Salidas de Esparcimiento<\/p>\n\n\n\n<p>&#x25aa;&#xfe0f;Todos los d\u00edas de 13 a 16 horas. Sin restricci\u00f3n geogr\u00e1fica.<br>\n&#x1f449;S\u00f3lo podr\u00e1n caminar juntos el grupo familiar conviviente<br>\n&#x1f6ab; Se mantiene la prohibici\u00f3n de uso de Parques de Juegos y de Salud.<\/p>\n\n\n\n<p>&#x1f4cc; Salidas Aer\u00f3bicas<\/p>\n\n\n\n<p>&#x25aa;&#xfe0f;Pedestrimo y Ciclismo. Salidas individuales. Todos los d\u00edas de 13 a 16 horas. Sin restricci\u00f3n geogr\u00e1fica. S\u00f3lo podr\u00e1n desplazarse sin barbijo fuera del casco urbano de cada localidad.<\/p>\n\n\n\n<p>&#x1f4cc; Deportes<\/p>\n\n\n\n<p>&#x25aa;&#xfe0f;Habilitados Tenis y Golf. Seg\u00fan protocolo. De 13 a 17 horas. <\/p>\n\n\n\n<p>&#x1f4cc; Cementerio<\/p>\n\n\n\n<p>&#x25aa;&#xfe0f; Lunes a S\u00e1bados de 13: 00 a 16:00 horas.<\/p>\n\n\n\n<p>&#x1f4cc; Desarrollo Humano<\/p>\n\n\n\n<p>Atiende por tel\u00e9fono a las personas que requieran  asistencia o asesoramiento. Se puede llamar de Lunes a Viernes de 9 a 18 horas al 2923-460510<\/p>\n\n\n\n<p>&#x1f4cc; Recolecci\u00f3n de Residuos<\/p>\n\n\n\n<p>Contin\u00faa realiz\u00e1ndose los d\u00edas Lunes, Mi\u00e9rcoles y Viernes.<\/p>\n\n\n\n<p>El Comit\u00e9 de Defensa Civil informa que estas medidas tienen car\u00e1cter provisorio y s\u00f3lo ser\u00e1n sostenidas en el tiempo, en la medida que los vecinos cumplan con las recomendaciones sanitarias para evitar el contagio del virus.<\/p>\n\n\n\n<p>&#x2705;Aislamiento Social voluntario \u00a1Quedate en casa y sal\u00ed solo en caso de necesidad!<br>\n&#x2705;Uso de la m\u00e1scara facial solidaria<br>\n&#x2705;Distanciamiento social (Dos metros entre personas)<br>\n&#x2705;Higiene sistem\u00e1tica de manos y superficies del hogar<br>\n&#x2705;Evitar reuniones o encuentros (di\u00e1logos) en la v\u00eda p\u00fablica<\/p>\n","protected":false},"excerpt":{"rendered":"<div class=\"mh-excerpt\"><p>&#x1f4cc; Uso Obligatorio de M\u00e1scara Solidaria Ser\u00e1 obligatorio el uso de tapa boca, nariz y pera o m\u00e1scara solidaria para todas las personas que circulen dentro del Partido, tanto en entornos p\u00fablicos o privados de actividades autorizadas por la normativa vigente. &#x1f4cc; Comercios Habilitados &#x25aa;&#xfe0f;Lunes a Viernes de 8 a 18 horas &#8211; S\u00e1bados de 8 a 13 horas &#x25aa;&#xfe0f;Env\u00edos a domicilio de alimentos: de 8 a 23 horas. &#x1f449;En todos los casos se deben cumplir con las medidas estrictas de seguridad e higiene*. &#x1f449;Informaci\u00f3n actualizada con los protocolos de funcionamiento: https:\/\/www.adolfoalsina.gov.ar\/coronavirus &#x1f6ab; Prohibiciones generales por Decreto Nacional &#x1f6ab;Dictado de <a class=\"mh-excerpt-more\" href=\"http:\/\/dsrmedios.com.ar\/diario\/archivos\/18788\" title=\"Extensi\u00f3n de Cuarentena &#8211; Fase 4 &#8211; Extensi\u00f3n de horarios\">[Leer m\u00e1s]<\/a><\/p>\n<\/div>","protected":false},"author":6,"featured_media":18506,"comment_status":"open","ping_status":"closed","sticky":false,"template":"","format":"standard","meta":{"_jetpack_newsletter_access":""},"categories":[1],"tags":[],"jetpack_featured_media_url":"http:\/\/dsrmedios.com.ar\/diario\/wp-content\/uploads\/2020\/04\/06-03-20_corona_0.jpg","jetpack_sharing_enabled":true,"jetpack_shortlink":"https:\/\/wp.me\/p9fihK-4T2","_links":{"self":[{"href":"http:\/\/dsrmedios.com.ar\/diario\/wp-json\/wp\/v2\/posts\/18788"}],"collection":[{"href":"http:\/\/dsrmedios.com.ar\/diario\/wp-json\/wp\/v2\/posts"}],"about":[{"href":"http:\/\/dsrmedios.com.ar\/diario\/wp-json\/wp\/v2\/types\/post"}],"author":[{"embeddable":true,"href":"http:\/\/dsrmedios.com.ar\/diario\/wp-json\/wp\/v2\/users\/6"}],"replies":[{"embeddable":true,"href":"http:\/\/dsrmedios.com.ar\/diario\/wp-json\/wp\/v2\/comments?post=18788"}],"version-history":[{"count":1,"href":"http:\/\/dsrmedios.com.ar\/diario\/wp-json\/wp\/v2\/posts\/18788\/revisions"}],"predecessor-version":[{"id":18789,"href":"http:\/\/dsrmedios.com.ar\/diario\/wp-json\/wp\/v2\/posts\/18788\/revisions\/18789"}],"wp:featuredmedia":[{"embeddable":true,"href":"http:\/\/dsrmedios.com.ar\/diario\/wp-json\/wp\/v2\/media\/18506"}],"wp:attachment":[{"href":"http:\/\/dsrmedios.com.ar\/diario\/wp-json\/wp\/v2\/media?parent=18788"}],"wp:term":[{"taxonomy":"category","embeddable":true,"href":"http:\/\/dsrmedios.com.ar\/diario\/wp-json\/wp\/v2\/categories?post=18788"},{"taxonomy":"post_tag","embeddable":true,"href":"http:\/\/dsrmedios.com.ar\/diario\/wp-json\/wp\/v2\/tags?post=18788"}],"curies":[{"name":"wp","href":"https:\/\/api.w.org\/{rel}","templated":true}]}}