{"id":1877,"date":"2017-10-24T09:10:15","date_gmt":"2017-10-24T12:10:15","guid":{"rendered":"http:\/\/dsrmedios.com.ar\/diario\/?p=1877"},"modified":"2017-10-24T09:10:15","modified_gmt":"2017-10-24T12:10:15","slug":"se-dieron-a-conocer-detalles-de-la-vuelta-al-lago-epecuen-que-se-correra-el-9-de-diciembre","status":"publish","type":"post","link":"http:\/\/dsrmedios.com.ar\/diario\/archivos\/1877","title":{"rendered":"Se dieron a conocer detalles de la &#8220;Vuelta al Lago Epecu\u00e9n&#8221; que se correr\u00e1 el 9 de diciembre"},"content":{"rendered":"<p>La Vuelta al Lago Epecu\u00e9n es una carrera de ultra distancia, con 60 kil\u00f3metros de terreno t\u00e9cnico pero sin grandes desniveles. La costa del lago tiene barrancas, arena, suelo salino, 6 arroyos, bosques de caldenes y campo, algunos caminos vecinales y las famosas ruinas de Villa Epecu\u00e9n. Sin embargo la convocatoria no est\u00e1 abierta s\u00f3lo para ultra maratonistas y aventureros de la larga distancia, habr\u00e1 otros 2 circuitos de 21 y 10 kil\u00f3metros. Todos los circuitos correr\u00e1n entra las ruinas. De esa forma la uni\u00f3n del pasado con el presente ser\u00e1 una sensaci\u00f3n que experimentar\u00e1n todos los corredores, elijan la distancia que elijan.<br \/>\n<strong>Los diferentes circuitos establecidos por los organizadores<\/strong><\/p>\n<p>60k. Se largar\u00e1 de madrugada desde la plaza principal de Carhu\u00e9 y ya en los primeros kil\u00f3metros, los corredores deber\u00e1n avanzar por un terrapl\u00e9n que se interna en el lago para salir a campo traviesa hacia una vieja \u00e1rea urbanizada que nunca lleg\u00f3 a tener habitantes. Tendr\u00e1n senderos y caminos que los depositar\u00e1n en un enorme bosque de caldenes, el \u00e1rbol sagrado de los ranqueles, pueblo originario de la zona sudoeste de las provincias de Buenos Aires y La Pampa. El suelo salitroso ser\u00e1 uno los obst\u00e1culos a vencer, ya que si bien es duro, el alto \u00edndice de humedad hace que se hunda algunos mil\u00edmetros. En la mitad de la carrera ya habr\u00e1n vadeado al menos 3 arroyos que pueden tener un metro de agua y simplemente el barro residual del fondo. Las Ruinas de Villa Epecu\u00e9n se integran al recorrido en el kil\u00f3metro 45, y esa experiencia renovar\u00e1 la mente de los corredores; entrar\u00e1n por el extremo norte, desde un viejo camping rodeado de \u00e1rboles blancos de sal para acercarse al antiguo ejido urbano \u00a0por la costa del lago y hacer un recorrido de entre 4 y 5 kms entre las ruinas. El final de la carrera une el camino del viejo matadero, un edificio monumentalista del famoso arquitecto Salamone, con la plaza central de Carhu\u00e9. Donde los pobladores recibir\u00e1n a los corredores que completaron la prueba y lograr unir el pasado con el presente.<\/p>\n<p>21K. Largar\u00e1 a media ma\u00f1ana desde la antigua estaci\u00f3n de trenes de Villa Epecu\u00e9n, los corredores ser\u00e1n trasladados desde el centro de Carhu\u00e9 hasta una hora antes del horario de largada. Una larga calle de tierra, coronada por enormes eucaliptus, guiar\u00e1 a los corredores hasta la primera intersecci\u00f3n que los llevar\u00e1 a una huella que deriva en un cross country. Desde all\u00ed tendr\u00e1n un peque\u00f1o desnivel en descenso para cruzar un ba\u00f1ado y acercarse por el sur el antiguo edificio del matadero. Pasar\u00e1n por la pista de un viejo aut\u00f3dromo, para luego retomar hacia el norte por un camino de tierra y alcanzar el ingreso a las ruinas por el mismo sitio que los corredores de 60 K. Desde ese punto compartir\u00e1n el mismo recorrido que quienes vienen de dar la vuelta al lago. Muchos de los corredores de los 21K seguramente sentir\u00e1n un gran inter\u00e9s aspiracional por dar, alg\u00fan d\u00eda, la vuelta completa.<\/p>\n<p>10K.\u00a0argar\u00e1n del mismo lugar y con el mismo horario que los 21K. Sin embargo en el kil\u00f3metro 2, cuando la carrera se bifurque, quienes hagan la distancia m\u00e1s corta seguir\u00e1n corriendo con el ingreso a las ruinas de Villa Epecu\u00e9n de frente. Entrar\u00e1n a las ruinas, recorrer\u00e1n parte de ellas, unos mil metros, y se habr\u00e1n unido a los corredores de las otras distancias; para luego terminar en la plaza central de Carhu\u00e9. De esa forma habr\u00e1n cumplido tambi\u00e9n con el prop\u00f3sito de correr a trav\u00e9s del tiempo.<\/p>\n<p>La inscripci\u00f3n se realiza a trav\u00e9s del sitio www.vueltalagoepecuen.com.ar<\/p>\n","protected":false},"excerpt":{"rendered":"<div class=\"mh-excerpt\"><p>La Vuelta al Lago Epecu\u00e9n es una carrera de ultra distancia, con 60 kil\u00f3metros de terreno t\u00e9cnico pero sin grandes desniveles. La costa del lago tiene barrancas, arena, suelo salino, 6 arroyos, bosques de caldenes y campo, algunos caminos vecinales y las famosas ruinas de Villa Epecu\u00e9n. Sin embargo la convocatoria no est\u00e1 abierta s\u00f3lo para ultra maratonistas y aventureros de la larga distancia, habr\u00e1 otros 2 circuitos de 21 y 10 kil\u00f3metros. Todos los circuitos correr\u00e1n entra las ruinas. De esa forma la uni\u00f3n del pasado con el presente ser\u00e1 una sensaci\u00f3n que experimentar\u00e1n todos los corredores, elijan la <a class=\"mh-excerpt-more\" href=\"http:\/\/dsrmedios.com.ar\/diario\/archivos\/1877\" title=\"Se dieron a conocer detalles de la &#8220;Vuelta al Lago Epecu\u00e9n&#8221; que se correr\u00e1 el 9 de diciembre\">[Leer m\u00e1s]<\/a><\/p>\n<\/div>","protected":false},"author":5,"featured_media":1637,"comment_status":"open","ping_status":"closed","sticky":false,"template":"","format":"standard","meta":{"_jetpack_newsletter_access":""},"categories":[18],"tags":[],"jetpack_featured_media_url":"http:\/\/dsrmedios.com.ar\/diario\/wp-content\/uploads\/2017\/10\/vuelta.jpg","jetpack_sharing_enabled":true,"jetpack_shortlink":"https:\/\/wp.me\/p9fihK-uh","_links":{"self":[{"href":"http:\/\/dsrmedios.com.ar\/diario\/wp-json\/wp\/v2\/posts\/1877"}],"collection":[{"href":"http:\/\/dsrmedios.com.ar\/diario\/wp-json\/wp\/v2\/posts"}],"about":[{"href":"http:\/\/dsrmedios.com.ar\/diario\/wp-json\/wp\/v2\/types\/post"}],"author":[{"embeddable":true,"href":"http:\/\/dsrmedios.com.ar\/diario\/wp-json\/wp\/v2\/users\/5"}],"replies":[{"embeddable":true,"href":"http:\/\/dsrmedios.com.ar\/diario\/wp-json\/wp\/v2\/comments?post=1877"}],"version-history":[{"count":1,"href":"http:\/\/dsrmedios.com.ar\/diario\/wp-json\/wp\/v2\/posts\/1877\/revisions"}],"predecessor-version":[{"id":1878,"href":"http:\/\/dsrmedios.com.ar\/diario\/wp-json\/wp\/v2\/posts\/1877\/revisions\/1878"}],"wp:featuredmedia":[{"embeddable":true,"href":"http:\/\/dsrmedios.com.ar\/diario\/wp-json\/wp\/v2\/media\/1637"}],"wp:attachment":[{"href":"http:\/\/dsrmedios.com.ar\/diario\/wp-json\/wp\/v2\/media?parent=1877"}],"wp:term":[{"taxonomy":"category","embeddable":true,"href":"http:\/\/dsrmedios.com.ar\/diario\/wp-json\/wp\/v2\/categories?post=1877"},{"taxonomy":"post_tag","embeddable":true,"href":"http:\/\/dsrmedios.com.ar\/diario\/wp-json\/wp\/v2\/tags?post=1877"}],"curies":[{"name":"wp","href":"https:\/\/api.w.org\/{rel}","templated":true}]}}