{"id":1871,"date":"2017-10-24T09:04:00","date_gmt":"2017-10-24T12:04:00","guid":{"rendered":"http:\/\/dsrmedios.com.ar\/diario\/?p=1871"},"modified":"2017-10-24T09:04:00","modified_gmt":"2017-10-24T12:04:00","slug":"orden-del-dia-para-la-sesion-ordinaria-del-honorable-concejo-deliberante-del-miercoles-25","status":"publish","type":"post","link":"http:\/\/dsrmedios.com.ar\/diario\/archivos\/1871","title":{"rendered":"Orden del d\u00eda para la Sesi\u00f3n Ordinaria del Honorable Concejo Deliberante del mi\u00e9rcoles 25"},"content":{"rendered":"<p><strong><u>Orden del D\u00eda<\/u><\/strong><\/p>\n<p>&nbsp;<\/p>\n<p><strong><u>Punto 1\u00ba<\/u><\/strong><u>.-<\/u> Aprobaci\u00f3n del Acta N\u00ba\u00a0 43.<\/p>\n<p>&nbsp;<\/p>\n<p><strong><u>Punto 2\u00ba<\/u><\/strong><u>.-<\/u> Expte. N\u00ba 7885\/17, Proyecto de Ordenanza autorizando a firmar un Convenio para la fiscaliza-ci\u00f3n y control de los Servicios de Transporte Escolar, con la Subsecretar\u00eda de Trasporte de la Provincia de Buenos Aires.<\/p>\n<p>&nbsp;<\/p>\n<p><strong><u>Punto 3\u00ba<\/u><\/strong><u>.-<\/u> Expte. N\u00ba 7886\/17, Departamento Ejecutivo remite Proyecto de Ordenanza modificando la Ordenanza N\u00ba 1679\/94, excluyendo de la lista a la Se\u00f1ora Olga Esther Podprullenko, propietaria de la Casa N\u00ba 73, e incluyendo en la misma al Se\u00f1or Juan Jos\u00e9 Rodr\u00edguez.<\/p>\n<p>&nbsp;<\/p>\n<p><strong><u>Punto 4\u00ba<\/u><\/strong><u>.-<\/u> Expte. N\u00ba 7887\/17, Departamento Ejecutivo remite Proyecto de Ordenanza cambiando la titula-ridad de la Vivienda N\u00ba 14, del Plan Novios de Rivera, que se adjudicar\u00e1 a la Se\u00f1ora Susana Noem\u00ed Bru-zzone.<\/p>\n<p>&nbsp;<\/p>\n<p><strong><u>Punto 5\u00ba<\/u><\/strong><u>.-<\/u> Expte. N\u00ba 7889\/17, Departamento Ejecutivo remite Proyecto de Ordenanza autorizando a firmar\u00a0 un Acta Complementaria\/Protocolo del Convenio Marco N\u00ba 86\/1.985 para desarrollar acciones de capaci-taci\u00f3n, investigaci\u00f3n, desarrollo y transferencia de conocimientos tecnol\u00f3gicos y designaci\u00f3n del Personal Jer\u00e1rquico y Docente del Establecimiento de Formaci\u00f3n Profesional.<\/p>\n<p><strong>\u00a0<\/strong><\/p>\n<p><strong><u>Punto 6\u00ba<\/u><\/strong><u>.-<\/u> Expte. N\u00ba 7890\/17, Departamento Ejecutivo remite Proyecto de Ordenanza autorizando a firmar un Convenio de Obra para realizar \u201cCord\u00f3n cuneta, cord\u00f3n emergente, dados y badenes\u201d en Carhu\u00e9.<\/p>\n<p><strong>\u00a0<\/strong><\/p>\n<p><strong><u>Punto 7\u00ba<\/u><\/strong><u>.-<\/u> Expte. N\u00ba 7891\/17, Departamento Ejecutivo remite Proyecto de Ordenanza autorizando a firmar un contrato con Guardia Producciones S.R.L. por el servicio de direcci\u00f3n y supervisi\u00f3n general, t\u00e9cnica y administrativa del evento anual de running \u201cVuelta al Lago Epecu\u00e9n\u201d.<\/p>\n<p><strong>\u00a0<\/strong><\/p>\n<p><strong><u>Punto 8\u00ba<\/u><\/strong><u>.-<\/u> Despachos de Comisiones.<\/p>\n<p>&nbsp;<\/p>\n<p><strong><u>Punto 9\u00ba<\/u><\/strong><u>.-<\/u> Inquietudes de los Bloques.<\/p>\n<p>&nbsp;<\/p>\n<p><strong><u>Punto 10\u00ba<\/u><\/strong><u>.-<\/u> Correspondencia.<\/p>\n<p>&nbsp;<\/p>\n<p><strong><u>\u00a0<\/u><\/strong><\/p>\n<p><strong>\u00a0<\/strong><\/p>\n<p>&nbsp;<\/p>\n<p>&nbsp;<\/p>\n<p>&nbsp;<\/p>\n<p>&nbsp;<\/p>\n<p>Facundo Oscar Montenegro<\/p>\n<p>Presidente del Honorable Concejo Deliberante<\/p>\n<p>&nbsp;<\/p>\n","protected":false},"excerpt":{"rendered":"<div class=\"mh-excerpt\"><p>Orden del D\u00eda &nbsp; Punto 1\u00ba.- Aprobaci\u00f3n del Acta N\u00ba\u00a0 43. &nbsp; Punto 2\u00ba.- Expte. N\u00ba 7885\/17, Proyecto de Ordenanza autorizando a firmar un Convenio para la fiscaliza-ci\u00f3n y control de los Servicios de Transporte Escolar, con la Subsecretar\u00eda de Trasporte de la Provincia de Buenos Aires. &nbsp; Punto 3\u00ba.- Expte. N\u00ba 7886\/17, Departamento Ejecutivo remite Proyecto de Ordenanza modificando la Ordenanza N\u00ba 1679\/94, excluyendo de la lista a la Se\u00f1ora Olga Esther Podprullenko, propietaria de la Casa N\u00ba 73, e incluyendo en la misma al Se\u00f1or Juan Jos\u00e9 Rodr\u00edguez. &nbsp; Punto 4\u00ba.- Expte. N\u00ba 7887\/17, Departamento Ejecutivo remite Proyecto <a class=\"mh-excerpt-more\" href=\"http:\/\/dsrmedios.com.ar\/diario\/archivos\/1871\" title=\"Orden del d\u00eda para la Sesi\u00f3n Ordinaria del Honorable Concejo Deliberante del mi\u00e9rcoles 25\">[Leer m\u00e1s]<\/a><\/p>\n<\/div>","protected":false},"author":5,"featured_media":1872,"comment_status":"open","ping_status":"closed","sticky":false,"template":"","format":"standard","meta":{"_jetpack_newsletter_access":""},"categories":[18,5],"tags":[],"jetpack_featured_media_url":"http:\/\/dsrmedios.com.ar\/diario\/wp-content\/uploads\/2017\/10\/hcd11.jpg","jetpack_sharing_enabled":true,"jetpack_shortlink":"https:\/\/wp.me\/p9fihK-ub","_links":{"self":[{"href":"http:\/\/dsrmedios.com.ar\/diario\/wp-json\/wp\/v2\/posts\/1871"}],"collection":[{"href":"http:\/\/dsrmedios.com.ar\/diario\/wp-json\/wp\/v2\/posts"}],"about":[{"href":"http:\/\/dsrmedios.com.ar\/diario\/wp-json\/wp\/v2\/types\/post"}],"author":[{"embeddable":true,"href":"http:\/\/dsrmedios.com.ar\/diario\/wp-json\/wp\/v2\/users\/5"}],"replies":[{"embeddable":true,"href":"http:\/\/dsrmedios.com.ar\/diario\/wp-json\/wp\/v2\/comments?post=1871"}],"version-history":[{"count":1,"href":"http:\/\/dsrmedios.com.ar\/diario\/wp-json\/wp\/v2\/posts\/1871\/revisions"}],"predecessor-version":[{"id":1873,"href":"http:\/\/dsrmedios.com.ar\/diario\/wp-json\/wp\/v2\/posts\/1871\/revisions\/1873"}],"wp:featuredmedia":[{"embeddable":true,"href":"http:\/\/dsrmedios.com.ar\/diario\/wp-json\/wp\/v2\/media\/1872"}],"wp:attachment":[{"href":"http:\/\/dsrmedios.com.ar\/diario\/wp-json\/wp\/v2\/media?parent=1871"}],"wp:term":[{"taxonomy":"category","embeddable":true,"href":"http:\/\/dsrmedios.com.ar\/diario\/wp-json\/wp\/v2\/categories?post=1871"},{"taxonomy":"post_tag","embeddable":true,"href":"http:\/\/dsrmedios.com.ar\/diario\/wp-json\/wp\/v2\/tags?post=1871"}],"curies":[{"name":"wp","href":"https:\/\/api.w.org\/{rel}","templated":true}]}}