{"id":1865,"date":"2017-10-24T08:52:42","date_gmt":"2017-10-24T11:52:42","guid":{"rendered":"http:\/\/dsrmedios.com.ar\/diario\/?p=1865"},"modified":"2017-10-24T08:52:42","modified_gmt":"2017-10-24T11:52:42","slug":"en-guamini-cambiemos-volvio-a-ganar-la-eleccion-al-oficialismo","status":"publish","type":"post","link":"http:\/\/dsrmedios.com.ar\/diario\/archivos\/1865","title":{"rendered":"En Guamin\u00ed Cambiemos volvi\u00f3 a ganar la elecci\u00f3n al oficialismo"},"content":{"rendered":"<p>Con la casbense Elisa Salar de Ochoa a la cabeza, Cambiemos gan\u00f3 igual que en la PASO en el distrito de Guamin\u00ed. En el marco de una clara polarizaci\u00f3n entre el ganador y el oficialismo (Unidad Ciudadana), el triunfo fue por algo m\u00e1s de 450 votos.<\/p>\n<p>Esto implica que, con el apoyo de la \u00fanica banca que le quedar\u00e1 a Uni\u00f3n Vecinal despu\u00e9s de diciembre, ser\u00e1 Cambiemos quien se quedar\u00e1 con la presidencia del CD.<\/p>\n<p>En el Comit\u00e9 Manuel Ochoa, anoche todo era festejo. Primero entre los dirigentes, candidatos y simpatizantes de esta cabecera y, luego, con la llegada de Salar de Ochoa para compartir la algarab\u00eda.<\/p>\n<p>\u201cEstoy feliz. No podemos creer que hayamos ganado en todos los pueblos del distrito\u201d, dijo Salar de Ochoa.<\/p>\n<p>fuente:www.lanueva.com.ar<\/p>\n","protected":false},"excerpt":{"rendered":"<div class=\"mh-excerpt\"><p>Con la casbense Elisa Salar de Ochoa a la cabeza, Cambiemos gan\u00f3 igual que en la PASO en el distrito de Guamin\u00ed. En el marco de una clara polarizaci\u00f3n entre el ganador y el oficialismo (Unidad Ciudadana), el triunfo fue por algo m\u00e1s de 450 votos. Esto implica que, con el apoyo de la \u00fanica banca que le quedar\u00e1 a Uni\u00f3n Vecinal despu\u00e9s de diciembre, ser\u00e1 Cambiemos quien se quedar\u00e1 con la presidencia del CD. En el Comit\u00e9 Manuel Ochoa, anoche todo era festejo. Primero entre los dirigentes, candidatos y simpatizantes de esta cabecera y, luego, con la llegada de <a class=\"mh-excerpt-more\" href=\"http:\/\/dsrmedios.com.ar\/diario\/archivos\/1865\" title=\"En Guamin\u00ed Cambiemos volvi\u00f3 a ganar la elecci\u00f3n al oficialismo\">[Leer m\u00e1s]<\/a><\/p>\n<\/div>","protected":false},"author":5,"featured_media":1866,"comment_status":"open","ping_status":"closed","sticky":false,"template":"","format":"standard","meta":{"_jetpack_newsletter_access":""},"categories":[18],"tags":[],"jetpack_featured_media_url":"http:\/\/dsrmedios.com.ar\/diario\/wp-content\/uploads\/2017\/10\/guamini.jpg","jetpack_sharing_enabled":true,"jetpack_shortlink":"https:\/\/wp.me\/p9fihK-u5","_links":{"self":[{"href":"http:\/\/dsrmedios.com.ar\/diario\/wp-json\/wp\/v2\/posts\/1865"}],"collection":[{"href":"http:\/\/dsrmedios.com.ar\/diario\/wp-json\/wp\/v2\/posts"}],"about":[{"href":"http:\/\/dsrmedios.com.ar\/diario\/wp-json\/wp\/v2\/types\/post"}],"author":[{"embeddable":true,"href":"http:\/\/dsrmedios.com.ar\/diario\/wp-json\/wp\/v2\/users\/5"}],"replies":[{"embeddable":true,"href":"http:\/\/dsrmedios.com.ar\/diario\/wp-json\/wp\/v2\/comments?post=1865"}],"version-history":[{"count":1,"href":"http:\/\/dsrmedios.com.ar\/diario\/wp-json\/wp\/v2\/posts\/1865\/revisions"}],"predecessor-version":[{"id":1867,"href":"http:\/\/dsrmedios.com.ar\/diario\/wp-json\/wp\/v2\/posts\/1865\/revisions\/1867"}],"wp:featuredmedia":[{"embeddable":true,"href":"http:\/\/dsrmedios.com.ar\/diario\/wp-json\/wp\/v2\/media\/1866"}],"wp:attachment":[{"href":"http:\/\/dsrmedios.com.ar\/diario\/wp-json\/wp\/v2\/media?parent=1865"}],"wp:term":[{"taxonomy":"category","embeddable":true,"href":"http:\/\/dsrmedios.com.ar\/diario\/wp-json\/wp\/v2\/categories?post=1865"},{"taxonomy":"post_tag","embeddable":true,"href":"http:\/\/dsrmedios.com.ar\/diario\/wp-json\/wp\/v2\/tags?post=1865"}],"curies":[{"name":"wp","href":"https:\/\/api.w.org\/{rel}","templated":true}]}}