{"id":1854,"date":"2017-10-24T08:36:35","date_gmt":"2017-10-24T11:36:35","guid":{"rendered":"http:\/\/dsrmedios.com.ar\/diario\/?p=1854"},"modified":"2017-10-24T08:36:35","modified_gmt":"2017-10-24T11:36:35","slug":"maria-eugenia-vidal-adelanto-que-continuara-tendiendo-puentes-con-la-sociedad","status":"publish","type":"post","link":"http:\/\/dsrmedios.com.ar\/diario\/archivos\/1854","title":{"rendered":"Mar\u00eda Eugenia Vidal adelant\u00f3 que continuar\u00e1 tendiendo puentes con la sociedad"},"content":{"rendered":"<p>La gobernadora Mar\u00eda Eugenia Vidal reiter\u00f3 este lunes su agradecimiento al apoyo de parte de la ciudadan\u00eda bonaerense que le permiti\u00f3 al oficialismo ganar las elecciones legislativas del \u00faltimo domingo.<\/p>\n<p>Adem\u00e1s, argument\u00f3 que el mensaje dado por quienes se inclinaron por otras opciones confirma &#8220;la necesidad de seguir tendiendo puentes&#8221; en la sociedad.<\/p>\n<p>Al responder preguntas de los periodistas, Vidal se refiri\u00f3 al acuerdo al que podr\u00eda convocar el presidente Mauricio Macri y afirm\u00f3: &#8220;No pretendemos que desde otros espacios piensen igual que nosotros, sino que lo que queremos es lograr consensos para resolver los problemas de la gente. Nadie tiene que dejar de ser quien es ni dejar distinto por eso&#8221;.<\/p>\n<p>Agreg\u00f3 que Cambiemos &#8220;siempre&#8221; ha sido un &#8220;espacio abierto y plural&#8221; en donde conviven &#8220;distintos partidos, y una muestra es que la primer candidata a diputada (por la provincia de Buenos Aires) fue Graciela Oca\u00f1a, que representa nuestros mismos valores y no porque comenz\u00f3 a creer en eso hoy, sino porque su trayectoria y lo que ha hecho respalda eso&#8221;.<\/p>\n<p>Vidal asegur\u00f3 que &#8220;la honestidad, el esfuerzo, la paz y la no violencia son los valores&#8221; que los sostienen &#8220;como Cambiemos; eso vot\u00f3 la gente y lo tenemos que respetar&#8221;; al tiempo que plante\u00f3 que es el presidente Macri es quien tiene que &#8220;plantear la agenda de cu\u00e1les son las discusiones&#8221; en relaci\u00f3n a una eventual convocatoria a los gobernadores, que se concretar\u00eda esta semana.<\/p>\n<p>Vidal formul\u00f3 declaraciones en el marco de la inauguraci\u00f3n del Puente Lacarra, que une a Lan\u00fas con Villa Soldati, donde estuvo acompa\u00f1ada por el jefe del Gobierno porte\u00f1o, Horacio Rodr\u00edguez Larreta<\/p>\n<p>Del acto participaron adem\u00e1s los senadores electos Esteban Bullrich y Gladys Gonz\u00e1lez y el intendente de Lan\u00fas, N\u00e9stor Grindetti.<\/p>\n<p>Fuente:aninoticias.com.ar<\/p>\n","protected":false},"excerpt":{"rendered":"<div class=\"mh-excerpt\"><p>La gobernadora Mar\u00eda Eugenia Vidal reiter\u00f3 este lunes su agradecimiento al apoyo de parte de la ciudadan\u00eda bonaerense que le permiti\u00f3 al oficialismo ganar las elecciones legislativas del \u00faltimo domingo. Adem\u00e1s, argument\u00f3 que el mensaje dado por quienes se inclinaron por otras opciones confirma &#8220;la necesidad de seguir tendiendo puentes&#8221; en la sociedad. Al responder preguntas de los periodistas, Vidal se refiri\u00f3 al acuerdo al que podr\u00eda convocar el presidente Mauricio Macri y afirm\u00f3: &#8220;No pretendemos que desde otros espacios piensen igual que nosotros, sino que lo que queremos es lograr consensos para resolver los problemas de la gente. Nadie <a class=\"mh-excerpt-more\" href=\"http:\/\/dsrmedios.com.ar\/diario\/archivos\/1854\" title=\"Mar\u00eda Eugenia Vidal adelant\u00f3 que continuar\u00e1 tendiendo puentes con la sociedad\">[Leer m\u00e1s]<\/a><\/p>\n<\/div>","protected":false},"author":5,"featured_media":1855,"comment_status":"open","ping_status":"closed","sticky":false,"template":"","format":"standard","meta":{"_jetpack_newsletter_access":""},"categories":[18,7],"tags":[],"jetpack_featured_media_url":"http:\/\/dsrmedios.com.ar\/diario\/wp-content\/uploads\/2017\/10\/Vidal_Lacarra.jpg","jetpack_sharing_enabled":true,"jetpack_shortlink":"https:\/\/wp.me\/p9fihK-tU","_links":{"self":[{"href":"http:\/\/dsrmedios.com.ar\/diario\/wp-json\/wp\/v2\/posts\/1854"}],"collection":[{"href":"http:\/\/dsrmedios.com.ar\/diario\/wp-json\/wp\/v2\/posts"}],"about":[{"href":"http:\/\/dsrmedios.com.ar\/diario\/wp-json\/wp\/v2\/types\/post"}],"author":[{"embeddable":true,"href":"http:\/\/dsrmedios.com.ar\/diario\/wp-json\/wp\/v2\/users\/5"}],"replies":[{"embeddable":true,"href":"http:\/\/dsrmedios.com.ar\/diario\/wp-json\/wp\/v2\/comments?post=1854"}],"version-history":[{"count":1,"href":"http:\/\/dsrmedios.com.ar\/diario\/wp-json\/wp\/v2\/posts\/1854\/revisions"}],"predecessor-version":[{"id":1856,"href":"http:\/\/dsrmedios.com.ar\/diario\/wp-json\/wp\/v2\/posts\/1854\/revisions\/1856"}],"wp:featuredmedia":[{"embeddable":true,"href":"http:\/\/dsrmedios.com.ar\/diario\/wp-json\/wp\/v2\/media\/1855"}],"wp:attachment":[{"href":"http:\/\/dsrmedios.com.ar\/diario\/wp-json\/wp\/v2\/media?parent=1854"}],"wp:term":[{"taxonomy":"category","embeddable":true,"href":"http:\/\/dsrmedios.com.ar\/diario\/wp-json\/wp\/v2\/categories?post=1854"},{"taxonomy":"post_tag","embeddable":true,"href":"http:\/\/dsrmedios.com.ar\/diario\/wp-json\/wp\/v2\/tags?post=1854"}],"curies":[{"name":"wp","href":"https:\/\/api.w.org\/{rel}","templated":true}]}}