{"id":18359,"date":"2020-03-31T22:57:05","date_gmt":"2020-04-01T01:57:05","guid":{"rendered":"http:\/\/dsrmedios.com.ar\/diario\/?p=18359"},"modified":"2020-03-31T22:57:07","modified_gmt":"2020-04-01T01:57:07","slug":"adelantan-la-carga-de-la-tarjeta-alimentar","status":"publish","type":"post","link":"http:\/\/dsrmedios.com.ar\/diario\/archivos\/18359","title":{"rendered":"Adelantan la carga de la Tarjeta Alimentar"},"content":{"rendered":"\n<p>\n\nEl ministro de Desarrollo Social, Daniel Arroyo, confirm\u00f3 hoy que se adelantar\u00e1 para ma\u00f1ana parte de la carga de la tarjeta Alimentar, con el objetivo de \u201cayudar a las familias en un contexto de parate econ\u00f3mico generado por la pandemia\u201d del coronavirus.<\/p>\n\n\n\n<p>\u201cAdelantamos la carga de la tarjeta Alimentar para ma\u00f1ana y lo vamos a hacer todos los mi\u00e9rcoles hasta que dure la situaci\u00f3n del coronavirus. El objetivo es ir acompa\u00f1ando a las familias en un contexto de parate econ\u00f3mico y que puedan comprar alimentos en los comercios de cercan\u00eda\u201d, se\u00f1al\u00f3 Arroyo en declaraciones a Radio 10.<\/p>\n\n\n\n<p>La tarjeta Alimentar, que forma parte del plan Argentina contra el Hambre, se cargaba el tercer viernes de cada mes con 4 mil o 6 mil pesos, seg\u00fan la cantidad de hijos, pero dada la situaci\u00f3n provocada por el coronavirus el Gobierno decidi\u00f3 dividir ese monto en 4 partes iguales y ahora el dinero ser\u00e1 depositado cada mi\u00e9rcoles, seg\u00fan inform\u00f3 Arroyo.<\/p>\n\n\n\n<p>El anuncio de las cargas semanales de dinero fue realizado ayer por el presidente Alberto Fern\u00e1ndez en una reuni\u00f3n en la Quinta de Olivos con representantes de #SeamosUno, una red de entidades sociales y organizaciones religiosas y empresarias que ayuda a cubrir las necesidades alimentarias de los sectores m\u00e1s vulnerables al impacto del coronavirus en el \u00c1rea Metropolitana de Buenos Aires.<\/p>\n\n\n\n<p>En tanto, Arroyo se\u00f1al\u00f3 hoy que la tarjeta \u201ctendr\u00e1 el mismo monto, pero con la diferencia de que al hacerlo semanal se van a evitar las aglomeraciones y adem\u00e1s ayudar para que no haya tanta gente en los comedores\u201d.<\/p>\n\n\n\n<p>Record\u00f3 que a aquellos beneficiarios de la tarjeta que no tengan el pl\u00e1stico porque no llegaron a recibirlo, se les acreditar\u00e1 el monto en la cuenta de la Asignaci\u00f3n Universal por Hijo.<\/p>\n\n\n\n<p>Asimismo, el ministro de Desarrollo Social se\u00f1al\u00f3 que desde esa cartera est\u00e1n \u201casistiendo a los comedores con el tema de la limpieza y los elementos necesarios para mantener los lugares aptos a las recomendaciones sanitarias\u201d.<\/p>\n\n\n\n<p>Por \u00faltimo, tambi\u00e9n adelant\u00f3 que los beneficios de la AUH \u201ccobrar\u00e1n este viernes el ingreso familiar de emergencia, el bono de 10 mil pesos\u201d. <\/p>\n\n\n\n<p>Fuente: El diario de la Pampa<\/p>\n","protected":false},"excerpt":{"rendered":"<div class=\"mh-excerpt\"><p>El ministro de Desarrollo Social, Daniel Arroyo, confirm\u00f3 hoy que se adelantar\u00e1 para ma\u00f1ana parte de la carga de la tarjeta Alimentar, con el objetivo de \u201cayudar a las familias en un contexto de parate econ\u00f3mico generado por la pandemia\u201d del coronavirus. \u201cAdelantamos la carga de la tarjeta Alimentar para ma\u00f1ana y lo vamos a hacer todos los mi\u00e9rcoles hasta que dure la situaci\u00f3n del coronavirus. El objetivo es ir acompa\u00f1ando a las familias en un contexto de parate econ\u00f3mico y que puedan comprar alimentos en los comercios de cercan\u00eda\u201d, se\u00f1al\u00f3 Arroyo en declaraciones a Radio 10. La tarjeta Alimentar, <a class=\"mh-excerpt-more\" href=\"http:\/\/dsrmedios.com.ar\/diario\/archivos\/18359\" title=\"Adelantan la carga de la Tarjeta Alimentar\">[Leer m\u00e1s]<\/a><\/p>\n<\/div>","protected":false},"author":6,"featured_media":18360,"comment_status":"open","ping_status":"closed","sticky":false,"template":"","format":"standard","meta":{"_jetpack_newsletter_access":""},"categories":[6],"tags":[],"jetpack_featured_media_url":"http:\/\/dsrmedios.com.ar\/diario\/wp-content\/uploads\/2020\/03\/arroyo.jpg","jetpack_sharing_enabled":true,"jetpack_shortlink":"https:\/\/wp.me\/p9fihK-4M7","_links":{"self":[{"href":"http:\/\/dsrmedios.com.ar\/diario\/wp-json\/wp\/v2\/posts\/18359"}],"collection":[{"href":"http:\/\/dsrmedios.com.ar\/diario\/wp-json\/wp\/v2\/posts"}],"about":[{"href":"http:\/\/dsrmedios.com.ar\/diario\/wp-json\/wp\/v2\/types\/post"}],"author":[{"embeddable":true,"href":"http:\/\/dsrmedios.com.ar\/diario\/wp-json\/wp\/v2\/users\/6"}],"replies":[{"embeddable":true,"href":"http:\/\/dsrmedios.com.ar\/diario\/wp-json\/wp\/v2\/comments?post=18359"}],"version-history":[{"count":1,"href":"http:\/\/dsrmedios.com.ar\/diario\/wp-json\/wp\/v2\/posts\/18359\/revisions"}],"predecessor-version":[{"id":18361,"href":"http:\/\/dsrmedios.com.ar\/diario\/wp-json\/wp\/v2\/posts\/18359\/revisions\/18361"}],"wp:featuredmedia":[{"embeddable":true,"href":"http:\/\/dsrmedios.com.ar\/diario\/wp-json\/wp\/v2\/media\/18360"}],"wp:attachment":[{"href":"http:\/\/dsrmedios.com.ar\/diario\/wp-json\/wp\/v2\/media?parent=18359"}],"wp:term":[{"taxonomy":"category","embeddable":true,"href":"http:\/\/dsrmedios.com.ar\/diario\/wp-json\/wp\/v2\/categories?post=18359"},{"taxonomy":"post_tag","embeddable":true,"href":"http:\/\/dsrmedios.com.ar\/diario\/wp-json\/wp\/v2\/tags?post=18359"}],"curies":[{"name":"wp","href":"https:\/\/api.w.org\/{rel}","templated":true}]}}