{"id":18303,"date":"2020-03-28T14:12:02","date_gmt":"2020-03-28T17:12:02","guid":{"rendered":"http:\/\/dsrmedios.com.ar\/diario\/?p=18303"},"modified":"2020-03-28T14:12:04","modified_gmt":"2020-03-28T17:12:04","slug":"aunque-la-violencia-de-genero-no-bajo-hay-menos-denuncias-como-pedir-ayuda-durante-la-cuarentena","status":"publish","type":"post","link":"http:\/\/dsrmedios.com.ar\/diario\/archivos\/18303","title":{"rendered":"Aunque la violencia de g\u00e9nero no baj\u00f3, hay menos denuncias: c\u00f3mo pedir ayuda durante la cuarentena"},"content":{"rendered":"\n<p>Las denuncias por violencia de g\u00e9nero bajaron dr\u00e1sticamente desde que se dispuso hace una semana el aislamiento social obligatorio por la pandemia del Coronavirus. En esa semana, la Oficina de Violencia Dom\u00e9stica (OVD) de la Corte Suprema de Justicia de la Naci\u00f3n&nbsp;recibi\u00f3 un total de 26 denuncias, cuando antes de la cuarentena el promedio era de 50 por d\u00eda.<\/p>\n\n\n\n<p><strong>\u201cPero no baj\u00f3 la violencia. Ahora hay dificultades para presentar las denuncias\u201d,&nbsp;<\/strong>le explic\u00f3 a&nbsp;<strong>Infobae Anal\u00eda Monferrer<\/strong>, directora de la OVD, que est\u00e1 a cargo de la jueza de la Corte<strong>&nbsp;Elena Highton de Nolasco.<\/strong><\/p>\n\n\n\n<p>La OVD \u2013que est\u00e1 en la calle Lavalle 1250, de la ciudad de Buenos Aires, y abierta todo el a\u00f1o las 24 horas\u2013 trabaja solo con denuncias presenciales porque es la mejor manera de hacer un an\u00e1lisis de riesgo.&nbsp;\u201cPor el aislamiento obligatorio y la disminuci\u00f3n del transporte a las mujeres se les dificulta llegar. A eso se suma que si conviv\u00eds con el agresor la situaci\u00f3n es m\u00e1s dif\u00edcil porque no ten\u00e9s forma de justificar la salida de tu casa. A la gente se le va a dificultar llegar a la oficina\u201d, analiz\u00f3 Monferrer.<\/p>\n\n\n\n<figure class=\"wp-block-image\"><a href=\"https:\/\/twitter.com\/intent\/tweet?text=Aunque%20la%20violencia%20de%20g%C3%A9nero%20no%20baj%C3%B3,%20hay%20menos%20denuncias:%20c%C3%B3mo%20pedir%20ayuda%20durante%20la%20cuarentena&amp;url=https:\/\/www.infobae.com\/sociedad\/2020\/03\/28\/aunque-la-violencia-de-genero-no-bajo-hay-menos-denuncias-como-pedir-ayuda-durante-la-cuarentena\/%23NS4RNJP33REJVOFCTAXWHWRNOA\" target=\"_blank\" rel=\"noreferrer noopener\"><img decoding=\"async\" src=\"https:\/\/www.infobae.com\/new-resizer\/6XOVZPYH1m5hVYwJa1oUrfncoXY=\/750x0\/filters:quality(100)\/arc-anglerfish-arc2-prod-infobae.s3.amazonaws.com\/public\/NS4RNJP33REJVOFCTAXWHWRNOA.jpg\" alt=\"\u201cPor el aislamiento obligatorio y la disminuci\u00f3n del transporte a las mujeres se les dificulta llegar\"\/><\/a><figcaption>\u201cPor el aislamiento obligatorio y la disminuci\u00f3n del transporte a las mujeres se les dificulta llegar&#8221; (Franco Fafasuli)<\/figcaption><\/figure>\n\n\n\n<p>Por esas complicaciones se est\u00e1n tomando medidas. Por ejemplo, el Ministerio de las Mujeres, G\u00e9neros y Diversidad habilit\u00f3 tres l\u00edneas de tel\u00e9fonos por whatsapp (<strong>11-2771-6463, 11-2775-9047 y 11-2775-9048<\/strong>) para que se puedan hacer denuncias por esa v\u00eda sin la necesidad de salir de sus casas o exponi\u00e9ndose a una llamada que pueda ser escuchada por el agresor.<\/p>\n\n\n\n<p><strong>\u201cEs importante resaltar que si una mujer tiene que hacer una denuncia puede salir a la calle porque del aislamiento est\u00e1n exceptuadas las situaciones de fuerza mayor y la violencia dom\u00e9stica es una de ellas\u201d<\/strong>, resalt\u00f3 Monferrer.<\/p>\n\n\n\n<figure class=\"wp-block-image\"><a href=\"https:\/\/twitter.com\/intent\/tweet?text=Aunque%20la%20violencia%20de%20g%C3%A9nero%20no%20baj%C3%B3,%20hay%20menos%20denuncias:%20c%C3%B3mo%20pedir%20ayuda%20durante%20la%20cuarentena&amp;url=https:\/\/www.infobae.com\/sociedad\/2020\/03\/28\/aunque-la-violencia-de-genero-no-bajo-hay-menos-denuncias-como-pedir-ayuda-durante-la-cuarentena\/%23FBEESREF35DU5ETUUCQNCUKEBE\" target=\"_blank\" rel=\"noreferrer noopener\"><img decoding=\"async\" src=\"https:\/\/www.infobae.com\/new-resizer\/FvK7kqErYuJBzBd6QSbvJDjy40w=\/750x0\/filters:quality(100)\/arc-anglerfish-arc2-prod-infobae.s3.amazonaws.com\/public\/FBEESREF35DU5ETUUCQNCUKEBE.jpg\" alt=\"Las mujeres que necesiten salir a hacer denuncias por violencia est\u00e1n exceptuadas de la prohibici\u00f3n de circular (Franco Fafasuli)\"\/><\/a><figcaption>Las mujeres que necesiten salir a hacer denuncias por violencia est\u00e1n exceptuadas de la prohibici\u00f3n de circular (Franco Fafasuli)<\/figcaption><\/figure>\n\n\n\n<p>Desde la Fiscal\u00eda General de la ciudad de Buenos Aires se intensificaron los llamados telef\u00f3nicos con las mujeres. \u201cEl contacto presencial est\u00e1 reducido a casos muy espec\u00edficos. Pero tenemos 70 referentes de contacto que llaman por tel\u00e9fono y seguimos cada caso. Dependiendo de la conflictividad lo hacemos todos los d\u00edas o todas las semanas\u201d, explic\u00f3&nbsp;<strong>Ana Barata Vallejo<\/strong>, Secretaria de Pol\u00edticas de Asistencia Integral a la Persona Afectada por el Delito (OFAVyT) de la Fiscal\u00eda General.&nbsp;<strong>\u201cHay que prestar m\u00e1s atenci\u00f3n a la palabra, a la entonaci\u00f3n, porque no es lo mismo que el cara a cara\u201d,&nbsp;<\/strong>agreg\u00f3.<\/p>\n\n\n\n<figure class=\"wp-block-image\"><a href=\"https:\/\/twitter.com\/intent\/tweet?text=Aunque%20la%20violencia%20de%20g%C3%A9nero%20no%20baj%C3%B3,%20hay%20menos%20denuncias:%20c%C3%B3mo%20pedir%20ayuda%20durante%20la%20cuarentena&amp;url=https:\/\/www.infobae.com\/sociedad\/2020\/03\/28\/aunque-la-violencia-de-genero-no-bajo-hay-menos-denuncias-como-pedir-ayuda-durante-la-cuarentena\/%234XPUC4ZU3BGYPOJGHHXNBREPLU\" target=\"_blank\" rel=\"noreferrer noopener\"><img decoding=\"async\" src=\"https:\/\/www.infobae.com\/new-resizer\/l7qwJwj97XWkMKKLMLOBwhrs8j8=\/750x0\/filters:quality(100)\/arc-anglerfish-arc2-prod-infobae.s3.amazonaws.com\/public\/4XPUC4ZU3BGYPOJGHHXNBREPLU.jpg\" alt=\"Las l\u00edneas de whatsapp habilitadas por el Ministerio de Mujeres, G\u00e9neros y Diversidad\"\/><\/a><figcaption>Las l\u00edneas de whatsapp habilitadas por el Ministerio de Mujeres, G\u00e9neros y Diversidad<\/figcaption><\/figure>\n\n\n\n<p>\u2014\u00bfQu\u00e9 est\u00e1n observando de esos llamados en el contexto del aislamiento?\u2014 le pregunt\u00f3&nbsp;<strong>Infobae&nbsp;<\/strong>a Vallejo.<\/p>\n\n\n\n<p>\u2014Hay de todo.&nbsp;<strong>Angustia, incertidumbre por si se extiende la cuarentena. Muchas veces la dificultad de poder hablar porque cuando el agresor sal\u00eda de la casa pod\u00eda hacerlo y ahora est\u00e1 limitada.<\/strong><\/p>\n\n\n\n<p>Esa situaci\u00f3n vivi\u00f3 una mujer cuando en uno de los llamados de la OFAVyT detectaron que&nbsp;<strong>hablaba de manera evasiva.&nbsp;<\/strong>Eso gener\u00f3 una alarma.&nbsp;La mujer envi\u00f3 un mensaje en el que explic\u00f3 que desde que rige el aislamiento el maltrato hab\u00eda aumentado y que no pod\u00eda contarlo por tel\u00e9fono porque \u00e9l escuchaba todo.&nbsp;La v\u00edctima, quien adem\u00e1s por su salud es grupo de riesgo ante el coronavirus, pidi\u00f3 dejar su casa e irse a otro lugar y la justicia acept\u00f3 el pedido. Hoy tiene una custodia policial hasta que se haga el traslado.<\/p>\n\n\n\n<p>La situaci\u00f3n actual por la violencia de g\u00e9nero fue analizada el mi\u00e9rcoles en una videconferencia que la ministra de Justicia de la Naci\u00f3n,&nbsp;<strong>Marcela Losardo<\/strong>, la ministra de Mujeres, G\u00e9neros y Diversidad,&nbsp;<strong>Elizabeth G\u00f3mez Alcorta<\/strong>, la directora de la Comisi\u00f3n sobre tem\u00e1ticas de g\u00e9nero del Ministerio P\u00fablico de la Defensa,&nbsp;<strong>Raquel Asensio<\/strong>, la titular de la Unidad Fiscal Especializada de violencia contra las mujeres de la Procuraci\u00f3n General de la Naci\u00f3n, y&nbsp;<strong>Mariela Labozzetta<\/strong>, y Monferrer, entre otras.<\/p>\n","protected":false},"excerpt":{"rendered":"<div class=\"mh-excerpt\"><p>Las denuncias por violencia de g\u00e9nero bajaron dr\u00e1sticamente desde que se dispuso hace una semana el aislamiento social obligatorio por la pandemia del Coronavirus. En esa semana, la Oficina de Violencia Dom\u00e9stica (OVD) de la Corte Suprema de Justicia de la Naci\u00f3n&nbsp;recibi\u00f3 un total de 26 denuncias, cuando antes de la cuarentena el promedio era de 50 por d\u00eda. \u201cPero no baj\u00f3 la violencia. Ahora hay dificultades para presentar las denuncias\u201d,&nbsp;le explic\u00f3 a&nbsp;Infobae Anal\u00eda Monferrer, directora de la OVD, que est\u00e1 a cargo de la jueza de la Corte&nbsp;Elena Highton de Nolasco. La OVD \u2013que est\u00e1 en la calle Lavalle <a class=\"mh-excerpt-more\" href=\"http:\/\/dsrmedios.com.ar\/diario\/archivos\/18303\" title=\"Aunque la violencia de g\u00e9nero no baj\u00f3, hay menos denuncias: c\u00f3mo pedir ayuda durante la cuarentena\">[Leer m\u00e1s]<\/a><\/p>\n<\/div>","protected":false},"author":6,"featured_media":16029,"comment_status":"open","ping_status":"closed","sticky":false,"template":"","format":"standard","meta":{"_jetpack_newsletter_access":""},"categories":[6],"tags":[],"jetpack_featured_media_url":"http:\/\/dsrmedios.com.ar\/diario\/wp-content\/uploads\/2019\/11\/violencia-genero.jpg","jetpack_sharing_enabled":true,"jetpack_shortlink":"https:\/\/wp.me\/p9fihK-4Ld","_links":{"self":[{"href":"http:\/\/dsrmedios.com.ar\/diario\/wp-json\/wp\/v2\/posts\/18303"}],"collection":[{"href":"http:\/\/dsrmedios.com.ar\/diario\/wp-json\/wp\/v2\/posts"}],"about":[{"href":"http:\/\/dsrmedios.com.ar\/diario\/wp-json\/wp\/v2\/types\/post"}],"author":[{"embeddable":true,"href":"http:\/\/dsrmedios.com.ar\/diario\/wp-json\/wp\/v2\/users\/6"}],"replies":[{"embeddable":true,"href":"http:\/\/dsrmedios.com.ar\/diario\/wp-json\/wp\/v2\/comments?post=18303"}],"version-history":[{"count":1,"href":"http:\/\/dsrmedios.com.ar\/diario\/wp-json\/wp\/v2\/posts\/18303\/revisions"}],"predecessor-version":[{"id":18304,"href":"http:\/\/dsrmedios.com.ar\/diario\/wp-json\/wp\/v2\/posts\/18303\/revisions\/18304"}],"wp:featuredmedia":[{"embeddable":true,"href":"http:\/\/dsrmedios.com.ar\/diario\/wp-json\/wp\/v2\/media\/16029"}],"wp:attachment":[{"href":"http:\/\/dsrmedios.com.ar\/diario\/wp-json\/wp\/v2\/media?parent=18303"}],"wp:term":[{"taxonomy":"category","embeddable":true,"href":"http:\/\/dsrmedios.com.ar\/diario\/wp-json\/wp\/v2\/categories?post=18303"},{"taxonomy":"post_tag","embeddable":true,"href":"http:\/\/dsrmedios.com.ar\/diario\/wp-json\/wp\/v2\/tags?post=18303"}],"curies":[{"name":"wp","href":"https:\/\/api.w.org\/{rel}","templated":true}]}}