{"id":18253,"date":"2020-03-27T12:41:18","date_gmt":"2020-03-27T15:41:18","guid":{"rendered":"http:\/\/dsrmedios.com.ar\/diario\/?p=18253"},"modified":"2020-03-27T12:41:19","modified_gmt":"2020-03-27T15:41:19","slug":"la-cooperativa-junta-fondos-para-la-terminacion-del-hospital","status":"publish","type":"post","link":"http:\/\/dsrmedios.com.ar\/diario\/archivos\/18253","title":{"rendered":"La cooperativa junta fondos para la terminaci\u00f3n del hospital"},"content":{"rendered":"\n<p>La Cooperativa Carhu\u00e9, estuvo reunido con el intendente municipal, funcionarios del \u00e1rea de salud, obras p\u00fablicas, varias instituciones y empresas locales, donde les manifestaron el proyecto de inversi\u00f3n a realizar con los fondos que se recauden por todos los medios disponibles. La idea es terminar a la brevedad un sector de la obra nueva de ampliaci\u00f3n, que permita alojar a los pacientes que tengan Covid-19 de Carhue y derivaciones de otros pueblos del distrito.Este sector tendr\u00e1 una capacidad de aprox. 20 camas, 6 de \u00e9stas ser\u00e1n para terapia intensiva con respirador, de los cuales ya hay 2 disponibles y 2 recientemente donados. Los otros 2 ser\u00e1n enviados por la Provincia. De esta forma, las camas disponibles hoy en el hospital se mantendr\u00edan afectadas a los problemas de salud habituales. Para finalizar esta obra estiman un monto de aprox. $ 7.300.000, y un tiempo de 30\/60 d\u00edas como m\u00e1ximo. Ya se cuenta en este sector con parte de los pisos colocados, puertas, pintura e instalaciones medicinales, y hay parte de los materiales disponibles para avanzar ya. Si quiere colaborar llame a la administraci\u00f3n de la Cooperativa. Los fondos ser\u00e1n aportados a la Asoc. Cooperadora del Hospital General San Mart\u00edn  <\/p>\n","protected":false},"excerpt":{"rendered":"<div class=\"mh-excerpt\"><p>La Cooperativa Carhu\u00e9, estuvo reunido con el intendente municipal, funcionarios del \u00e1rea de salud, obras p\u00fablicas, varias instituciones y empresas locales, donde les manifestaron el proyecto de inversi\u00f3n a realizar con los fondos que se recauden por todos los medios disponibles. La idea es terminar a la brevedad un sector de la obra nueva de ampliaci\u00f3n, que permita alojar a los pacientes que tengan Covid-19 de Carhue y derivaciones de otros pueblos del distrito.Este sector tendr\u00e1 una capacidad de aprox. 20 camas, 6 de \u00e9stas ser\u00e1n para terapia intensiva con respirador, de los cuales ya hay 2 disponibles y 2 <a class=\"mh-excerpt-more\" href=\"http:\/\/dsrmedios.com.ar\/diario\/archivos\/18253\" title=\"La cooperativa junta fondos para la terminaci\u00f3n del hospital\">[Leer m\u00e1s]<\/a><\/p>\n<\/div>","protected":false},"author":6,"featured_media":18164,"comment_status":"open","ping_status":"closed","sticky":false,"template":"","format":"standard","meta":{"_jetpack_newsletter_access":""},"categories":[31],"tags":[],"jetpack_featured_media_url":"http:\/\/dsrmedios.com.ar\/diario\/wp-content\/uploads\/2020\/03\/Andres-Ampliaci\u00f3n-Hospital-06-01-20.jpg","jetpack_sharing_enabled":true,"jetpack_shortlink":"https:\/\/wp.me\/p9fihK-4Kp","_links":{"self":[{"href":"http:\/\/dsrmedios.com.ar\/diario\/wp-json\/wp\/v2\/posts\/18253"}],"collection":[{"href":"http:\/\/dsrmedios.com.ar\/diario\/wp-json\/wp\/v2\/posts"}],"about":[{"href":"http:\/\/dsrmedios.com.ar\/diario\/wp-json\/wp\/v2\/types\/post"}],"author":[{"embeddable":true,"href":"http:\/\/dsrmedios.com.ar\/diario\/wp-json\/wp\/v2\/users\/6"}],"replies":[{"embeddable":true,"href":"http:\/\/dsrmedios.com.ar\/diario\/wp-json\/wp\/v2\/comments?post=18253"}],"version-history":[{"count":1,"href":"http:\/\/dsrmedios.com.ar\/diario\/wp-json\/wp\/v2\/posts\/18253\/revisions"}],"predecessor-version":[{"id":18254,"href":"http:\/\/dsrmedios.com.ar\/diario\/wp-json\/wp\/v2\/posts\/18253\/revisions\/18254"}],"wp:featuredmedia":[{"embeddable":true,"href":"http:\/\/dsrmedios.com.ar\/diario\/wp-json\/wp\/v2\/media\/18164"}],"wp:attachment":[{"href":"http:\/\/dsrmedios.com.ar\/diario\/wp-json\/wp\/v2\/media?parent=18253"}],"wp:term":[{"taxonomy":"category","embeddable":true,"href":"http:\/\/dsrmedios.com.ar\/diario\/wp-json\/wp\/v2\/categories?post=18253"},{"taxonomy":"post_tag","embeddable":true,"href":"http:\/\/dsrmedios.com.ar\/diario\/wp-json\/wp\/v2\/tags?post=18253"}],"curies":[{"name":"wp","href":"https:\/\/api.w.org\/{rel}","templated":true}]}}