{"id":1814,"date":"2017-10-23T09:04:57","date_gmt":"2017-10-23T12:04:57","guid":{"rendered":"http:\/\/dsrmedios.com.ar\/diario\/?p=1814"},"modified":"2017-10-23T09:04:57","modified_gmt":"2017-10-23T12:04:57","slug":"por-primera-vez-en-32-anos-una-fuerza-politica-gana-en-los-cinco-distritos-proncipales-del-pais","status":"publish","type":"post","link":"http:\/\/dsrmedios.com.ar\/diario\/archivos\/1814","title":{"rendered":"Por primera vez en 32 a\u00f1os una fuerza pol\u00edtica gana en los cinco distritos proncipales del pa\u00eds"},"content":{"rendered":"<section id=\"main\" class=\"container\">\n<div class=\"pb-container\">\n<div id=\"c0Q1tV2Vv3mQyq\" class=\"col-md-8 col-sm-12 col-xs-12 pb-layout-item pb-chain pb-c-list-chain left-align\">\n<div id=\"f0Xpkb5Vv3mQyq\" class=\"wrapper clearfix full pb-feature pb-layout-item pb-f-article-body no-align\">\n<div id=\"article-body\" class=\"article-body article-body-elements\">\n<div id=\"article-content\">\n<div class=\"row\">\n<div class=\"col-xs-12 col-print-12\">\n<p class=\"element element-paragraph\">Cambiemos logr\u00f3 hacer historia en estas elecciones legislativas con resultados que no se daban desde<strong>\u00a01985.<\/strong>\u00a0Por primera vez en\u00a0<strong>32 a\u00f1os,<\/strong>\u00a0un frente oficialista logr\u00f3 imponerse en los cinco distritos de\u00a0<strong>mayor peso electoral<\/strong>\u00a0del pa\u00eds:\u00a0<strong>provincia de Buenos Aires<\/strong>,\u00a0<strong>C\u00f3rdoba<\/strong>,\u00a0<strong>Santa Fe<\/strong>,\u00a0<strong>Ciudad de Buenos Aires<\/strong>\u00a0y\u00a0<strong>Mendoza<\/strong>.\u00a0No pasaba desde las elecciones de medio t\u00e9rmino del gobierno radical de\u00a0<strong>Ra\u00fal Alfons\u00edn<\/strong>.<\/p>\n<\/div>\n<\/div>\n<div class=\"row\">\n<div class=\"col-xs-12 col-print-12\">\n<p class=\"element element-paragraph\">Las \u00faltimas\u00a0<strong>PASO<\/strong>\u00a0del 13 de agosto dejaron a los cinco grandes distritos, el 66% de la poblaci\u00f3n del pa\u00eds, divididos en dos frentes:\u00a0<strong>Cambiemos<\/strong>\u00a0se\u00a0hab\u00eda impuesto en\u00a0<strong>Mendoza<\/strong>,\u00a0<strong>C\u00f3rdoba<\/strong>\u00a0y la\u00a0<strong>Ciudad de Buenos Aires;<\/strong>\u00a0mientras que\u00a0<strong>Unidad Ciudadana<\/strong>\u00a0se\u00a0hab\u00eda quedado con\u00a0<strong>Buenos Aires<\/strong>\u00a0y\u00a0<strong>Santa Fe<\/strong>.<\/p>\n<\/div>\n<\/div>\n<div class=\"row\">\n<div class=\"col-xs-12 col-print-12\">\n<p class=\"element element-paragraph\">Pero en estas legislativas, el frente oficialista logr\u00f3 dar vuelta la tendencia en los dos distritos que hab\u00edan sido del kirchnerismo en agosto, igualando un r\u00e9cord que s\u00f3lo hab\u00eda sido obtenido por la\u00a0<strong>UCR\u00a0<\/strong>en 1985 tras la vuelta\u00a0de la democracia.<\/p>\n<\/div>\n<\/div>\n<div class=\"row\">\n<figure class=\"element element-image col-xs-12\">\n<div class=\"single-image\">\n<div class=\"shares\"><\/div>\n<p><img decoding=\"async\" loading=\"lazy\" id=\"BSRGTZUPKZDZDFPHTAPZOFDGAA\" class=\"image-lazy\" src=\"https:\/\/www.infobae.com\/new-resizer\/cYOAvjCTAC1iLgl4WgqIYzM8k4A=\/600x0\/filters:quality(100)\/s3.amazonaws.com\/arc-wordpress-client-uploads\/infobae-wp\/wp-content\/uploads\/2017\/10\/22221011\/Bunker-Cambiemos-Carrio-Larreta-3.jpg\" alt=\"Carri\u00f3 gan\u00f3 con el 50% de los votos en la Ciudad de Buenos Aires (Nicolas Stulberg)\" width=\"750\" height=\"421.09374999999994\" data-url=\"http:\/\/www.infobae.com\/politica\/2017\/10\/23\/por-primera-vez-en-32-anos-una-fuerza-politica-gano-en-los-cinco-distritos-mas-grandes-del-pais\/%23BSRGTZUPKZDZDFPHTAPZOFDGAA\" data-original=\"https:\/\/www.infobae.com\/new-resizer\/cYOAvjCTAC1iLgl4WgqIYzM8k4A=\/600x0\/filters:quality(100)\/s3.amazonaws.com\/arc-wordpress-client-uploads\/infobae-wp\/wp-content\/uploads\/2017\/10\/22221011\/Bunker-Cambiemos-Carrio-Larreta-3.jpg\" \/><\/div><figcaption class=\"\"><span class=\"credit\">Carri\u00f3 gan\u00f3 con el 50% de los votos en la Ciudad de Buenos Aires (Nicolas Stulberg)<\/span><\/figcaption><\/figure>\n<\/div>\n<div class=\"row\">\n<div id=\"\" class=\"wrapper clearfix pb-feature pb-layout-item pb-f-ads-dfp left-align\">\n<div id=\"inline\" class=\"pb-ad-container pb-ad pb-ad-prod ad-1X1\" data-slot-name=\"inline\" data-mobile-display=\"true\" data-desktop-display=\"true\">\n<div id=\"google_ads_iframe_\/1058609\/infobae\/politica\/nota\/inline_0__container__\"><iframe id=\"google_ads_iframe_\/1058609\/infobae\/politica\/nota\/inline_0\" title=\"3rd party ad content\" name=\"google_ads_iframe_\/1058609\/infobae\/politica\/nota\/inline_0\" width=\"1\" height=\"1\" frameborder=\"0\" marginwidth=\"0\" marginheight=\"0\" scrolling=\"no\" data-mce-fragment=\"1\"><\/iframe><\/div>\n<\/div>\n<div class=\"border-bottom-\"><\/div>\n<\/div>\n<div class=\"col-xs-12 col-print-12\">\n<p class=\"element element-paragraph\">En la Provincia, seg\u00fan el escrutinio provisorio,\u00a0<strong>Esteban Bullrich<\/strong>\u00a0le gan\u00f3 a\u00a0<strong>Cristina Kirchner<\/strong>\u00a0por 4.13%; mientras que\u00a0<strong>Elisa Carri\u00f3<\/strong>\u00a0ampli\u00f3 la cantidad de votos que hab\u00eda logrado en las primarias (50.13%)\u00a0y lleg\u00f3 al 50.93%, m\u00e1s del doble de los votos que cosech\u00f3 su inmediato perseguidor, Daniel Filmus (21.74%).<\/p>\n<\/div>\n<\/div>\n<div class=\"row\">\n<div class=\"col-xs-12 col-print-12\">\n<p class=\"element element-paragraph\">En\u00a0<strong>C\u00f3rdoba,<\/strong>\u00a0los datos del escrutinio tambi\u00e9n dieron como ganador a\u00a0<strong>Cambiemos<\/strong>\u00a0con el 48.47%, seguido de\u00a0<strong>Uni\u00f3n por C\u00f3rdoba<\/strong>\u00a0con el 30,52% y<strong>\u00a0C\u00f3rdoba Ciudadana<\/strong>\u00a0con el 9.72%. De esta forma, el frente del oficialismo nacional ampliaba los n\u00fameros que hab\u00eda obtenido en las Primarias (44.39%).<\/p>\n<\/div>\n<\/div>\n<div class=\"row\">\n<figure class=\"element element-image col-xs-12\">\n<div class=\"single-image\">\n<div class=\"shares\"><\/div>\n<p><img decoding=\"async\" loading=\"lazy\" id=\"Z2A347PSUVDTLCJETTR63PPLZE\" class=\"image-lazy\" src=\"https:\/\/www.infobae.com\/new-resizer\/Slw3Wl0O0UBJ_uRAItfo3roKT2E=\/600x0\/filters:quality(100)\/s3.amazonaws.com\/arc-wordpress-client-uploads\/infobae-wp\/wp-content\/uploads\/2017\/10\/22235948\/22-10-2017_cordoba_el_candidato_a_diputado-1.jpg\" alt=\"C\u00f3rdoba: El candidato a Diputado Nacional por Cambiemos H\u00e9ctor Baldassi festeja los resultados preliminares de las elecciones legislativas 2017\" width=\"750\" height=\"421.484375\" data-url=\"http:\/\/www.infobae.com\/politica\/2017\/10\/23\/por-primera-vez-en-32-anos-una-fuerza-politica-gano-en-los-cinco-distritos-mas-grandes-del-pais\/%23Z2A347PSUVDTLCJETTR63PPLZE\" data-original=\"https:\/\/www.infobae.com\/new-resizer\/Slw3Wl0O0UBJ_uRAItfo3roKT2E=\/600x0\/filters:quality(100)\/s3.amazonaws.com\/arc-wordpress-client-uploads\/infobae-wp\/wp-content\/uploads\/2017\/10\/22235948\/22-10-2017_cordoba_el_candidato_a_diputado-1.jpg\" \/><\/div><figcaption class=\"\"><span class=\"credit\">C\u00f3rdoba: El candidato a Diputado Nacional por Cambiemos H\u00e9ctor Baldassi festeja los resultados preliminares de las elecciones legislativas 2017<\/span><\/figcaption><\/figure>\n<\/div>\n<div class=\"row\">\n<div class=\"col-xs-12 col-print-12\">\n<p class=\"element element-paragraph\">Mientras tanto, en\u00a0<strong>Mendoza,<\/strong>\u00a0la lista que encabez\u00f3\u00a0<strong>Claudia Najul\u00a0<\/strong>por<strong>\u00a0<\/strong><strong>Cambia Mendoza<\/strong>, le sac\u00f3 alrededor de 20 puntos de diferencia a la del representante del peronismo,\u00a0<strong>Omar F\u00e9lix<\/strong>, repitiendo la buena performance de hace dos meses. Cambiemos alcanz\u00f3 el 45.67% de los votos, contra el 25.39% de Somos Mendoza.<\/p>\n<\/div>\n<\/div>\n<div class=\"row\">\n<div class=\"col-xs-12 col-print-12\">\n<p class=\"element element-paragraph\">La haza\u00f1a termin\u00f3 de completarse cuando en\u00a0<strong>Santa Fe<\/strong>,\u00a0<strong>Albord Cantard<\/strong>, que en las PASO hab\u00eda ca\u00eddo por menos de un punto tras una remontada de \u00faltimo momento de\u00a0<strong>Agust\u00edn Rossi<\/strong>, esta vez logr\u00f3 aumentar sus n\u00fameros y le dio a\u00a0<strong>Cambiemos<\/strong>\u00a0otra victoria. Cantard atrajo el 37.78% de los sufragios y termin\u00f3 m\u00e1s de 12 puntos por encima del ex ministro kirchnerista (25.84%).<\/p>\n<\/div>\n<\/div>\n<div class=\"row\">\n<div class=\"col-xs-12 col-print-12\">\n<p class=\"element element-paragraph\">Desde el retorno de la democracia, s\u00f3lo dos veces un oficialismo\u00a0hab\u00eda logrado\u00a0superar los\u00a0<strong>40 puntos a nivel nacional\u00a0<\/strong>en una elecci\u00f3n de medio t\u00e9rmino: la\u00a0<strong>UCR<\/strong>\u00a0en 1985 y el\u00a0<strong>PJ<\/strong>\u00a0en 1993. En ambos casos obtuvieron algo m\u00e1s del\u00a0<strong>43%, similar al 42% logrado por\u00a0Cambiemos en estas legislativas<\/strong>.<\/p>\n<\/div>\n<\/div>\n<div class=\"row\">\n<div class=\"col-xs-12 col-print-12\">\n<p class=\"element element-paragraph\"><strong>Los cinco grandes y las elecciones de medio t\u00e9rmino desde 1985 a 2017<\/strong><\/p>\n<\/div>\n<\/div>\n<div class=\"row\">\n<figure class=\"element element-image col-xs-12\">\n<div class=\"single-image\">\n<div class=\"shares\"><\/div>\n<p><img decoding=\"async\" loading=\"lazy\" id=\"B4RH37AEBRC3LBJYIVTOPSYIAE\" class=\"image-lazy lazy-placeholder\" src=\"data:image\/png;base64,iVBORw0KGgoAAAANSUhEUgAAAAEAAAABCAYAAAAfFcSJAAAAAXNSR0IArs4c6QAAAARnQU1BAACxjwv8YQUAAAAJcEhZcwAADsQAAA7EAZUrDhsAAAANSURBVBhXYzh8+PB\/AAffA0nNPuCLAAAAAElFTkSuQmCC\" alt=\"La boleta de la UCR en 1985 para la Capital Federal\" width=\"750\" height=\"421.875\" data-url=\"http:\/\/www.infobae.com\/politica\/2017\/10\/23\/por-primera-vez-en-32-anos-una-fuerza-politica-gano-en-los-cinco-distritos-mas-grandes-del-pais\/%23B4RH37AEBRC3LBJYIVTOPSYIAE\" data-original=\"https:\/\/www.infobae.com\/new-resizer\/gvJp3SEYETgcg9LSYra91IV_nV8=\/600x0\/filters:quality(100)\/s3.amazonaws.com\/arc-wordpress-client-uploads\/infobae-wp\/wp-content\/uploads\/2017\/10\/22221709\/Elecciones-legislativas-de-termino-medio-1985.jpg\" \/><\/div><figcaption class=\"\"><span class=\"credit\">La boleta de la UCR en 1985 para la Capital Federal<\/span><\/figcaption><\/figure>\n<\/div>\n<div class=\"row\">\n<div class=\"col-xs-12 col-print-12\">\n<p class=\"element element-paragraph\"><strong>1985:<\/strong>\u00a0Buenos Aires (<strong>UCR<\/strong>), C\u00f3rdoba (<strong>UCR<\/strong>), Santa Fe (<strong>UCR<\/strong>), Ciudad de Buenos Aires (<strong>UCR<\/strong>) y Mendoza (<strong>UCR<\/strong>).<\/p>\n<\/div>\n<\/div>\n<div class=\"row\">\n<div class=\"col-xs-12 col-print-12\">\n<p class=\"element element-paragraph\"><strong>1987:<\/strong>\u00a0Buenos Aires (<strong>PJ<\/strong>), C\u00f3rdoba (<strong>UCR<\/strong>), Santa Fe (<strong>PJ<\/strong>), Ciudad de Buenos Aires (<strong>UCR<\/strong>) y Mendoza (<strong>PJ<\/strong>).<\/p>\n<\/div>\n<\/div>\n<div class=\"row\">\n<div class=\"col-xs-12 col-print-12\">\n<p class=\"element element-paragraph\"><strong>1991:<\/strong>\u00a0\u00a0Buenos Aires (<strong>PJ<\/strong>), C\u00f3rdoba (<strong>UCR<\/strong>), Santa Fe (<strong>PJ<\/strong>), Ciudad de Buenos Aires (<strong>UCR<\/strong>) y Mendoza (<strong>PJ<\/strong>).<\/p>\n<\/div>\n<\/div>\n<div class=\"row\">\n<div class=\"col-xs-12 col-print-12\">\n<p class=\"element element-paragraph\"><strong>1993:<\/strong>\u00a0Buenos Aires (<strong>PJ<\/strong>), C\u00f3rdoba (<strong>UCR<\/strong>), Santa Fe (<strong>PJ<\/strong>), Ciudad de Buenos Aires (<strong>PJ<\/strong>) y Mendoza (<strong>PJ<\/strong>).<\/p>\n<\/div>\n<\/div>\n<div class=\"row\">\n<div class=\"col-xs-12 col-print-12\">\n<p class=\"element element-paragraph\"><strong>1997:<\/strong>\u00a0Buenos Aires (<strong>Alianza<\/strong>), C\u00f3rdoba (<strong>UCR<\/strong>), Santa Fe (<strong>Alianza<\/strong>), Ciudad de Buenos Aires (<strong>Alianza<\/strong>) y Mendoza (<strong>Dem\u00f3cratas<\/strong>).<\/p>\n<\/div>\n<\/div>\n<div class=\"row\">\n<div class=\"col-xs-12 col-print-12\">\n<p class=\"element element-paragraph\"><strong>2001:\u00a0<\/strong>\u00a0Buenos Aires (<strong>PJ<\/strong>), C\u00f3rdoba (<strong>PJ<\/strong>), Santa Fe (<strong>PJ<\/strong>), Ciudad de Buenos Aires (<strong>Alianza<\/strong>) y Mendoza (<strong>PJ<\/strong>).<\/p>\n<\/div>\n<\/div>\n<div class=\"row\">\n<div class=\"col-xs-12 col-print-12\">\n<p class=\"element element-paragraph\"><strong>2005:<\/strong>\u00a0Buenos Aires (<strong>FPV<\/strong>), C\u00f3rdoba (<strong>PJ<\/strong>), Santa Fe (<strong>Frente<\/strong>\u00a0<strong>Progresista<\/strong>), Ciudad de Buenos Aires (<strong>PRO<\/strong>) y Mendoza (<strong>UCR<\/strong>).<\/p>\n<\/div>\n<\/div>\n<div class=\"row\">\n<div class=\"col-xs-12 col-print-12\">\n<p class=\"element element-paragraph\"><strong>2009:<\/strong>\u00a0Buenos Aires (<strong>Uni\u00f3n<\/strong>\u00a0<strong>PRO<\/strong>), C\u00f3rdoba (<strong>UCR<\/strong>), Santa Fe (<strong>Una alianza local<\/strong>), Ciudad de Buenos Aires (<strong>Uni\u00f3n<\/strong>\u00a0<strong>PRO<\/strong>) y Mendoza (<strong>Frente C\u00edvico<\/strong>).<\/p>\n<\/div>\n<\/div>\n<div class=\"row\">\n<div class=\"col-xs-12 col-print-12\">\n<p class=\"element element-paragraph\"><strong>2013:<\/strong>\u00a0Buenos Aires (<strong>Frente<\/strong>\u00a0<strong>Renovador<\/strong>), C\u00f3rdoba\u00a0<strong>(PJ),<\/strong>\u00a0Santa Fe (<strong>Frente<\/strong>\u00a0<strong>Progresista<\/strong>), Ciudad de Buenos Aires\u00a0<strong>(Cambiemos)<\/strong>\u00a0y Mendoza\u00a0<strong>(UCR).<\/strong><\/p>\n<\/div>\n<\/div>\n<div class=\"row\">\n<div class=\"col-xs-12 col-print-12\">\n<p class=\"element element-paragraph\"><strong>2017:<\/strong>\u00a0Buenos Aires\u00a0<strong>(Cambiemos),<\/strong>\u00a0C\u00f3rdoba\u00a0<strong>(Cambiemos),<\/strong>\u00a0Santa Fe\u00a0<strong>(Cambiemos),<\/strong>\u00a0Ciudad de Buenos Aires\u00a0<strong>(Cambiemos)<\/strong>\u00a0y Mendoza\u00a0<strong>(Cambiemos).<\/strong><\/p>\n<\/div>\n<\/div>\n<div class=\"row\">\n<div class=\"col-xs-12 col-print-12\">\n<p class=\"element element-paragraph\"><strong>Tres datos \u00fatiles para entender la elecci\u00f3n de medio t\u00e9rmino<\/strong><\/p>\n<\/div>\n<\/div>\n<div class=\"row\">\n<figure class=\"element element-image col-xs-12\">\n<div class=\"single-image\">\n<div class=\"shares\"><\/div>\n<p><img decoding=\"async\" loading=\"lazy\" id=\"OT2VY5D7CRAPHPFHRUIJM37XXU\" class=\"image-lazy lazy-placeholder\" src=\"data:image\/png;base64,iVBORw0KGgoAAAANSUhEUgAAAAEAAAABCAYAAAAfFcSJAAAAAXNSR0IArs4c6QAAAARnQU1BAACxjwv8YQUAAAAJcEhZcwAADsQAAA7EAZUrDhsAAAANSURBVBhXYzh8+PB\/AAffA0nNPuCLAAAAAElFTkSuQmCC\" alt=\"\" width=\"750\" height=\"421.875\" data-url=\"http:\/\/www.infobae.com\/politica\/2017\/10\/23\/por-primera-vez-en-32-anos-una-fuerza-politica-gano-en-los-cinco-distritos-mas-grandes-del-pais\/%23OT2VY5D7CRAPHPFHRUIJM37XXU\" data-original=\"https:\/\/www.infobae.com\/new-resizer\/GHuXg2I7UjaihLm-nZmOKSG6Ctc=\/600x0\/filters:quality(100)\/s3.amazonaws.com\/arc-wordpress-client-uploads\/infobae-wp\/wp-content\/uploads\/2017\/10\/22180248\/elecciones-01.jpg\" \/><\/div><figcaption class=\"\"><\/figcaption><\/figure>\n<\/div>\n<div class=\"row\">\n<div class=\"col-xs-12 col-print-12\">\n<p class=\"element element-paragraph\">\u2013 Las elecciones legislativas para renovar los representantes en el Congreso se celebran\u00a0<strong>cada dos a\u00f1os<\/strong>.<\/p>\n<\/div>\n<\/div>\n<div class=\"row\">\n<div class=\"col-xs-12 col-print-12\">\n<p class=\"element element-paragraph\">\u2013 Antes de la Reforma de la Constituci\u00f3n, en\u00a0<strong>1994<\/strong>, los mandatos presidenciales duraban\u00a0<strong>seis a\u00f1os<\/strong>, es por eso que hasta antes de\u00a0<strong>1995<\/strong>\u00a0(la elecci\u00f3n presidencial posterior a la reforma) hab\u00eda dos comicios de medio t\u00e9rmino entre las elecciones a los cargos ejecutivos nacionales.\u00a0<strong>Luego de 1994 los mandatos presidenciales se acortaron a cuatro a\u00f1os y qued\u00f3 s\u00f3lo una elecci\u00f3n legislativa en medio de las presidenciales<\/strong>.<\/p>\n<\/div>\n<\/div>\n<div class=\"row\">\n<div class=\"col-xs-12 col-print-12\">\n<p class=\"element element-paragraph\">\u2013 Con la Reforma de la Constituci\u00f3n, desde\u00a0<strong>2001<\/strong>\u00a0en todas las provincias argentinas se vota para elegir a<strong>\u00a03 senadores nacionales<\/strong>\u00a0(dos por la mayor\u00eda y uno por la primera minor\u00eda) y\u00a0<strong>sus mandatos son por seis a\u00f1os<\/strong>. Antes los representantes a la C\u00e1mara alta nacional eran designados por las legislaturas provinciales. En el caso de la provincia de Buenos Aires se eligieron senadores nacionales en 2001, 2005 y 2011, este \u00faltimo a\u00f1o coincidi\u00f3 con los comicios presidenciales.<\/p>\n<\/div>\n<\/div>\n<div class=\"row\">\n<div class=\"col-xs-12 col-print-12\">\n<p class=\"element element-paragraph\"><strong>LEA M\u00c1S<\/strong><\/p>\n<\/div>\n<\/div>\n<div class=\"row\">\n<div class=\"col-xs-12 col-print-12\">\n<p class=\"element element-paragraph\"><em><strong><a href=\"https:\/\/www.infobae.com\/politica\/2017\/10\/22\/contundente-triunfo-del-oficialismo-a-nivel-nacional-se-impone-en-15-distritos\/\">Contundente triunfo del oficialismo a nivel nacional: se impone en 15 distritos<\/a><\/strong><\/em><\/p>\n<\/div>\n<\/div>\n<\/div>\n<\/div>\n<\/div>\n<div id=\"fqFqAa2Vv3mQyq\" class=\"wrapper clearfix full pb-feature pb-layout-item pb-f-homepage-story no-align\">\n<div class=\"border-bottom-hairline\">\n<div class=\"no-skin flex-item flex-stack text-align-center equalize-height-target\">\n<div class=\"headline large normal-style \"><a href=\"https:\/\/www.infobae.com\/resultados-elecciones-2017-provincia-buenos-aires\/\" data-pb-field=\"headlines.basic\" data-pb-url-field=\"canonical_url\" data-pb-placeholder=\"Write headline here\">\u00a0Ir a resultados elecciones provincia de Buenos Aires\u00a0<span class=\"fa fa-arrow-circle-right\">\u00a0<\/span><\/a><\/div>\n<\/div>\n<\/div>\n<\/div>\n<div id=\"fPrbbV1Vv3mQyq\" class=\"wrapper clearfix full pb-feature pb-layout-item pb-f-homepage-story no-align\">\n<div class=\"border-bottom-hairline\">\n<div class=\"no-skin flex-item flex-stack text-align-center equalize-height-target\">\n<div class=\"headline large normal-style \"><a href=\"https:\/\/www.infobae.com\/resultados-elecciones-2017-capital-federal\/\" data-pb-field=\"headlines.basic\" data-pb-url-field=\"canonical_url\" data-pb-placeholder=\"Write headline here\">\u00a0\u00a0Ir a resultados elecciones Capital Federal \u00a0<span class=\"fa fa-arrow-circle-right\">\u00a0<\/span><\/a><\/div>\n<\/div>\n<\/div>\n<\/div>\n<div id=\"fJoIWa1Vv3mQyq\" class=\"wrapper clearfix full pb-feature pb-layout-item pb-f-homepage-story no-align\">\n<div class=\"border-bottom-hairline\">\n<div class=\"no-skin flex-item flex-stack text-align-center equalize-height-target\">\n<div class=\"headline large normal-style \"><a href=\"https:\/\/www.infobae.com\/resultados-total-pais-elecciones-2017\/\" data-pb-field=\"headlines.basic\" data-pb-url-field=\"canonical_url\" data-pb-placeholder=\"Write headline here\">\u00a0\u00a0Ir a resultados elecciones total pa\u00eds\u00a0<span class=\"fa fa-arrow-circle-right\">\u00a0<\/span><\/a><\/div>\n<\/div>\n<\/div>\n<\/div>\n<div id=\"feXjLa2Vv3mQyq\" class=\"wrapper clearfix full pb-feature pb-layout-item pb-f-homepage-story no-align\">\n<div class=\"border-bottom-off\">\n<div class=\"no-skin flex-item flex-stack text-align-center equalize-height-target\">\n<div class=\"headline small normal-style \"><a href=\"https:\/\/app.infobae.com\/\" target=\"_blank\" rel=\"noopener\">\u26a1 \u00bfProbaste\u00a0<img decoding=\"async\" src=\"http:\/\/www.infobae.com\/resizer\/?op=resize&amp;url=https:\/\/s3.amazonaws.com\/wapopartners.com\/infobae-wp\/wp-content\/uploads\/2016\/03\/29190548\/infobae.png&amp;mode=crop&amp;h=24&amp;q=75&amp;token=bar\" \/>\u00a0en Alta Velocidad en tu smartphone?<\/a><\/div>\n<div class=\"blurb normal-style\" data-pb-field=\"description.basic\" data-pb-field-type=\"text\" data-pb-placeholder=\"Write blurb here.\">Permite ver las noticias en menos de un segundo.<\/div>\n<\/div>\n<\/div>\n<\/div>\n<div id=\"fzArgJ1Vv3mQyq\" class=\"wrapper clearfix full pb-feature pb-layout-item pb-f-article-big-button-share no-align\">\n<div class=\"social-tools-wrapper-bottom full\">\n<ul class=\"social-tools-bottom inline\">\n<li class=\"left facebook\" data-sharetype=\"facebook\"><a tabindex=\"_tbidx_\" href=\"https:\/\/www.infobae.com\/politica\/2017\/10\/23\/por-primera-vez-en-32-anos-una-fuerza-politica-gano-en-los-cinco-distritos-mas-grandes-del-pais\/#\"><span class=\"fa fa-facebook-square\">\u00a0<\/span><span class=\"longname\">Compartir en Facebook<\/span><\/a><\/li>\n<li class=\"right twitter\" data-sharetype=\"twitter\"><a tabindex=\"_tbidx_\" href=\"https:\/\/www.infobae.com\/politica\/2017\/10\/23\/por-primera-vez-en-32-anos-una-fuerza-politica-gano-en-los-cinco-distritos-mas-grandes-del-pais\/#\"><span class=\"fa fa-twitter\">\u00a0<\/span>\u00a0<span class=\"longname\">Compartir en Twitter<\/span><\/a><\/li>\n<\/ul>\n<div class=\"clear\"><\/div>\n<\/div>\n<\/div>\n<div id=\"f0ImwnvVv3mQyq\" class=\"wrapper clearfix full pb-feature pb-layout-item pb-f-ads-dfp no-align\">\n<div id=\"middle-1-300x250\" class=\"pb-ad-container pb-ad pb-ad-prod ad-300X250\" data-slot-name=\"middle-1-300x250\" data-mobile-display=\"true\" data-desktop-display=\"true\">\n<div id=\"google_ads_iframe_\/1058609\/infobae\/politica\/nota\/middle_1_300x250_0__container__\"><iframe loading=\"lazy\" id=\"google_ads_iframe_\/1058609\/infobae\/politica\/nota\/middle_1_300x250_0\" title=\"3rd party ad content\" src=\"https:\/\/tpc.googlesyndication.com\/safeframe\/1-0-13\/html\/container.html\" name=\"\" width=\"300\" height=\"250\" frameborder=\"0\" marginwidth=\"0\" marginheight=\"0\" scrolling=\"no\" data-is-safeframe=\"true\" data-mce-fragment=\"1\"><\/iframe><\/div>\n<\/div>\n<div class=\"border-bottom-none\"><\/div>\n<\/div>\n<div id=\"frH8sM1Vv3mQyq\" class=\"wrapper clearfix full pb-feature pb-layout-item pb-f-global-single-line no-align\"><\/div>\n<div id=\"fY2jZ62Vv3mQyq\" class=\"wrapper clearfix full pb-feature pb-layout-item pb-f-homepage-story no-align\">\n<div class=\"border-bottom-off\">\n<div class=\"no-skin flex-item flex-stack text-align-left equalize-height-target\">\n<div class=\"label-wrapper text-align-inherit\">\n<div class=\"pb-font-smoothing label label-bar label-with-background class_7950259\" data-pb-field=\"custom.label\" data-pb-placeholder=\"Label\">\u00daLTIMAS NOTICIAS<\/div>\n<\/div>\n<\/div>\n<\/div>\n<\/div>\n<div id=\"f9eVIc1Vv3mQyq\" class=\"wrapper clearfix full pb-feature pb-layout-item pb-f-global-generic-results-list no-align\">\n<div class=\"result-listing\">\n<div class=\"label-text\"><\/div>\n<div class=\"generic-results-list-main-wrapper\" data-load-more=\"5162039\">\n<div class=\"generic-results-list-item pwa_card\" data-load-more=\"5162039\">\n<article class=\"result-item result-teaser result-teaser-normal first-item row\">\n<header>\n<div class=\"row\">\n<div class=\"col-sm-8\">\n<figure>\n<h4 class=\"\">Una ex futbolista sueca revel\u00f3 haber sido v\u00edctima de acoso sexual por parte de jugadores &#8220;muy conocidos&#8221;<\/h4>\n<p><span class=\"excerpt\">Gunilla Axen desat\u00f3 la pol\u00e9mica despu\u00e9s de relatar el calvario que vivi\u00f3 hace algunos a\u00f1os a un portal de su pa\u00eds<\/span><\/figure>\n<\/div>\n<div class=\"col-sm-4\">\n<div class=\"lazy-wrapper hover-media-overlay\"><img decoding=\"async\" class=\"image-lazy lazy-placeholder\" src=\"data:image\/png;base64,iVBORw0KGgoAAAANSUhEUgAAAAEAAAABCAYAAAAfFcSJAAAAAXNSR0IArs4c6QAAAARnQU1BAACxjwv8YQUAAAAJcEhZcwAADsQAAA7EAZUrDhsAAAANSURBVBhXYzh8+PB\/AAffA0nNPuCLAAAAAElFTkSuQmCC\" alt=\"\" data-original=\"https:\/\/www.infobae.com\/new-resizer\/gwCoNeEZFg_C9C0kOVH10BCJ3Ds=\/600x400\/filters:quality(100)\/s3.amazonaws.com\/arc-wordpress-client-uploads\/infobae-wp\/wp-content\/uploads\/2017\/10\/23080025\/GUNILLA-AXEN-SUECIA-1920-1.jpg\" \/><\/div>\n<\/div>\n<\/div>\n<\/header>\n<\/article>\n<\/div>\n<div class=\"generic-results-list-item pwa_card\" data-load-more=\"5162039\">\n<article class=\"result-item result-teaser result-teaser-normal row\">\n<header>\n<div class=\"row\">\n<div class=\"col-sm-8\">\n<figure>\n<h4 class=\"\">No fue magia: la polarizaci\u00f3n y el aporte de Cristina, los principales aliados del triunfo de Cambiemos<\/h4>\n<p><span class=\"excerpt\">La noche del domingo m\u00e1s esperado fue corta pero contundente: ahora Mauricio Macri tendr\u00e1 la responsabilidad de lograr el Cambio con toda la ciudadan\u00eda dentro<\/span><\/figure>\n<\/div>\n<div class=\"col-sm-4\">\n<div class=\"lazy-wrapper hover-media-overlay\"><img decoding=\"async\" class=\"image-lazy lazy-placeholder\" src=\"data:image\/png;base64,iVBORw0KGgoAAAANSUhEUgAAAAEAAAABCAYAAAAfFcSJAAAAAXNSR0IArs4c6QAAAARnQU1BAACxjwv8YQUAAAAJcEhZcwAADsQAAA7EAZUrDhsAAAANSURBVBhXYzh8+PB\/AAffA0nNPuCLAAAAAElFTkSuQmCC\" alt=\"\" data-original=\"https:\/\/www.infobae.com\/new-resizer\/LZ7EGm8VmMsPPs3UWYJpyXidfxE=\/600x400\/filters:quality(100)\/s3.amazonaws.com\/arc-wordpress-client-uploads\/infobae-wp\/wp-content\/uploads\/2017\/10\/23002324\/Elecciones-legistalivas-2017-Bunker-macri-1920-11.jpg\" \/><\/div>\n<\/div>\n<\/div>\n<\/header>\n<\/article>\n<\/div>\n<div class=\"generic-results-list-item pwa_card\" data-load-more=\"5162039\">\n<article class=\"result-item result-teaser result-teaser-normal row\">\n<header>\n<div class=\"row\">\n<div class=\"col-sm-8\">\n<figure>\n<h4 class=\"\">Entre aut\u00f3grafos y fotos: as\u00ed fue el domingo electoral de Jorge Sampaoli en Casilda<\/h4>\n<p><span class=\"excerpt\">El entrenador de la Selecci\u00f3n vot\u00f3 en la mesa 0228 de la Escuela Primaria N\u00ba 490 General San Mart\u00edn de su pueblo natal<\/span><\/figure>\n<\/div>\n<div class=\"col-sm-4\">\n<div class=\"lazy-wrapper hover-media-overlay\"><img decoding=\"async\" class=\"image-lazy lazy-placeholder\" src=\"data:image\/png;base64,iVBORw0KGgoAAAANSUhEUgAAAAEAAAABCAYAAAAfFcSJAAAAAXNSR0IArs4c6QAAAARnQU1BAACxjwv8YQUAAAAJcEhZcwAADsQAAA7EAZUrDhsAAAANSURBVBhXYzh8+PB\/AAffA0nNPuCLAAAAAElFTkSuQmCC\" alt=\"\" data-original=\"https:\/\/www.infobae.com\/new-resizer\/Ou5fL5ofSWQu1VS4XsHfbXlh_oE=\/600x400\/filters:quality(100)\/s3.amazonaws.com\/arc-wordpress-client-uploads\/infobae-wp\/wp-content\/uploads\/2017\/10\/23075309\/Legislativas-2017-Jorge-Sampaoli-vota-1920.jpg\" \/><\/div>\n<\/div>\n<\/div>\n<\/header>\n<\/article>\n<\/div>\n<div class=\"generic-results-list-item pwa_card\" data-load-more=\"5162039\">\n<article class=\"result-item result-teaser result-teaser-normal row\">\n<header>\n<div class=\"row\">\n<div class=\"col-sm-8\">\n<figure>\n<h4 class=\"\">Esteban Bullrich, el d\u00eda despu\u00e9s de derrotar a Cristina Kirchner: &#8220;La llam\u00e9 y no me atendi\u00f3&#8221;<\/h4>\n<p><span class=\"excerpt\">El senador electo por la provincia de Buenos Aires se\u00f1al\u00f3 que su triunfo &#8220;no es un cheque en blanco&#8221;<\/span><\/figure>\n<\/div>\n<div class=\"col-sm-4\">\n<div class=\"lazy-wrapper hover-media-overlay\"><img decoding=\"async\" class=\"image-lazy lazy-placeholder\" src=\"data:image\/png;base64,iVBORw0KGgoAAAANSUhEUgAAAAEAAAABCAYAAAAfFcSJAAAAAXNSR0IArs4c6QAAAARnQU1BAACxjwv8YQUAAAAJcEhZcwAADsQAAA7EAZUrDhsAAAANSURBVBhXYzh8+PB\/AAffA0nNPuCLAAAAAElFTkSuQmCC\" alt=\"\" data-original=\"https:\/\/www.infobae.com\/new-resizer\/k0JO8YkZSxxVopCreZ-6p3IRQ6g=\/600x400\/filters:quality(100)\/s3.amazonaws.com\/arc-wordpress-client-uploads\/infobae-wp\/wp-content\/uploads\/2016\/10\/14081127\/AME_6594.jpg\" \/><\/div>\n<\/div>\n<\/div>\n<\/header>\n<\/article>\n<\/div>\n<div class=\"generic-results-list-item pwa_card\" data-load-more=\"5162039\">\n<article class=\"result-item result-teaser result-teaser-normal row\">\n<header>\n<div class=\"row\">\n<div class=\"col-sm-8\">\n<figure>\n<h4 class=\"\">El Parlamento de Catalu\u00f1a program\u00f3 una sesi\u00f3n clave para el jueves: Espa\u00f1a teme que declare la independencia<\/h4>\n<p><span class=\"excerpt\">Los partidos que impulsan la separaci\u00f3n tratar\u00e1n una respuesta a la aplicaci\u00f3n del art\u00edculo 155 por parte de Madrid, lo que califican como &#8220;agresi\u00f3n institucional&#8221;. El pleno podr\u00eda extenderse hasta el viernes, fecha en la que el Senado nacional discutir\u00e1 la suspensi\u00f3n de la autonom\u00eda catalana<\/span><\/figure>\n<\/div>\n<div class=\"col-sm-4\">\n<div class=\"lazy-wrapper hover-media-overlay\"><img decoding=\"async\" class=\"image-lazy lazy-placeholder\" src=\"data:image\/png;base64,iVBORw0KGgoAAAANSUhEUgAAAAEAAAABCAYAAAAfFcSJAAAAAXNSR0IArs4c6QAAAARnQU1BAACxjwv8YQUAAAAJcEhZcwAADsQAAA7EAZUrDhsAAAANSURBVBhXYzh8+PB\/AAffA0nNPuCLAAAAAElFTkSuQmCC\" alt=\"\" data-original=\"https:\/\/www.infobae.com\/new-resizer\/qyq8fpKhYRFB7bTMz81Dd4GapzU=\/600x400\/filters:quality(100)\/s3.amazonaws.com\/arc-wordpress-client-uploads\/infobae-wp\/wp-content\/uploads\/2017\/10\/23072910\/000_TL6YA-e1508754609926.jpg\" \/><\/div>\n<\/div>\n<\/div>\n<\/header>\n<\/article>\n<\/div>\n<div class=\"generic-results-list-item pwa_card\" data-load-more=\"5162039\">\n<article class=\"result-item result-teaser result-teaser-normal last-item row\">\n<header>\n<div class=\"row\">\n<div class=\"col-sm-8\">\n<figure>\n<h4 class=\"\">19 pu\u00f1etazos en 11 segundos: impresionante r\u00e1faga de golpes en la cabeza de un luchador de UFC<\/h4>\n<p><span class=\"excerpt\">El estadounidense Brian Kelleher derrot\u00f3 al polaco Damian Stasiak en el final m\u00e1s impresionante de una velada en Gdansk<\/span><\/figure>\n<\/div>\n<div class=\"col-sm-4\">\n<div class=\"lazy-wrapper hover-media-overlay\"><img decoding=\"async\" class=\"image-lazy lazy-placeholder\" src=\"data:image\/png;base64,iVBORw0KGgoAAAANSUhEUgAAAAEAAAABCAYAAAAfFcSJAAAAAXNSR0IArs4c6QAAAARnQU1BAACxjwv8YQUAAAAJcEhZcwAADsQAAA7EAZUrDhsAAAANSURBVBhXYzh8+PB\/AAffA0nNPuCLAAAAAElFTkSuQmCC\" alt=\"\" data-original=\"https:\/\/www.infobae.com\/new-resizer\/tBs_jgEV5ttmaWdTgzWigNfBOHU=\/600x400\/filters:quality(100)\/s3.amazonaws.com\/arc-wordpress-client-uploads\/infobae-wp\/wp-content\/uploads\/2017\/10\/23071819\/El-tremendo-nocaut-de-Briam-Kelleher_2.jpg\" \/><\/div>\n<\/div>\n<\/div>\n<\/header>\n<\/article>\n<\/div>\n<\/div>\n<\/div>\n<div class=\"button pb-loadmore clear generic-results-list-load-more\" data-load-more-button-id=\"5162039\" data-keys=\"Feed-Type,_jge,Feed-Parameter,Feed-Limit,Feed-Order,Feed-Offset\" data-values=\"taxonomy.sites.path:(&quot;\/politica&quot; &quot;\/sociedad&quot; &quot;\/economia&quot; &quot;\/deportes-2&quot; &quot;\/tecno&quot; &quot;\/tendencias&quot; &quot;\/salud&quot; &quot;\/series-peliculas&quot; &quot;\/autos&quot; &quot;\/turismo&quot; &quot;\/cultura&quot; &quot;\/grandes-libros&quot; &quot;\/vidriera&quot; &quot;\/fotos&quot; &quot;\/discapacidad&quot; &quot;\/teleshow&quot; &quot;\/gente&quot; &quot;\/america\/america-latina&quot; &quot;\/america\/mundo&quot; &quot;\/america\/eeuu&quot; &quot;\/america\/venezuela&quot; &quot;\/america\/mexico&quot; &quot;\/america\/colombia&quot; &quot;\/america\/entretenimiento&quot; &quot;\/america\/deportes&quot; &quot;\/america\/tecno&quot; &quot;\/america\/fotos&quot; &quot;\/america\/wapo&quot; &quot;\/america\/vice&quot; &quot;\/parati&quot; &quot;\/america\/cultura-america&quot; NOT &quot;\/deportes-2\/diarios-deportivos&quot; AND NOT &quot;\/gente\/espacio-no-editorial-revista-gente&quot; AND NOT &quot;\/gente\/ediciones&quot; AND NOT &quot;\/parati\/ediciones-archivo&quot; AND NOT &quot;\/parati\/espacio-no-editorial-parati\/&quot;) AND revision.published,content-feed,true,6,display_date:desc,0\" data-custom-field-keys=\"formattingOption,enabledLoadMore,showSigline,dateType,offset,commentsCountCivil,commentsCountDisqus,numItems\" data-custom-field-values=\"relative,true,false,displayOnly,0,false,false,7\" data-href=\"\/pb\/api\/v2\/render\/feature\/global\/generic-results-list\" data-offset=\"0\" data-number-items=\"6\">MAS NOTICIAS<\/div>\n<\/div>\n<div id=\"f0T8sulVv3mQyq\" class=\"wrapper clearfix full pb-feature pb-layout-item pb-f-global-single-line no-align\"><\/div>\n<div id=\"f0qyVDfVv3mQyq\" class=\"wrapper clearfix full pb-feature pb-layout-item pb-f-homepage-story no-align\">\n<div class=\"border-bottom-off\">\n<div class=\"no-skin flex-item flex-stack text-align-center equalize-height-target\">\n<div class=\"label-wrapper text-align-inherit\">\n<div class=\"pb-font-smoothing label label-bar label-with-background class_9929927\" data-pb-field=\"custom.label\" data-pb-placeholder=\"Label\">TE RECOMENDAMOS<\/div>\n<\/div>\n<\/div>\n<\/div>\n<\/div>\n<div id=\"fG57UV1Vv3mQyq\" class=\"wrapper clearfix pb-feature pb-layout-item pb-f-global-recommend col-lg-12 col-md-12 col-sm-12 col-xs-12 no-align\"><\/div>\n<div id=\"f0M1oHRVv3mQyq\" class=\"wrapper clearfix full pb-feature pb-layout-item pb-f-global-single-line no-align\"><\/div>\n<div id=\"fHoXBs1Vv3mQyq\" class=\"wrapper clearfix full pb-feature pb-layout-item pb-f-ads-dfp no-align\">\n<div id=\"middle-2-300x250\" class=\"pb-ad-container pb-ad pb-ad-prod ad-300X250\" data-slot-name=\"middle-2-300x250\" data-mobile-display=\"true\" data-desktop-display=\"true\">\n<div id=\"google_ads_iframe_\/1058609\/infobae\/politica\/nota\/middle_2_300x250_0__container__\"><iframe loading=\"lazy\" id=\"google_ads_iframe_\/1058609\/infobae\/politica\/nota\/middle_2_300x250_0\" title=\"3rd party ad content\" src=\"https:\/\/tpc.googlesyndication.com\/safeframe\/1-0-13\/html\/container.html\" name=\"\" width=\"300\" height=\"250\" frameborder=\"0\" marginwidth=\"0\" marginheight=\"0\" scrolling=\"no\" data-is-safeframe=\"true\" data-mce-fragment=\"1\"><\/iframe><\/div>\n<\/div>\n<div class=\"border-bottom-none\"><\/div>\n<\/div>\n<div id=\"fYBgQ41Vv3mQyq\" class=\"wrapper clearfix full pb-feature pb-layout-item pb-f-global-single-line no-align\"><\/div>\n<div id=\"f02zWYzVv3mQyq\" class=\"wrapper clearfix full pb-feature pb-layout-item pb-f-article-comments-facebook no-align\">\n<h2 class=\"header-label\">COMENTARIOS<\/h2>\n<div class=\"fb-comments\" data-href=\"http:\/\/www.infobae.com\/politica\/2017\/10\/23\/por-primera-vez-en-32-anos-una-fuerza-politica-gano-en-los-cinco-distritos-mas-grandes-del-pais\/\" data-numposts=\"3\" data-colorscheme=\"light\" data-order-by=\"reverse_time\" data-width=\"700px\"><\/div>\n<div class=\"clear\"><\/div>\n<\/div>\n<div id=\"fVzmL61Vv3mQyq\" class=\"wrapper clearfix full pb-feature pb-layout-item pb-f-global-single-line no-align\"><\/div>\n<\/div>\n<div id=\"cqXx1S1Vv3mQyq\" class=\"right-rail-chain col-md-4 col-sm-12 col-xs-12 pb-layout-item pb-chain pb-c-right-rail-chain center-align\">\n<div id=\"fFO8eS1Vv3mQyq\" class=\"wrapper clearfix full pb-feature pb-layout-item pb-f-ads-dfp no-align\">\n<div id=\"right-1-300x600\" class=\"pb-ad-container pb-ad pb-ad-prod ad-300X250\" data-slot-name=\"right-1-300x600\" data-mobile-display=\"true\" data-desktop-display=\"true\">\n<div id=\"google_ads_iframe_\/1058609\/infobae\/politica\/nota\/right_1_300x600_0__container__\"><iframe loading=\"lazy\" id=\"google_ads_iframe_\/1058609\/infobae\/politica\/nota\/right_1_300x600_0\" title=\"3rd party ad content\" src=\"https:\/\/tpc.googlesyndication.com\/safeframe\/1-0-13\/html\/container.html\" name=\"\" width=\"300\" height=\"250\" frameborder=\"0\" marginwidth=\"0\" marginheight=\"0\" scrolling=\"no\" data-is-safeframe=\"true\" data-mce-fragment=\"1\"><\/iframe><\/div>\n<\/div>\n<div class=\"border-bottom-none\"><\/div>\n<\/div>\n<div id=\"f09vEuxVv3mQyq\" class=\"wrapper clearfix full pb-feature pb-layout-item pb-f-ads-dfp no-align\">\n<div id=\"right-2-300x600\" class=\"pb-ad-container pb-ad pb-ad-prod ad-300X250\" data-slot-name=\"right-2-300x600\" data-mobile-display=\"true\" data-desktop-display=\"true\">\n<div id=\"google_ads_iframe_\/1058609\/infobae\/politica\/nota\/right_2_300x600_0__container__\"><iframe loading=\"lazy\" id=\"google_ads_iframe_\/1058609\/infobae\/politica\/nota\/right_2_300x600_0\" title=\"3rd party ad content\" src=\"https:\/\/tpc.googlesyndication.com\/safeframe\/1-0-13\/html\/container.html\" name=\"\" width=\"300\" height=\"600\" frameborder=\"0\" marginwidth=\"0\" marginheight=\"0\" scrolling=\"no\" data-is-safeframe=\"true\" data-mce-fragment=\"1\"><\/iframe><\/div>\n<\/div>\n<div class=\"border-bottom-none\"><\/div>\n<\/div>\n<div id=\"fDZZpS1Vv3mQyq\" class=\"wrapper clearfix full pb-feature pb-layout-item pb-f-global-single-line no-align\"><\/div>\n<div id=\"f0yrv48Vv3mQyq\" class=\"wrapper clearfix col-lg-12 col-md-12 pb-feature pb-layout-item pb-f-global-most-read col-sm-12 col-xs-12 no-align\">\n<div class=\"row\">\n<h2 class=\"header-label label label-kicker most-read-wrapper\"><a href=\"http:\/\/www.infobae.com\/mas-leidas\/\">M\u00c1S LE\u00cdDAS<\/a><\/h2>\n<aside class=\"line-up most-read skin skin-card with-bottom-border col-lg-12 col-md-12 col-sm-12 col-xs-12 \">\n<article class=\"left\">\n<header>\n<div class=\"number left\">1<\/div>\n<h4 class=\"left\"><a href=\"https:\/\/www.infobae.com\/politica\/2017\/10\/23\/como-quedara-conformado-el-congreso-a-partir-del-10-de-diciembre\/\">C\u00f3mo quedar\u00e1 conformado el Congreso a partir del 10 de diciembre<\/a><\/h4>\n<p><a href=\"https:\/\/www.infobae.com\/politica\/2017\/10\/23\/como-quedara-conformado-el-congreso-a-partir-del-10-de-diciembre\/\"><img decoding=\"async\" class=\"photo right small-img\" src=\"https:\/\/www.infobae.com\/new-resizer\/6IjpcdXNzaL5Ev2fBUbJKY4S5Ng=\/130x130\/filters:quality(100)\/s3.amazonaws.com\/arc-wordpress-client-uploads\/infobae-wp\/wp-content\/uploads\/2017\/07\/26151518\/Sesion-Diputados-expulsion-Julio-De-Vido-1920-1.jpg\" alt=\"(T\u00e9lam)\" \/><\/a><\/header>\n<\/article>\n<article class=\"left\">\n<header>\n<div class=\"number left\">2<\/div>\n<h4 class=\"left\"><a href=\"https:\/\/www.infobae.com\/politica\/2017\/07\/14\/padron-definitivo-para-las-elecciones-legislativas\/\">D\u00f3nde voto: padr\u00f3n definitivo para las elecciones legislativas<\/a><\/h4>\n<p><a href=\"https:\/\/www.infobae.com\/politica\/2017\/07\/14\/padron-definitivo-para-las-elecciones-legislativas\/\"><img decoding=\"async\" class=\"photo right small-img\" src=\"https:\/\/www.infobae.com\/new-resizer\/GDowvOOTkxxfi24aUR-Pgs4w-JY=\/130x130\/filters:quality(100)\/s3.amazonaws.com\/arc-wordpress-client-uploads\/infobae-wp\/wp-content\/uploads\/2017\/05\/05021618\/padron-1920.jpg\" alt=\"\" \/><\/a><\/header>\n<\/article>\n<article class=\"left\">\n<header>\n<div class=\"number left\">3<\/div>\n<h4 class=\"left\"><a href=\"https:\/\/www.infobae.com\/sociedad\/2017\/10\/22\/un-hombre-se-arrojo-al-vacio-en-las-cataratas-del-iguazu\/\">Un hombre se arroj\u00f3 al vac\u00edo en las cataratas del Iguaz\u00fa<\/a><\/h4>\n<p><a href=\"https:\/\/www.infobae.com\/sociedad\/2017\/10\/22\/un-hombre-se-arrojo-al-vacio-en-las-cataratas-del-iguazu\/\"><img decoding=\"async\" class=\"photo right small-img\" src=\"https:\/\/www.infobae.com\/new-resizer\/h-u8FE4Pc3mdMGawWzQqDReNlUA=\/130x130\/filters:quality(100)\/s3.amazonaws.com\/arc-wordpress-client-uploads\/infobae-wp\/wp-content\/uploads\/2017\/10\/22183930\/un-hombre-se-arrojo-al-vacio-en-las-cataratas.jpg\" alt=\"\" \/><\/a><\/header>\n<\/article>\n<article class=\"left\">\n<header>\n<div class=\"number left\">4<\/div>\n<h4 class=\"left\"><a href=\"https:\/\/www.infobae.com\/opinion\/2017\/10\/22\/caso-maldonado-hablo-la-ciencia-y-se-acabo-la-ideologia\/\">Caso Maldonado: habl\u00f3 la ciencia y se acab\u00f3 la ideolog\u00eda<\/a><\/h4>\n<p><a href=\"https:\/\/www.infobae.com\/opinion\/2017\/10\/22\/caso-maldonado-hablo-la-ciencia-y-se-acabo-la-ideologia\/\"><img decoding=\"async\" class=\"photo right small-img\" src=\"https:\/\/www.infobae.com\/new-resizer\/W5NM4orocO17DkOmKD2q69iI4w0=\/130x130\/filters:quality(100)\/s3.amazonaws.com\/arc-wordpress-client-uploads\/infobae-wp\/wp-content\/uploads\/2017\/10\/19103918\/Caso-Maldonado-la-policia-en-la-morgue-judicial-192081.jpg\" alt=\"(Guillermo Llamos)\" \/><\/a><\/header>\n<\/article>\n<article class=\"left\">\n<header>\n<div class=\"number left\">5<\/div>\n<h4 class=\"left\"><a href=\"https:\/\/www.infobae.com\/opinion\/2017\/10\/22\/quienes-y-como-utilizaron-politicamente-la-muerte-de-maldonado\/\">Qui\u00e9nes y c\u00f3mo utilizaron pol\u00edticamente la muerte de Maldonado<\/a><\/h4>\n<p><a href=\"https:\/\/www.infobae.com\/opinion\/2017\/10\/22\/quienes-y-como-utilizaron-politicamente-la-muerte-de-maldonado\/\"><img decoding=\"async\" class=\"photo right small-img\" src=\"https:\/\/www.infobae.com\/new-resizer\/f9byimuw23cyYYmneREy1nHlohM=\/130x130\/filters:quality(100)\/s3.amazonaws.com\/arc-wordpress-client-uploads\/infobae-wp\/wp-content\/uploads\/2017\/10\/21190253\/marcha-maldonado-211017-26.jpg\" alt=\"(Adri\u00e1n Escandar)\" \/><\/a><\/header>\n<\/article>\n<\/aside>\n<\/div>\n<\/div>\n<div id=\"fNKT6a1Vv3mQyq\" class=\"wrapper clearfix full pb-feature pb-layout-item pb-f-ads-dfp no-align\">\n<div id=\"right-3-300x250\" class=\"pb-ad-container pb-ad pb-ad-prod ad-300X250\" data-slot-name=\"right-3-300x250\" data-mobile-display=\"true\" data-desktop-display=\"true\">\n<div id=\"google_ads_iframe_\/1058609\/infobae\/politica\/nota\/right_3_300x250_0__container__\"><iframe loading=\"lazy\" id=\"google_ads_iframe_\/1058609\/infobae\/politica\/nota\/right_3_300x250_0\" title=\"3rd party ad content\" src=\"https:\/\/tpc.googlesyndication.com\/safeframe\/1-0-13\/html\/container.html\" name=\"\" width=\"300\" height=\"250\" frameborder=\"0\" marginwidth=\"0\" marginheight=\"0\" scrolling=\"no\" data-is-safeframe=\"true\" data-mce-fragment=\"1\"><\/iframe><\/div>\n<\/div>\n<div class=\"border-bottom-none\"><\/div>\n<\/div>\n<div id=\"fzF3JA1Vv3mQyq\" class=\"wrapper clearfix full pb-feature pb-layout-item pb-f-global-single-line no-align\"><\/div>\n<div id=\"f0xbXlVVv3mQyq\" class=\"wrapper clearfix full pb-feature pb-layout-item pb-f-list-card-column no-align\">\n<div class=\"col-sm-12 section-column\">\n<header>\n<h3 class=\"header-label\"><a href=\"http:\/\/www.infobae.com\/deportes\/\"><img decoding=\"async\" src=\"http:\/\/www.infobae.com\/resizer\/?op=resize&amp;url=https:\/\/s3.amazonaws.com\/arc-wordpress-client-uploads\/infobae-wp\/wp-content\/uploads\/2016\/08\/29170312\/logo_deportes.png&amp;mode=crop&amp;h=24&amp;q=75&amp;token=bar\" \/><\/a><\/h3>\n<\/header>\n<div class=\"column-item\">\n<div class=\"lazy-wrapper\"><img decoding=\"async\" class=\"image-lazy\" src=\"https:\/\/www.infobae.com\/new-resizer\/gwCoNeEZFg_C9C0kOVH10BCJ3Ds=\/600x400\/filters:quality(100)\/s3.amazonaws.com\/arc-wordpress-client-uploads\/infobae-wp\/wp-content\/uploads\/2017\/10\/23080025\/GUNILLA-AXEN-SUECIA-1920-1.jpg\" alt=\"\" data-original=\"https:\/\/www.infobae.com\/new-resizer\/gwCoNeEZFg_C9C0kOVH10BCJ3Ds=\/600x400\/filters:quality(100)\/s3.amazonaws.com\/arc-wordpress-client-uploads\/infobae-wp\/wp-content\/uploads\/2017\/10\/23080025\/GUNILLA-AXEN-SUECIA-1920-1.jpg\" \/><\/div>\n<h4 class=\"first\"><a href=\"https:\/\/www.infobae.com\/america\/deportes\/2017\/10\/23\/una-ex-futbolista-sueca-revelo-haber-sido-victima-de-acoso-sexual-por-parte-de-jugadores-muy-conocidos\/\">Una ex futbolista sueca revel\u00f3 haber sido v\u00edctima de acoso sexual por parte de jugadores &#8220;muy conocidos&#8221;<\/a><\/h4>\n<\/div>\n<div class=\"column-item\">\n<h4><a href=\"https:\/\/www.infobae.com\/deportes-2\/2017\/10\/23\/entre-autografos-y-fotos-asi-fue-el-domingo-electoral-de-jorge-sampaoli-en-casilda\/\">Entre aut\u00f3grafos y fotos: as\u00ed fue el domingo electoral de Jorge Sampaoli en Casilda<\/a><\/h4>\n<\/div>\n<div class=\"column-item\">\n<h4><a href=\"https:\/\/www.infobae.com\/america\/deportes\/2017\/10\/23\/19-punetazos-en-11-segundos-impresionante-rafaga-de-golpes-en-la-cabeza-en-el-ufc\/\">19 pu\u00f1etazos en 11 segundos: impresionante r\u00e1faga de golpes en la cabeza de un luchador de UFC<\/a><\/h4>\n<\/div>\n<\/div>\n<\/div>\n<div id=\"fZMyg11Vv3mQyq\" class=\"wrapper clearfix full pb-feature pb-layout-item pb-f-global-single-line no-align\"><\/div>\n<div id=\"fYoKZf2Vv3mQyq\" class=\"wrapper clearfix full pb-feature pb-layout-item pb-f-global-single-line no-align\"><\/div>\n<div id=\"f9J46Y1Vv3mQyq\" class=\"wrapper clearfix full pb-feature pb-layout-item pb-f-list-card-column no-align\">\n<div class=\"col-sm-12 section-column\">\n<header>\n<h3 class=\"header-label\"><a href=\"https:\/\/www.infobae.com\/gente\/\"><strong>M\u00c1S EN \u00a0<img decoding=\"async\" src=\"https:\/\/s3.amazonaws.com\/arc-wordpress-client-uploads\/infobae-wp\/wp-content\/uploads\/2017\/10\/02173811\/gente.png\" \/><\/strong><\/a><\/h3>\n<\/header>\n<div class=\"column-item\">\n<div class=\"lazy-wrapper\"><img decoding=\"async\" class=\"image-lazy\" src=\"https:\/\/www.infobae.com\/new-resizer\/xwQCSApMisiU721E64ar4weKKes=\/600x400\/filters:quality(100)\/s3.amazonaws.com\/arc-wordpress-client-uploads\/infobae-wp\/wp-content\/uploads\/2017\/10\/20125026\/GENTE-NadalApertura-191017.jpg\" alt=\"\" data-original=\"https:\/\/www.infobae.com\/new-resizer\/xwQCSApMisiU721E64ar4weKKes=\/600x400\/filters:quality(100)\/s3.amazonaws.com\/arc-wordpress-client-uploads\/infobae-wp\/wp-content\/uploads\/2017\/10\/20125026\/GENTE-NadalApertura-191017.jpg\" \/><\/div>\n<h4 class=\"first\"><a href=\"https:\/\/www.infobae.com\/gente\/personajes\/2017\/10\/22\/ivana-nadal-no-creo-en-la-monogamia-ni-en-la-fidelidad\/\">Ivana Nadal: \u201cNo creo en la monogamia ni en la fidelidad\u201d<\/a><\/h4>\n<\/div>\n<div class=\"column-item\">\n<h4><a href=\"https:\/\/www.infobae.com\/gente\/personajes\/2017\/10\/22\/jime-buttigliengo-debuta-como-mama-con-mellizos\/\">Jime Buttigliengo debuta como mam\u00e1 \u00a1con mellizos!<\/a><\/h4>\n<\/div>\n<div class=\"column-item\">\n<h4><a href=\"https:\/\/www.infobae.com\/gente\/personajes\/2017\/10\/22\/la-biografia-de-alfredo-alcon-a-traves-de-la-mirada-de-su-mejor-amigo\/\">La biograf\u00eda de Alfredo Alc\u00f3n a trav\u00e9s de la mirada de su mejor amigo<\/a><\/h4>\n<\/div>\n<\/div>\n<\/div>\n<div id=\"fgAF9a2Vv3mQyq\" class=\"wrapper clearfix full pb-feature pb-layout-item pb-f-global-single-line no-align\"><\/div>\n<div id=\"f0fW7aKVv3mQyq\" class=\"wrapper clearfix full pb-feature pb-layout-item pb-f-list-card-column no-align\">\n<div class=\"col-sm-12 section-column\">\n<header>\n<h3 class=\"header-label\"><a href=\"http:\/\/www.infobae.com\/tecno\"><strong>TECNO<\/strong><\/a><\/h3>\n<\/header>\n<div class=\"column-item\">\n<div class=\"lazy-wrapper\"><img decoding=\"async\" class=\"image-lazy lazy-placeholder\" src=\"data:image\/png;base64,iVBORw0KGgoAAAANSUhEUgAAAAEAAAABCAYAAAAfFcSJAAAAAXNSR0IArs4c6QAAAARnQU1BAACxjwv8YQUAAAAJcEhZcwAADsQAAA7EAZUrDhsAAAANSURBVBhXYzh8+PB\/AAffA0nNPuCLAAAAAElFTkSuQmCC\" alt=\"El empleo manual pronto ser\u00e1 cada vez m\u00e1s autom\u00e1tico (IB)\" data-original=\"https:\/\/www.infobae.com\/new-resizer\/SKsttpPLpf6eswk7EmKFCIlELk4=\/600x400\/filters:quality(100)\/s3.amazonaws.com\/arc-wordpress-client-uploads\/infobae-wp\/wp-content\/uploads\/2017\/07\/05180944\/mujeres-empleo-america-latina-3.jpg\" \/><\/div>\n<h4 class=\"first\"><a href=\"https:\/\/www.infobae.com\/tendencias\/innovacion\/2017\/10\/21\/innovacion-en-el-trabajo-las-claves-para-sobrevivir-a-las-transformaciones-laborales\/\">Innovaci\u00f3n en el trabajo: las claves para sobrevivir a las transformaciones laborales<\/a><\/h4>\n<\/div>\n<div class=\"column-item\">\n<h4><a href=\"https:\/\/www.infobae.com\/america\/tecno\/2017\/10\/20\/el-motivo-de-jeff-bezos-para-romper-una-botella-de-champagne-en-la-cima-de-un-molino-de-viento\/\">El motivo de Jeff Bezos para romper una botella de champagne en la cima de un molino de viento<\/a><\/h4>\n<\/div>\n<div class=\"column-item\">\n<h4><a href=\"https:\/\/www.infobae.com\/tendencias\/innovacion\/2017\/10\/20\/como-son-los-nuevos-farmacos-a-base-de-placenta-humana\/\">C\u00f3mo son los nuevos f\u00e1rmacos a base de placenta humana<\/a><\/h4>\n<\/div>\n<\/div>\n<\/div>\n<div id=\"fA1SN32Vv3mQyq\" class=\"wrapper clearfix full pb-feature pb-layout-item pb-f-global-single-line no-align\"><\/div>\n<div id=\"fyBFRn1Vv3mQyq\" class=\"wrapper clearfix col-lg-12 col-md-12 pb-feature pb-layout-item pb-f-global-most-read col-sm-12 col-xs-12 no-align\">\n<div class=\"row\">\n<h2 class=\"header-label label label-kicker most-read-wrapper\"><a href=\"http:\/\/www.infobae.com\/america\/\">M\u00c1S LE\u00cdDAS\u00a0<img decoding=\"async\" src=\"http:\/\/www.infobae.com\/resizer\/?op=resize&amp;url=https:\/\/s3.amazonaws.com\/arc-wordpress-client-uploads\/infobae-wp\/wp-content\/uploads\/2016\/09\/27141508\/america.png&amp;mode=crop&amp;h=24&amp;q=75&amp;token=bar\" \/><\/a><\/h2>\n<aside class=\"line-up most-read skin skin-card with-bottom-border col-lg-12 col-md-12 col-sm-12 col-xs-12 \">\n<article class=\"left\">\n<header>\n<div class=\"number left\">1<\/div>\n<h4 class=\"left\"><a href=\"https:\/\/www.infobae.com\/america\/deportes\/2017\/10\/22\/video-viral-el-insolito-penal-que-recorre-el-mundo\/\">Video viral: el ins\u00f3lito penal que recorre el mundo<\/a><\/h4>\n<p><a href=\"https:\/\/www.infobae.com\/america\/deportes\/2017\/10\/22\/video-viral-el-insolito-penal-que-recorre-el-mundo\/\"><img decoding=\"async\" class=\"photo right small-img\" src=\"https:\/\/www.infobae.com\/new-resizer\/DDcnLrldSDjUew14K9e8NHEOLu4=\/130x130\/filters:quality(100)\/s3.amazonaws.com\/arc-wordpress-client-uploads\/infobae-wp\/wp-content\/uploads\/2017\/10\/22175620\/penal-insolito.jpg\" alt=\"\" \/><\/a><\/header>\n<\/article>\n<article class=\"left\">\n<header>\n<div class=\"number left\">2<\/div>\n<h4 class=\"left\"><a href=\"https:\/\/www.infobae.com\/america\/entretenimiento\/2017\/10\/23\/jennifer-lopez-deslumbro-con-una-foto-sin-maquillaje-y-recien-despierta\/\">Jennifer L\u00f3pez deslumbr\u00f3 con una foto sin maquillaje y reci\u00e9n despierta<\/a><\/h4>\n<p><a href=\"https:\/\/www.infobae.com\/america\/entretenimiento\/2017\/10\/23\/jennifer-lopez-deslumbro-con-una-foto-sin-maquillaje-y-recien-despierta\/\"><img decoding=\"async\" class=\"photo right small-img\" src=\"https:\/\/www.infobae.com\/new-resizer\/nBhhalpCpZXM4xulZVLSW32lU8k=\/130x130\/filters:quality(100)\/s3.amazonaws.com\/arc-wordpress-client-uploads\/infobae-wp\/wp-content\/uploads\/2017\/03\/13130530\/jl1.jpg\" alt=\"\" \/><\/a><\/header>\n<\/article>\n<article class=\"left\">\n<header>\n<div class=\"number left\">3<\/div>\n<h4 class=\"left\"><a href=\"https:\/\/www.infobae.com\/america\/america-latina\/2017\/10\/22\/argentina-vota-en-elecciones-legislativas-con-el-oficialismo-confiado-en-buenos-resultados\/\">Triunfo del oficialismo en las elecciones legislativas en Argentina<\/a><\/h4>\n<p><a href=\"https:\/\/www.infobae.com\/america\/america-latina\/2017\/10\/22\/argentina-vota-en-elecciones-legislativas-con-el-oficialismo-confiado-en-buenos-resultados\/\"><img decoding=\"async\" class=\"photo right small-img\" src=\"https:\/\/www.infobae.com\/new-resizer\/6DdTYXmHi-EqhQ3vbSwzewg3ys4=\/130x130\/filters:quality(100)\/s3.amazonaws.com\/arc-wordpress-client-uploads\/infobae-wp\/wp-content\/uploads\/2017\/10\/23002319\/Elecciones-legistalivas-2017-Bunker-macri-1920-10.jpg\" alt=\"(Nicol\u00e1s Stulberg)\" \/><\/a><\/header>\n<\/article>\n<article class=\"left\">\n<header>\n<div class=\"number left\">4<\/div>\n<h4 class=\"left\"><a href=\"https:\/\/www.infobae.com\/america\/deportes\/2017\/10\/22\/la-reaccion-egoista-de-cristiano-ronaldo-luego-del-triunfo-del-real-madrid-ante-eibar\/\">La reacci\u00f3n ego\u00edsta de Cristiano Ronaldo luego del triunfo del Real Madrid ante Eibar<\/a><\/h4>\n<p><a href=\"https:\/\/www.infobae.com\/america\/deportes\/2017\/10\/22\/la-reaccion-egoista-de-cristiano-ronaldo-luego-del-triunfo-del-real-madrid-ante-eibar\/\"><img decoding=\"async\" class=\"photo right small-img\" src=\"https:\/\/www.infobae.com\/new-resizer\/e1hgTRpbzTj_RNPQnSg7sYiPbN0=\/130x130\/filters:quality(100)\/s3.amazonaws.com\/arc-wordpress-client-uploads\/infobae-wp\/wp-content\/uploads\/2017\/10\/22190127\/ronaldo-fastidio-01.jpg\" alt=\"(Getty Images)\" \/><\/a><\/header>\n<\/article>\n<article class=\"left\">\n<header>\n<div class=\"number left\">5<\/div>\n<h4 class=\"left\"><a href=\"https:\/\/www.infobae.com\/america\/deportes\/2017\/10\/23\/19-punetazos-en-11-segundos-impresionante-rafaga-de-golpes-en-la-cabeza-en-el-ufc\/\">19 pu\u00f1etazos en 11 segundos: impresionante r\u00e1faga de golpes en la cabeza de un luchador de UFC<\/a><\/h4>\n<p><a href=\"https:\/\/www.infobae.com\/america\/deportes\/2017\/10\/23\/19-punetazos-en-11-segundos-impresionante-rafaga-de-golpes-en-la-cabeza-en-el-ufc\/\"><img decoding=\"async\" class=\"photo right small-img\" src=\"https:\/\/www.infobae.com\/new-resizer\/5XZ6fehoowZs3HVbtxX0kp-OREo=\/130x130\/filters:quality(100)\/s3.amazonaws.com\/arc-wordpress-client-uploads\/infobae-wp\/wp-content\/uploads\/2017\/10\/23071819\/El-tremendo-nocaut-de-Briam-Kelleher_2.jpg\" alt=\"\" \/><\/a><\/header>\n<\/article>\n<\/aside>\n<\/div>\n<\/div>\n<div id=\"fl6lkf1Vv3mQyq\" class=\"wrapper clearfix full pb-feature pb-layout-item pb-f-global-single-line no-align\"><\/div>\n<div id=\"f0LfSxkVv3mQyq\" class=\"wrapper clearfix full pb-feature pb-layout-item pb-f-list-card-column no-align\">\n<div class=\"col-sm-12 section-column\">\n<header>\n<h3 class=\"header-label\"><a href=\"http:\/\/www.infobae.com\/tendencias\/\"><strong>TENDENCIAS<\/strong><\/a><\/h3>\n<\/header>\n<div class=\"column-item\">\n<div class=\"lazy-wrapper\"><img decoding=\"async\" class=\"image-lazy lazy-placeholder\" src=\"data:image\/png;base64,iVBORw0KGgoAAAANSUhEUgAAAAEAAAABCAYAAAAfFcSJAAAAAXNSR0IArs4c6QAAAARnQU1BAACxjwv8YQUAAAAJcEhZcwAADsQAAA7EAZUrDhsAAAANSURBVBhXYzh8+PB\/AAffA0nNPuCLAAAAAElFTkSuQmCC\" alt=\"(Getty)\" data-original=\"https:\/\/www.infobae.com\/new-resizer\/XFMBIv1CLAZYbrszico9AD0uDnM=\/600x400\/filters:quality(100)\/s3.amazonaws.com\/arc-wordpress-client-uploads\/infobae-wp\/wp-content\/uploads\/2017\/10\/20180332\/cancer-mama.jpg\" \/><\/div>\n<h4 class=\"first\"><a href=\"https:\/\/www.infobae.com\/salud\/2017\/10\/23\/reconstruccion-mamaria-una-ayuda-y-un-derecho-obligatorio-tras-el-cancer-de-mama\/\">Reconstrucci\u00f3n mamaria: una ayuda y un derecho obligatorio tras el c\u00e1ncer de mama<\/a><\/h4>\n<\/div>\n<div class=\"column-item\">\n<h4><a href=\"https:\/\/www.infobae.com\/tendencias\/2017\/10\/23\/cuales-son-los-5-orgasmos-femeninos-mas-raros\/\">Cu\u00e1les son los 5 orgasmos femeninos m\u00e1s raros<\/a><\/h4>\n<\/div>\n<div class=\"column-item\">\n<h4><a href=\"https:\/\/www.infobae.com\/turismo\/2017\/10\/23\/el-renacimiento-de-bal-harbour-nuevo-megashopping-y-hoteles-de-lujo-a-un-paso-del-mar\/\">El renacimiento de Bal Harbour: nuevo megashopping y hoteles de lujo a un paso del mar<\/a><\/h4>\n<\/div>\n<\/div>\n<\/div>\n<div id=\"fgpg3s1Vv3mQyq\" class=\"wrapper clearfix full pb-feature pb-layout-item pb-f-global-single-line no-align\"><\/div>\n<div id=\"f09Zw21Vv3mQyq\" class=\"wrapper clearfix pb-feature pb-layout-item pb-f-global-mailchimp-signup col-lg-12 col-md-12 col-sm-12 col-xs-12 no-align\">\n<div class=\" col-xs-12 col-sm-10 col-sm-offset-1 col-md-10 col-md-offset-1\">\n<div class=\"form-wrapper row\">\n<div id=\"mc_embed_signup\">\n<form id=\"mc-embedded-subscribe-form\" class=\"validate\" action=\"https:\/\/infobae.us13.list-manage.com\/subscribe\/post?u=4e953e7139f83467d8edcac2e&amp;id=4ec30b39ed\" method=\"post\" name=\"mc-embedded-subscribe-form\" novalidate=\"\" target=\"_blank\">\n<div id=\"mc_embed_signup_scroll\">\n<h2><img decoding=\"async\" src=\"http:\/\/www.infobae.com\/resizer\/?op=resize&amp;url=https:\/\/s3.amazonaws.com\/arc-wordpress-client-uploads\/infobae-wp\/wp-content\/uploads\/2016\/09\/22145201\/closed-envelope.png&amp;mode=crop&amp;h=24&amp;q=75&amp;token=bar\" width=\"40px\" \/>Newsletter\u00a0<img decoding=\"async\" src=\"http:\/\/www.infobae.com\/resizer\/?op=resize&amp;url=https:\/\/s3.amazonaws.com\/wapopartners.com\/infobae-wp\/wp-content\/uploads\/2016\/03\/29190548\/infobae.png&amp;mode=crop&amp;h=24&amp;q=75&amp;token=bar\" \/><\/h2>\n<div class=\"mc-field-group\"><input id=\"mce-EMAIL\" name=\"EMAIL\" required=\"\" type=\"email\" placeholder=\"Tu email\" \/><\/div>\n<div id=\"mce-responses\" class=\"clear\"><\/div>\n<div aria-hidden=\"true\"><input tabindex=\"-1\" name=\"b_4e953e7139f83467d8edcac2e_4ec30b39ed\" type=\"text\" value=\"\" \/><\/div>\n<div class=\"clear\"><input id=\"mc-embedded-subscribe\" name=\"subscribe\" type=\"submit\" value=\"Suscribirse\" \/><\/div>\n<\/div>\n<\/form>\n<\/div>\n<\/div>\n<\/div>\n<\/div>\n<div id=\"f0M4SFoVv3mQyq\" class=\"wrapper clearfix full pb-feature pb-layout-item pb-f-global-single-line no-align\"><\/div>\n<\/div>\n<\/div>\n<div id=\"fF4Np51Vv3mQyq\" class=\"wrapper clearfix full pb-feature pb-layout-item pb-f-ads-dfp\">\n<div id=\"exp-push-2-970x250\" class=\"pb-ad-container pb-ad pb-ad-prod ad-970X90 hide-mobile\" data-slot-name=\"exp-push-2-970x250\" data-mobile-display=\"false\" data-desktop-display=\"true\">\n<div id=\"google_ads_iframe_\/1058609\/infobae\/politica\/nota\/exp_push_2_970x250_0__container__\"><iframe id=\"google_ads_iframe_\/1058609\/infobae\/politica\/nota\/exp_push_2_970x250_0\" title=\"3rd party ad content\" name=\"google_ads_iframe_\/1058609\/infobae\/politica\/nota\/exp_push_2_970x250_0\" width=\"970\" height=\"250\" frameborder=\"0\" marginwidth=\"0\" marginheight=\"0\" scrolling=\"no\" data-mce-fragment=\"1\"><\/iframe><\/div>\n<\/div>\n<div class=\"border-bottom-none hide-mobile\"><\/div>\n<\/div>\n<div id=\"f07KHrTVv3mQyq\" class=\"wrapper clearfix full pb-feature pb-layout-item pb-f-global-single-line\"><\/div>\n<div class=\"pb-container\">\n<div id=\"c0lSg4qVv3mQyq\" class=\"standard-chain in-chain border-bottom-none pb-layout-item pb-chain pb-c-standard-chain\">\n<div class=\"chain-content no-skin\">\n<div id=\"f0OpKbYVv3mQyq\" class=\"wrapper clearfix full pb-feature pb-layout-item pb-f-homepage-story no-align\">\n<div class=\"border-bottom-kinda-tight\">\n<div class=\"no-skin flex-item flex-stack text-align-center equalize-height-target\">\n<div class=\"label-wrapper text-align-center\">\n<div class=\"pb-font-smoothing label label-bar label-with-background class_5753367\" data-pb-field=\"custom.label\" data-pb-placeholder=\"Label\">TENDENCIAS<\/div>\n<\/div>\n<\/div>\n<\/div>\n<\/div>\n<div id=\"f6Tz512Vv3mQyq\" class=\"wrapper clearfix col-lg-3 col-md-3 col-xs-12 col-sm-3 pb-feature pb-layout-item pb-f-homepage-story-feed left-align\">\n<div class=\"border-bottom-hairline flex-feature-wrapper\">\n<div class=\"no-skin flex-item flex-stack text-align-left equalize-height-target\">\n<div class=\"headline x-small normal-style \"><a href=\"https:\/\/www.infobae.com\/tendencias\/2017\/10\/23\/rapero-productor-y-hombre-de-negocios-la-acelerada-vida-de-la-celebridad-mas-rentable-del-mundo\/\" data-pb-field=\"headline\" data-pb-url-field=\"canonical_url\" data-pb-placeholder=\"Write headline here\">Rapero, productor y hombre de negocios: la acelerada vida de la celebridad m\u00e1s rentable del mundo<\/a><\/div>\n<div class=\"art art-low art-small art-full-width text-align-left no-art-separator\">\n<div id=\"flex_6756\" class=\"lazy-wrapper photo-wrapper\"><a href=\"https:\/\/www.infobae.com\/tendencias\/2017\/10\/23\/rapero-productor-y-hombre-de-negocios-la-acelerada-vida-de-la-celebridad-mas-rentable-del-mundo\/\"><img decoding=\"async\" class=\"image-lazy lazy-placeholder\" src=\"data:image\/png;base64,iVBORw0KGgoAAAANSUhEUgAAAAEAAAABCAYAAAAfFcSJAAAAAXNSR0IArs4c6QAAAARnQU1BAACxjwv8YQUAAAAJcEhZcwAADsQAAA7EAZUrDhsAAAANSURBVBhXYzh8+PB\/AAffA0nNPuCLAAAAAElFTkSuQmCC\" data-original=\"https:\/\/www.infobae.com\/new-resizer\/P07M4oiZcgamjTo4j4h4xuuSE34=\/999x561\/filters:quality(100)\/s3.amazonaws.com\/arc-wordpress-client-uploads\/infobae-wp\/wp-content\/uploads\/2017\/10\/18160957\/sean-combs-3.jpg\" \/><\/a><\/div>\n<div class=\"clear\"><\/div>\n<\/div>\n<\/div>\n<\/div>\n<\/div>\n<div id=\"ftdFM42Vv3mQyq\" class=\"wrapper clearfix col-lg-3 col-md-3 col-xs-12 col-sm-3 pb-feature pb-layout-item pb-f-homepage-story-feed center-align\">\n<div class=\"border-bottom-hairline flex-feature-wrapper\">\n<div class=\"no-skin flex-item flex-stack text-align-left equalize-height-target\">\n<div class=\"headline x-small normal-style \"><a href=\"https:\/\/www.infobae.com\/economia\/real-estate\/2017\/10\/23\/open-house-buenos-aires-un-fin-de-semana-a-pura-arquitectura\/\" data-pb-field=\"headline\" data-pb-url-field=\"canonical_url\" data-pb-placeholder=\"Write headline here\">Open House Buenos Aires: un fin de semana a pura arquitectura<\/a><\/div>\n<div class=\"art art-low art-small art-full-width text-align-left no-art-separator\">\n<div id=\"flex_6511\" class=\"lazy-wrapper photo-wrapper\"><a href=\"https:\/\/www.infobae.com\/economia\/real-estate\/2017\/10\/23\/open-house-buenos-aires-un-fin-de-semana-a-pura-arquitectura\/\"><img decoding=\"async\" class=\"image-lazy lazy-placeholder\" src=\"data:image\/png;base64,iVBORw0KGgoAAAANSUhEUgAAAAEAAAABCAYAAAAfFcSJAAAAAXNSR0IArs4c6QAAAARnQU1BAACxjwv8YQUAAAAJcEhZcwAADsQAAA7EAZUrDhsAAAANSURBVBhXYzh8+PB\/AAffA0nNPuCLAAAAAElFTkSuQmCC\" data-original=\"https:\/\/www.infobae.com\/new-resizer\/XNNvKRC-fSQtshMHdV76c135Me8=\/999x561\/filters:quality(100)\/s3.amazonaws.com\/arc-wordpress-client-uploads\/infobae-wp\/wp-content\/uploads\/2016\/12\/04104351\/AME_2643.jpg\" \/><\/a><\/div>\n<div class=\"clear\"><\/div>\n<\/div>\n<\/div>\n<\/div>\n<\/div>\n<div id=\"ffCZKb1Vv3mQyq\" class=\"wrapper clearfix col-lg-3 col-md-3 col-xs-12 col-sm-3 pb-feature pb-layout-item pb-f-homepage-story-feed center-align\">\n<div class=\"border-bottom-hairline flex-feature-wrapper\">\n<div class=\"no-skin flex-item flex-stack text-align-left equalize-height-target\">\n<div class=\"headline x-small normal-style \"><a href=\"https:\/\/www.infobae.com\/discapacidad\/2017\/10\/23\/la-conmovedora-historia-de-amor-de-un-rugbier-luego-de-un-accidente-que-le-cambio-la-vida\/\" data-pb-field=\"headline\" data-pb-url-field=\"canonical_url\" data-pb-placeholder=\"Write headline here\">La conmovedora historia de amor de un rugbier, luego de un accidente que le cambi\u00f3 la vida<\/a><\/div>\n<div class=\"art art-low art-small art-full-width text-align-left no-art-separator\">\n<div id=\"flex_7465\" class=\"lazy-wrapper photo-wrapper\"><a href=\"https:\/\/www.infobae.com\/discapacidad\/2017\/10\/23\/la-conmovedora-historia-de-amor-de-un-rugbier-luego-de-un-accidente-que-le-cambio-la-vida\/\"><img decoding=\"async\" class=\"image-lazy lazy-placeholder\" src=\"data:image\/png;base64,iVBORw0KGgoAAAANSUhEUgAAAAEAAAABCAYAAAAfFcSJAAAAAXNSR0IArs4c6QAAAARnQU1BAACxjwv8YQUAAAAJcEhZcwAADsQAAA7EAZUrDhsAAAANSURBVBhXYzh8+PB\/AAffA0nNPuCLAAAAAElFTkSuQmCC\" data-original=\"https:\/\/www.infobae.com\/new-resizer\/wlQOrkOiPMUGghhCkYAa1exBSS8=\/999x561\/filters:quality(100)\/s3.amazonaws.com\/arc-wordpress-client-uploads\/infobae-wp\/wp-content\/uploads\/2017\/10\/18122203\/Jugador-de-futbol.jpg\" \/><\/a><\/div>\n<div class=\"clear\"><\/div>\n<\/div>\n<\/div>\n<\/div>\n<\/div>\n<div id=\"fjndMp1Vv3mQyq\" class=\"wrapper clearfix col-lg-3 col-md-3 col-xs-12 col-sm-3 pb-feature pb-layout-item pb-f-homepage-story-feed right-align\">\n<div class=\"border-bottom-hairline flex-feature-wrapper\">\n<div class=\"no-skin flex-item flex-stack text-align-left equalize-height-target\">\n<div class=\"headline x-small normal-style \"><a href=\"https:\/\/www.infobae.com\/autos\/2017\/10\/23\/que-historica-marca-de-autos-se-resiste-a-fabricar-vehiculos-autonomos\/\" data-pb-field=\"headline\" data-pb-url-field=\"canonical_url\" data-pb-placeholder=\"Write headline here\">Qu\u00e9 hist\u00f3rica marca de autos se resiste a fabricar veh\u00edculos aut\u00f3nomos<\/a><\/div>\n<div class=\"art art-low art-small art-full-width text-align-left no-art-separator\">\n<div id=\"flex_3183\" class=\"lazy-wrapper photo-wrapper\"><a href=\"https:\/\/www.infobae.com\/autos\/2017\/10\/23\/que-historica-marca-de-autos-se-resiste-a-fabricar-vehiculos-autonomos\/\"><img decoding=\"async\" class=\"image-lazy lazy-placeholder\" src=\"data:image\/png;base64,iVBORw0KGgoAAAANSUhEUgAAAAEAAAABCAYAAAAfFcSJAAAAAXNSR0IArs4c6QAAAARnQU1BAACxjwv8YQUAAAAJcEhZcwAADsQAAA7EAZUrDhsAAAANSURBVBhXYzh8+PB\/AAffA0nNPuCLAAAAAElFTkSuQmCC\" data-original=\"https:\/\/www.infobae.com\/new-resizer\/LQLmhKzux9j9a40sa99oktq7vcc=\/999x561\/filters:quality(100)\/s3.amazonaws.com\/arc-wordpress-client-uploads\/infobae-wp\/wp-content\/uploads\/2017\/10\/19130137\/lamborghini.jpg\" \/><\/a><\/div>\n<div class=\"clear\"><\/div>\n<\/div>\n<\/div>\n<\/div>\n<\/div>\n<div class=\"clear\"><\/div>\n<\/div>\n<div class=\"clear\"><\/div>\n<\/div>\n<\/div>\n<div id=\"cFshGe1Vv3mQyq\" class=\"standard-chain in-chain border-bottom-none pb-layout-item pb-chain pb-c-standard-chain full right-align\">\n<div class=\"chain-content no-skin\">\n<div id=\"f0GZIFZVv3mQyq\" class=\"wrapper clearfix full pb-feature pb-layout-item pb-f-homepage-story no-align\">\n<div class=\"border-bottom-kinda-tight\">\n<div class=\"no-skin flex-item flex-stack text-align-left equalize-height-target\">\n<div class=\"label-wrapper text-align-inherit\">\n<div class=\"pb-font-smoothing label label-bar label-with-background class_9324248\" data-pb-field=\"custom.label\" data-pb-placeholder=\"Label\">TELESHOW<\/div>\n<\/div>\n<\/div>\n<\/div>\n<\/div>\n<div id=\"f05JV9PVv3mQyq\" class=\"wrapper clearfix col-lg-3 col-md-3 col-xs-12 col-sm-3 pb-feature pb-layout-item pb-f-homepage-story-feed left-align\">\n<div class=\"border-bottom-hairline flex-feature-wrapper\">\n<div class=\"no-skin flex-item flex-stack text-align-left equalize-height-target\">\n<div class=\"headline small normal-style \"><a href=\"https:\/\/www.infobae.com\/teleshow\/infoshow\/2017\/10\/23\/no-apto-para-cardiacos-el-infartante-topless-de-sol-perez\/\" data-pb-field=\"headline\" data-pb-url-field=\"canonical_url\" data-pb-placeholder=\"Write headline here\">No apto para card\u00edacos: el infartante topless de Sol P\u00e9rez<\/a><\/div>\n<div class=\"art art-low art-small art-full-width text-align-left no-art-separator\">\n<div id=\"flex_8589\" class=\"lazy-wrapper photo-wrapper\"><a href=\"https:\/\/www.infobae.com\/teleshow\/infoshow\/2017\/10\/23\/no-apto-para-cardiacos-el-infartante-topless-de-sol-perez\/\"><img decoding=\"async\" class=\"image-lazy lazy-placeholder\" src=\"data:image\/png;base64,iVBORw0KGgoAAAANSUhEUgAAAAEAAAABCAYAAAAfFcSJAAAAAXNSR0IArs4c6QAAAARnQU1BAACxjwv8YQUAAAAJcEhZcwAADsQAAA7EAZUrDhsAAAANSURBVBhXYzh8+PB\/AAffA0nNPuCLAAAAAElFTkSuQmCC\" data-original=\"https:\/\/www.infobae.com\/new-resizer\/7a0HeA78YIFpAQlnuKTRYhv9ChE=\/999x561\/filters:quality(100)\/s3.amazonaws.com\/arc-wordpress-client-uploads\/infobae-wp\/wp-content\/uploads\/2017\/10\/23072007\/SOLPEREZ_PORTADA.jpg\" \/><\/a><\/div>\n<div class=\"clear\"><\/div>\n<\/div>\n<\/div>\n<\/div>\n<\/div>\n<div id=\"fnDiTn1Vv3mQyq\" class=\"wrapper clearfix col-lg-3 col-md-3 col-xs-12 col-sm-3 pb-feature pb-layout-item pb-f-homepage-story-feed center-align\">\n<div class=\"border-bottom-hairline flex-feature-wrapper\">\n<div class=\"no-skin flex-item flex-stack text-align-left equalize-height-target\">\n<div class=\"headline small normal-style \"><a href=\"https:\/\/www.infobae.com\/teleshow\/infoshow\/2017\/10\/23\/el-cumpleanos-66-de-charly-garcia-la-leyenda-viviente-de-la-musica-argentina\/\" data-pb-field=\"headline\" data-pb-url-field=\"canonical_url\" data-pb-placeholder=\"Write headline here\">El cumplea\u00f1os 66 de Charly Garc\u00eda, la leyenda viviente de la m\u00fasica argentina<\/a><\/div>\n<div class=\"art art-low art-small art-full-width text-align-left no-art-separator\">\n<div id=\"flex_5600\" class=\"lazy-wrapper photo-wrapper\"><a href=\"https:\/\/www.infobae.com\/teleshow\/infoshow\/2017\/10\/23\/el-cumpleanos-66-de-charly-garcia-la-leyenda-viviente-de-la-musica-argentina\/\"><img decoding=\"async\" class=\"image-lazy lazy-placeholder\" src=\"data:image\/png;base64,iVBORw0KGgoAAAANSUhEUgAAAAEAAAABCAYAAAAfFcSJAAAAAXNSR0IArs4c6QAAAARnQU1BAACxjwv8YQUAAAAJcEhZcwAADsQAAA7EAZUrDhsAAAANSURBVBhXYzh8+PB\/AAffA0nNPuCLAAAAAElFTkSuQmCC\" data-original=\"https:\/\/www.infobae.com\/new-resizer\/cRJ5CWg57NV4f-zzxeC-CQzG4JM=\/999x561\/filters:quality(100)\/s3.amazonaws.com\/arc-wordpress-client-uploads\/infobae-wp\/wp-content\/uploads\/2017\/08\/18103257\/charly-garcia-seru-giran-SF-3.jpg\" \/><\/a><\/div>\n<div class=\"clear\"><\/div>\n<\/div>\n<\/div>\n<\/div>\n<\/div>\n<div id=\"fTMKaJ1Vv3mQyq\" class=\"wrapper clearfix col-lg-3 col-md-3 col-xs-12 col-sm-3 pb-feature pb-layout-item pb-f-homepage-story-feed center-align\">\n<div class=\"border-bottom-hairline flex-feature-wrapper\">\n<div class=\"no-skin flex-item flex-stack text-align-left equalize-height-target\">\n<div class=\"headline small normal-style \"><a href=\"https:\/\/www.infobae.com\/teleshow\/infoshow\/2017\/10\/23\/flor-otero-la-tercera-en-discordia-en-las-estrellas-cuando-empece-en-tele-tuve-problemas-de-alimentacion-me-decian-que-tenia-que-ser-flaca\/\" data-pb-field=\"headline\" data-pb-url-field=\"canonical_url\" data-pb-placeholder=\"Write headline here\">Flor Otero, la tercera en discordia en &#8220;Las Estrellas&#8221;: &#8220;Cuando empec\u00e9 en tele tuve problemas de alimentaci\u00f3n, me dec\u00edan que ten\u00eda que ser flaca&#8221;<\/a><\/div>\n<div class=\"art art-low art-small art-full-width text-align-left no-art-separator\">\n<div id=\"flex_5516\" class=\"lazy-wrapper photo-wrapper\"><a href=\"https:\/\/www.infobae.com\/teleshow\/infoshow\/2017\/10\/23\/flor-otero-la-tercera-en-discordia-en-las-estrellas-cuando-empece-en-tele-tuve-problemas-de-alimentacion-me-decian-que-tenia-que-ser-flaca\/\"><img decoding=\"async\" class=\"image-lazy lazy-placeholder\" src=\"data:image\/png;base64,iVBORw0KGgoAAAANSUhEUgAAAAEAAAABCAYAAAAfFcSJAAAAAXNSR0IArs4c6QAAAARnQU1BAACxjwv8YQUAAAAJcEhZcwAADsQAAA7EAZUrDhsAAAANSURBVBhXYzh8+PB\/AAffA0nNPuCLAAAAAElFTkSuQmCC\" data-original=\"https:\/\/www.infobae.com\/new-resizer\/xp71fc1bUZBzzPQrHfwVm3DPuCY=\/999x561\/filters:quality(100)\/s3.amazonaws.com\/arc-wordpress-client-uploads\/infobae-wp\/wp-content\/uploads\/2017\/10\/17152834\/Flor-Otero-portada.jpg\" \/><\/a><\/div>\n<div class=\"clear\"><\/div>\n<\/div>\n<\/div>\n<\/div>\n<\/div>\n<div id=\"f0lDTC3Vv3mQyq\" class=\"wrapper clearfix col-lg-3 col-md-3 col-xs-12 col-sm-3 pb-feature pb-layout-item pb-f-homepage-story-feed right-align\">\n<div class=\"border-bottom-hairline flex-feature-wrapper\">\n<div class=\"no-skin flex-item flex-stack text-align-left equalize-height-target\">\n<div class=\"headline small normal-style \"><a href=\"https:\/\/www.infobae.com\/teleshow\/infoshow\/2017\/10\/23\/geronimo-rauch-el-ex-mambru-que-hace-diez-anos-dejo-argentina-para-triunfar-en-europa\/\" data-pb-field=\"headline\" data-pb-url-field=\"canonical_url\" data-pb-placeholder=\"Write headline here\">Ger\u00f3nimo Rauch, el ex &#8220;Mambr\u00fa&#8221; que hace diez a\u00f1os dej\u00f3 Argentina para triunfar en Europa<\/a><\/div>\n<div class=\"art art-low art-small art-full-width text-align-left no-art-separator\">\n<div id=\"flex_8220\" class=\"lazy-wrapper photo-wrapper\"><a href=\"https:\/\/www.infobae.com\/teleshow\/infoshow\/2017\/10\/23\/geronimo-rauch-el-ex-mambru-que-hace-diez-anos-dejo-argentina-para-triunfar-en-europa\/\"><img decoding=\"async\" class=\"image-lazy lazy-placeholder\" src=\"data:image\/png;base64,iVBORw0KGgoAAAANSUhEUgAAAAEAAAABCAYAAAAfFcSJAAAAAXNSR0IArs4c6QAAAARnQU1BAACxjwv8YQUAAAAJcEhZcwAADsQAAA7EAZUrDhsAAAANSURBVBhXYzh8+PB\/AAffA0nNPuCLAAAAAElFTkSuQmCC\" data-original=\"https:\/\/www.infobae.com\/new-resizer\/XmUnE4W0dQIE9xzeWtCpr2_UoQc=\/999x561\/filters:quality(100)\/s3.amazonaws.com\/arc-wordpress-client-uploads\/infobae-wp\/wp-content\/uploads\/2017\/10\/20153654\/Geronimo-Rauch-portada.jpg\" \/><\/a><\/div>\n<div class=\"clear\"><\/div>\n<\/div>\n<\/div>\n<\/div>\n<\/div>\n<div class=\"clear\"><\/div>\n<\/div>\n<div class=\"clear\"><\/div>\n<\/div>\n<div class=\"pb-container\">\n<div id=\"cgjG4L1Vv3mQyq\" class=\"standard-chain in-chain border-bottom-none pb-layout-item pb-chain pb-c-standard-chain col-lg-12 col-md-12 col-sm-12 col-xs-12\">\n<div class=\"chain-content no-skin\">\n<div id=\"f0R5dFLVv3mQyq\" class=\"wrapper clearfix full pb-feature pb-layout-item pb-f-homepage-story no-align\">\n<div class=\"border-bottom-kinda-tight\">\n<div class=\"no-skin flex-item flex-stack text-align-left equalize-height-target\">\n<div class=\"label-wrapper text-align-center\">\n<div class=\"pb-font-smoothing label label-bar label-with-background class_7887351\" data-pb-field=\"custom.label\" data-pb-placeholder=\"Label\">DEPORTES<\/div>\n<\/div>\n<\/div>\n<\/div>\n<\/div>\n<div id=\"fX7Oze2Vv3mQyq\" class=\"wrapper clearfix col-lg-3 col-md-3 col-xs-12 col-sm-3 pb-feature pb-layout-item pb-f-homepage-story-feed left-align\">\n<div class=\"border-bottom-hairline flex-feature-wrapper\">\n<div class=\"no-skin flex-item flex-stack text-align-left equalize-height-target\">\n<div class=\"headline x-small normal-style \"><a href=\"https:\/\/www.infobae.com\/america\/deportes\/2017\/10\/23\/una-ex-futbolista-sueca-revelo-haber-sido-victima-de-acoso-sexual-por-parte-de-jugadores-muy-conocidos\/\" data-pb-field=\"headline\" data-pb-url-field=\"canonical_url\" data-pb-placeholder=\"Write headline here\">Una ex futbolista sueca revel\u00f3 haber sido v\u00edctima de acoso sexual por parte de jugadores &#8220;muy conocidos&#8221;<\/a><\/div>\n<div class=\"art art-low art-small art-full-width text-align-left no-art-separator\">\n<div id=\"flex_7849\" class=\"lazy-wrapper photo-wrapper\"><a href=\"https:\/\/www.infobae.com\/america\/deportes\/2017\/10\/23\/una-ex-futbolista-sueca-revelo-haber-sido-victima-de-acoso-sexual-por-parte-de-jugadores-muy-conocidos\/\"><img decoding=\"async\" class=\"image-lazy lazy-placeholder\" src=\"data:image\/png;base64,iVBORw0KGgoAAAANSUhEUgAAAAEAAAABCAYAAAAfFcSJAAAAAXNSR0IArs4c6QAAAARnQU1BAACxjwv8YQUAAAAJcEhZcwAADsQAAA7EAZUrDhsAAAANSURBVBhXYzh8+PB\/AAffA0nNPuCLAAAAAElFTkSuQmCC\" data-original=\"https:\/\/www.infobae.com\/new-resizer\/89qSbxR5LQp5o9FdVspMpyH_wrA=\/999x561\/filters:quality(100)\/s3.amazonaws.com\/arc-wordpress-client-uploads\/infobae-wp\/wp-content\/uploads\/2017\/10\/23080025\/GUNILLA-AXEN-SUECIA-1920-1.jpg\" \/><\/a><\/div>\n<div class=\"clear\"><\/div>\n<\/div>\n<\/div>\n<\/div>\n<\/div>\n<div id=\"f2kDpm1Vv3mQyq\" class=\"wrapper clearfix col-lg-3 col-md-3 col-xs-12 col-sm-3 pb-feature pb-layout-item pb-f-homepage-story-feed center-align\">\n<div class=\"border-bottom-hairline flex-feature-wrapper\">\n<div class=\"no-skin flex-item flex-stack text-align-left equalize-height-target\">\n<div class=\"headline x-small normal-style \"><a href=\"https:\/\/www.infobae.com\/deportes-2\/2017\/10\/23\/entre-autografos-y-fotos-asi-fue-el-domingo-electoral-de-jorge-sampaoli-en-casilda\/\" data-pb-field=\"headline\" data-pb-url-field=\"canonical_url\" data-pb-placeholder=\"Write headline here\">Entre aut\u00f3grafos y fotos: as\u00ed fue el domingo electoral de Jorge Sampaoli en Casilda<\/a><\/div>\n<div class=\"art art-low art-small art-full-width text-align-left no-art-separator\">\n<div id=\"flex_5069\" class=\"lazy-wrapper photo-wrapper\"><a href=\"https:\/\/www.infobae.com\/deportes-2\/2017\/10\/23\/entre-autografos-y-fotos-asi-fue-el-domingo-electoral-de-jorge-sampaoli-en-casilda\/\"><img decoding=\"async\" class=\"image-lazy lazy-placeholder\" src=\"data:image\/png;base64,iVBORw0KGgoAAAANSUhEUgAAAAEAAAABCAYAAAAfFcSJAAAAAXNSR0IArs4c6QAAAARnQU1BAACxjwv8YQUAAAAJcEhZcwAADsQAAA7EAZUrDhsAAAANSURBVBhXYzh8+PB\/AAffA0nNPuCLAAAAAElFTkSuQmCC\" data-original=\"https:\/\/www.infobae.com\/new-resizer\/cC8_8MNp2LngaaJ1YuOeWD74Gu0=\/999x561\/filters:quality(100)\/s3.amazonaws.com\/arc-wordpress-client-uploads\/infobae-wp\/wp-content\/uploads\/2017\/10\/23075309\/Legislativas-2017-Jorge-Sampaoli-vota-1920.jpg\" \/><\/a><\/div>\n<div class=\"clear\"><\/div>\n<\/div>\n<\/div>\n<\/div>\n<\/div>\n<div id=\"fU9ihv1Vv3mQyq\" class=\"wrapper clearfix col-lg-3 col-md-3 col-xs-12 col-sm-3 pb-feature pb-layout-item pb-f-homepage-story-feed center-align\">\n<div class=\"border-bottom-hairline flex-feature-wrapper\">\n<div class=\"no-skin flex-item flex-stack text-align-left equalize-height-target\">\n<div class=\"headline x-small normal-style \"><a href=\"https:\/\/www.infobae.com\/america\/deportes\/2017\/10\/23\/19-punetazos-en-11-segundos-impresionante-rafaga-de-golpes-en-la-cabeza-en-el-ufc\/\" data-pb-field=\"headline\" data-pb-url-field=\"canonical_url\" data-pb-placeholder=\"Write headline here\">19 pu\u00f1etazos en 11 segundos: impresionante r\u00e1faga de golpes en la cabeza de un luchador de UFC<\/a><\/div>\n<div class=\"art art-low art-small art-full-width text-align-left no-art-separator\">\n<div id=\"flex_5352\" class=\"lazy-wrapper photo-wrapper\"><a href=\"https:\/\/www.infobae.com\/america\/deportes\/2017\/10\/23\/19-punetazos-en-11-segundos-impresionante-rafaga-de-golpes-en-la-cabeza-en-el-ufc\/\"><img decoding=\"async\" class=\"image-lazy lazy-placeholder\" src=\"data:image\/png;base64,iVBORw0KGgoAAAANSUhEUgAAAAEAAAABCAYAAAAfFcSJAAAAAXNSR0IArs4c6QAAAARnQU1BAACxjwv8YQUAAAAJcEhZcwAADsQAAA7EAZUrDhsAAAANSURBVBhXYzh8+PB\/AAffA0nNPuCLAAAAAElFTkSuQmCC\" data-original=\"https:\/\/www.infobae.com\/new-resizer\/ezOr1JwVVptXvVjS_MfD6bxdNTY=\/999x561\/filters:quality(100)\/s3.amazonaws.com\/arc-wordpress-client-uploads\/infobae-wp\/wp-content\/uploads\/2017\/10\/23071819\/El-tremendo-nocaut-de-Briam-Kelleher_2.jpg\" \/><\/a><\/div>\n<div class=\"clear\"><\/div>\n<\/div>\n<\/div>\n<\/div>\n<\/div>\n<div id=\"fWIbzL1Vv3mQyq\" class=\"wrapper clearfix col-lg-3 col-md-3 col-xs-12 col-sm-3 pb-feature pb-layout-item pb-f-homepage-story-feed right-align\">\n<div class=\"border-bottom-hairline flex-feature-wrapper\">\n<div class=\"no-skin flex-item flex-stack text-align-left equalize-height-target\">\n<div class=\"headline x-small normal-style \"><a href=\"https:\/\/www.infobae.com\/deportes-2\/2017\/10\/23\/copa-argentina-2017-olimpo-vs-deportivo-moron\/\" data-pb-field=\"headline\" data-pb-url-field=\"canonical_url\" data-pb-placeholder=\"Write headline here\">Olimpo y Mor\u00f3n definir\u00e1n el rival de River en semi de Copa Argentina<\/a><\/div>\n<div class=\"art art-low art-small art-full-width text-align-left no-art-separator\">\n<div id=\"flex_1024\" class=\"lazy-wrapper photo-wrapper\"><a href=\"https:\/\/www.infobae.com\/deportes-2\/2017\/10\/23\/copa-argentina-2017-olimpo-vs-deportivo-moron\/\"><img decoding=\"async\" class=\"image-lazy lazy-placeholder\" src=\"data:image\/png;base64,iVBORw0KGgoAAAANSUhEUgAAAAEAAAABCAYAAAAfFcSJAAAAAXNSR0IArs4c6QAAAARnQU1BAACxjwv8YQUAAAAJcEhZcwAADsQAAA7EAZUrDhsAAAANSURBVBhXYzh8+PB\/AAffA0nNPuCLAAAAAElFTkSuQmCC\" data-original=\"https:\/\/www.infobae.com\/new-resizer\/rFDVjS5Bne9G5OzldVng205u5Jk=\/999x561\/filters:quality(100)\/s3.amazonaws.com\/arc-wordpress-client-uploads\/infobae-wp\/wp-content\/uploads\/2017\/09\/01171409\/racing-olimpo-19201.jpg\" \/><\/a><\/div>\n<div class=\"clear\"><\/div>\n<\/div>\n<\/div>\n<\/div>\n<\/div>\n<div class=\"clear\"><\/div>\n<\/div>\n<div class=\"clear\"><\/div>\n<\/div>\n<\/div>\n<div id=\"f0HJu93Vv3mQyq\" class=\"wrapper clearfix full pb-feature pb-layout-item pb-f-ads-dfp\">\n<div id=\"exp-push-3-970x250\" class=\"pb-ad-container pb-ad pb-ad-prod ad-970X90 hide-mobile\" data-slot-name=\"exp-push-3-970x250\" data-mobile-display=\"false\" data-desktop-display=\"true\">\n<div id=\"google_ads_iframe_\/1058609\/infobae\/politica\/nota\/exp_push_3_970x250_0__container__\"><iframe id=\"google_ads_iframe_\/1058609\/infobae\/politica\/nota\/exp_push_3_970x250_0\" title=\"3rd party ad content\" name=\"google_ads_iframe_\/1058609\/infobae\/politica\/nota\/exp_push_3_970x250_0\" width=\"970\" height=\"250\" frameborder=\"0\" marginwidth=\"0\" marginheight=\"0\" scrolling=\"no\" data-mce-fragment=\"1\"><\/iframe><\/div>\n<\/div>\n<div class=\"border-bottom-none hide-mobile\"><\/div>\n<\/div>\n<div id=\"clu7zb2Vv3mQyq\" class=\"standard-chain in-chain border-bottom-none pb-layout-item pb-chain pb-c-standard-chain full right-align\">\n<div class=\"chain-content no-skin\">\n<div id=\"f0dFiuuVv3mQyq\" class=\"wrapper clearfix full pb-feature pb-layout-item pb-f-homepage-story no-align\">\n<div class=\"border-bottom-kinda-tight\">\n<div class=\"no-skin flex-item flex-stack text-align-left equalize-height-target\">\n<div class=\"label-wrapper text-align-inherit\">\n<div class=\"pb-font-smoothing label label-bar label-with-background class_6389665\" data-pb-field=\"custom.label\" data-pb-placeholder=\"Label\"><img decoding=\"async\" src=\"https:\/\/s3.amazonaws.com\/arc-wordpress-client-uploads\/infobae-wp\/wp-content\/uploads\/2017\/10\/02173813\/gente-25.png\" \/><\/div>\n<\/div>\n<\/div>\n<\/div>\n<\/div>\n<div id=\"f04DaaMVv3mQyq\" class=\"wrapper clearfix col-lg-3 col-md-3 col-xs-12 col-sm-3 pb-feature pb-layout-item pb-f-homepage-story-feed left-align\">\n<div class=\"border-bottom-hairline flex-feature-wrapper\">\n<div class=\"no-skin flex-item flex-stack text-align-left equalize-height-target\">\n<div class=\"headline small normal-style \"><a href=\"https:\/\/www.infobae.com\/gente\/personajes\/2017\/10\/22\/ivana-nadal-no-creo-en-la-monogamia-ni-en-la-fidelidad\/\" data-pb-field=\"headline\" data-pb-url-field=\"canonical_url\" data-pb-placeholder=\"Write headline here\">Ivana Nadal: \u201cNo creo en la monogamia ni en la fidelidad\u201d<\/a><\/div>\n<div class=\"art art-low art-small art-full-width text-align-left no-art-separator\">\n<div id=\"flex_6355\" class=\"lazy-wrapper photo-wrapper\"><a href=\"https:\/\/www.infobae.com\/gente\/personajes\/2017\/10\/22\/ivana-nadal-no-creo-en-la-monogamia-ni-en-la-fidelidad\/\"><img decoding=\"async\" class=\"image-lazy lazy-placeholder\" src=\"data:image\/png;base64,iVBORw0KGgoAAAANSUhEUgAAAAEAAAABCAYAAAAfFcSJAAAAAXNSR0IArs4c6QAAAARnQU1BAACxjwv8YQUAAAAJcEhZcwAADsQAAA7EAZUrDhsAAAANSURBVBhXYzh8+PB\/AAffA0nNPuCLAAAAAElFTkSuQmCC\" data-original=\"https:\/\/www.infobae.com\/new-resizer\/2xTOe5XmL2N-Ot_-cOu1t9up9hQ=\/999x561\/filters:quality(100)\/s3.amazonaws.com\/arc-wordpress-client-uploads\/infobae-wp\/wp-content\/uploads\/2017\/10\/20125026\/GENTE-NadalApertura-191017.jpg\" \/><\/a><\/div>\n<div class=\"clear\"><\/div>\n<\/div>\n<\/div>\n<\/div>\n<\/div>\n<div id=\"fBNAjd1Vv3mQyq\" class=\"wrapper clearfix col-lg-3 col-md-3 col-xs-12 col-sm-3 pb-feature pb-layout-item pb-f-homepage-story-feed center-align\">\n<div class=\"border-bottom-hairline flex-feature-wrapper\">\n<div class=\"no-skin flex-item flex-stack text-align-left equalize-height-target\">\n<div class=\"headline small normal-style \"><a href=\"https:\/\/www.infobae.com\/gente\/personajes\/2017\/10\/22\/jime-buttigliengo-debuta-como-mama-con-mellizos\/\" data-pb-field=\"headline\" data-pb-url-field=\"canonical_url\" data-pb-placeholder=\"Write headline here\">Jime Buttigliengo debuta como mam\u00e1 \u00a1con mellizos!<\/a><\/div>\n<div class=\"art art-low art-small art-full-width text-align-left no-art-separator\">\n<div id=\"flex_1512\" class=\"lazy-wrapper photo-wrapper\"><a href=\"https:\/\/www.infobae.com\/gente\/personajes\/2017\/10\/22\/jime-buttigliengo-debuta-como-mama-con-mellizos\/\"><img decoding=\"async\" class=\"image-lazy lazy-placeholder\" src=\"data:image\/png;base64,iVBORw0KGgoAAAANSUhEUgAAAAEAAAABCAYAAAAfFcSJAAAAAXNSR0IArs4c6QAAAARnQU1BAACxjwv8YQUAAAAJcEhZcwAADsQAAA7EAZUrDhsAAAANSURBVBhXYzh8+PB\/AAffA0nNPuCLAAAAAElFTkSuQmCC\" data-original=\"https:\/\/www.infobae.com\/new-resizer\/7JZZxAbsifA_X-n7XKUx3XByis8=\/999x561\/filters:quality(100)\/s3.amazonaws.com\/arc-wordpress-client-uploads\/infobae-wp\/wp-content\/uploads\/2017\/10\/17164030\/GENTE-BUTIGLIENGOApertura-171017.jpg\" \/><\/a><\/div>\n<div class=\"clear\"><\/div>\n<\/div>\n<\/div>\n<\/div>\n<\/div>\n<div id=\"fOo0W51Vv3mQyq\" class=\"wrapper clearfix col-lg-3 col-md-3 col-xs-12 col-sm-3 pb-feature pb-layout-item pb-f-homepage-story-feed center-align\">\n<div class=\"border-bottom-hairline flex-feature-wrapper\">\n<div class=\"no-skin flex-item flex-stack text-align-left equalize-height-target\">\n<div class=\"headline small normal-style \"><a href=\"https:\/\/www.infobae.com\/gente\/personajes\/2017\/10\/22\/la-biografia-de-alfredo-alcon-a-traves-de-la-mirada-de-su-mejor-amigo\/\" data-pb-field=\"headline\" data-pb-url-field=\"canonical_url\" data-pb-placeholder=\"Write headline here\">La biograf\u00eda de Alfredo Alc\u00f3n a trav\u00e9s de la mirada de su mejor amigo<\/a><\/div>\n<div class=\"art art-low art-small art-full-width text-align-left no-art-separator\">\n<div id=\"flex_32\" class=\"lazy-wrapper photo-wrapper\"><a href=\"https:\/\/www.infobae.com\/gente\/personajes\/2017\/10\/22\/la-biografia-de-alfredo-alcon-a-traves-de-la-mirada-de-su-mejor-amigo\/\"><img decoding=\"async\" class=\"image-lazy lazy-placeholder\" src=\"data:image\/png;base64,iVBORw0KGgoAAAANSUhEUgAAAAEAAAABCAYAAAAfFcSJAAAAAXNSR0IArs4c6QAAAARnQU1BAACxjwv8YQUAAAAJcEhZcwAADsQAAA7EAZUrDhsAAAANSURBVBhXYzh8+PB\/AAffA0nNPuCLAAAAAElFTkSuQmCC\" data-original=\"https:\/\/www.infobae.com\/new-resizer\/T1Gs3Nhw_RAWBlC--115t4w0pZQ=\/999x561\/filters:quality(100)\/s3.amazonaws.com\/arc-wordpress-client-uploads\/infobae-wp\/wp-content\/uploads\/2017\/10\/17163957\/Gente-Alcon-171017-portada.jpg\" \/><\/a><\/div>\n<div class=\"clear\"><\/div>\n<\/div>\n<\/div>\n<\/div>\n<\/div>\n<div id=\"f0p9em4Vv3mQyq\" class=\"wrapper clearfix col-lg-3 col-md-3 col-xs-12 col-sm-3 pb-feature pb-layout-item pb-f-homepage-story-feed right-align\">\n<div class=\"border-bottom-hairline flex-feature-wrapper\">\n<div class=\"no-skin flex-item flex-stack text-align-left equalize-height-target\">\n<div class=\"headline small normal-style \"><a href=\"https:\/\/www.infobae.com\/gente\/notas-de-tapa\/2017\/10\/18\/asi-esta-hoy-nicolas-pachelo-el-nuevo-sospechoso-del-crimen-de-maria-marta-garcia-belsunce-2\/\" data-pb-field=\"headline\" data-pb-url-field=\"canonical_url\" data-pb-placeholder=\"Write headline here\">Nicol\u00e1s Pachelo hoy: el &#8220;nuevo&#8221; sospechoso del crimen de Mar\u00eda Marta Garc\u00eda Belsunce<\/a><\/div>\n<div class=\"art art-low art-small art-full-width text-align-left no-art-separator\">\n<div id=\"flex_3701\" class=\"lazy-wrapper photo-wrapper\"><a href=\"https:\/\/www.infobae.com\/gente\/notas-de-tapa\/2017\/10\/18\/asi-esta-hoy-nicolas-pachelo-el-nuevo-sospechoso-del-crimen-de-maria-marta-garcia-belsunce-2\/\"><img decoding=\"async\" class=\"image-lazy lazy-placeholder\" src=\"data:image\/png;base64,iVBORw0KGgoAAAANSUhEUgAAAAEAAAABCAYAAAAfFcSJAAAAAXNSR0IArs4c6QAAAARnQU1BAACxjwv8YQUAAAAJcEhZcwAADsQAAA7EAZUrDhsAAAANSURBVBhXYzh8+PB\/AAffA0nNPuCLAAAAAElFTkSuQmCC\" data-original=\"https:\/\/www.infobae.com\/new-resizer\/IC1a7Rk1TkPoJZ417N5Di1xSkpM=\/999x561\/filters:quality(100)\/s3.amazonaws.com\/arc-wordpress-client-uploads\/infobae-wp\/wp-content\/uploads\/2017\/10\/18020132\/GENTE-PACHELO14-171017.jpg\" \/><\/a><\/div>\n<div class=\"clear\"><\/div>\n<\/div>\n<\/div>\n<\/div>\n<\/div>\n<div class=\"clear\"><\/div>\n<\/div>\n<div class=\"clear\"><\/div>\n<\/div>\n<div id=\"cYQI6c1Vv3mQyq\" class=\"standard-chain in-chain border-bottom-none pb-layout-item pb-chain pb-c-standard-chain full right-align\">\n<div class=\"chain-content no-skin\">\n<div id=\"fg8kTj2Vv3mQyq\" class=\"wrapper clearfix full pb-feature pb-layout-item pb-f-homepage-story no-align\">\n<div class=\"border-bottom-kinda-tight\">\n<div class=\"no-skin flex-item flex-stack text-align-center equalize-height-target\">\n<div class=\"label-wrapper text-align-center\">\n<div class=\"pb-font-smoothing label label-bar label-with-background class_9381133\" data-pb-field=\"custom.label\" data-pb-placeholder=\"Label\">SALUD<\/div>\n<\/div>\n<\/div>\n<\/div>\n<\/div>\n<div id=\"f0aAScYVv3mQyq\" class=\"wrapper clearfix col-lg-3 col-md-3 col-xs-12 col-sm-3 pb-feature pb-layout-item pb-f-homepage-story-feed left-align\">\n<div class=\"border-bottom-hairline flex-feature-wrapper\">\n<div class=\"no-skin flex-item flex-stack text-align-left equalize-height-target\">\n<div class=\"headline x-small normal-style \"><a href=\"https:\/\/www.infobae.com\/salud\/2017\/10\/23\/reconstruccion-mamaria-una-ayuda-y-un-derecho-obligatorio-tras-el-cancer-de-mama\/\" data-pb-field=\"headline\" data-pb-url-field=\"canonical_url\" data-pb-placeholder=\"Write headline here\">Reconstrucci\u00f3n mamaria: una ayuda y un derecho obligatorio tras el c\u00e1ncer de mama<\/a><\/div>\n<div class=\"art art-low art-small art-full-width text-align-left no-art-separator\">\n<div id=\"flex_9322\" class=\"lazy-wrapper photo-wrapper\"><a href=\"https:\/\/www.infobae.com\/salud\/2017\/10\/23\/reconstruccion-mamaria-una-ayuda-y-un-derecho-obligatorio-tras-el-cancer-de-mama\/\"><img decoding=\"async\" class=\"image-lazy lazy-placeholder\" src=\"data:image\/png;base64,iVBORw0KGgoAAAANSUhEUgAAAAEAAAABCAYAAAAfFcSJAAAAAXNSR0IArs4c6QAAAARnQU1BAACxjwv8YQUAAAAJcEhZcwAADsQAAA7EAZUrDhsAAAANSURBVBhXYzh8+PB\/AAffA0nNPuCLAAAAAElFTkSuQmCC\" data-original=\"https:\/\/www.infobae.com\/new-resizer\/_ifwqdKQHI6P3-CIUZUMYlKN_80=\/999x561\/filters:quality(100)\/s3.amazonaws.com\/arc-wordpress-client-uploads\/infobae-wp\/wp-content\/uploads\/2017\/10\/20180332\/cancer-mama.jpg\" \/><\/a><\/div>\n<div class=\"clear\"><\/div>\n<\/div>\n<\/div>\n<\/div>\n<\/div>\n<div id=\"f03wCu9Vv3mQyq\" class=\"wrapper clearfix col-lg-3 col-md-3 col-xs-12 col-sm-3 pb-feature pb-layout-item pb-f-homepage-story-feed center-align\">\n<div class=\"border-bottom-hairline flex-feature-wrapper\">\n<div class=\"no-skin flex-item flex-stack text-align-left equalize-height-target\">\n<div class=\"headline x-small normal-style \"><a href=\"https:\/\/www.infobae.com\/salud\/fitness\/2017\/10\/22\/bajo-32-kilos-y-revelo-los-5-trucos-de-su-increible-transformacion\/\" data-pb-field=\"headline\" data-pb-url-field=\"canonical_url\" data-pb-placeholder=\"Write headline here\">Baj\u00f3 32 kilos y revel\u00f3 los 5 trucos de su incre\u00edble transformaci\u00f3n<\/a><\/div>\n<div class=\"art art-low art-small art-full-width text-align-left no-art-separator\">\n<div id=\"flex_509\" class=\"lazy-wrapper photo-wrapper\"><a href=\"https:\/\/www.infobae.com\/salud\/fitness\/2017\/10\/22\/bajo-32-kilos-y-revelo-los-5-trucos-de-su-increible-transformacion\/\"><img decoding=\"async\" class=\"image-lazy lazy-placeholder\" src=\"data:image\/png;base64,iVBORw0KGgoAAAANSUhEUgAAAAEAAAABCAYAAAAfFcSJAAAAAXNSR0IArs4c6QAAAARnQU1BAACxjwv8YQUAAAAJcEhZcwAADsQAAA7EAZUrDhsAAAANSURBVBhXYzh8+PB\/AAffA0nNPuCLAAAAAElFTkSuQmCC\" data-original=\"https:\/\/www.infobae.com\/new-resizer\/3Ebp-VzzsUME3fiAFDOrtjulhZ4=\/999x561\/filters:quality(100)\/s3.amazonaws.com\/arc-wordpress-client-uploads\/infobae-wp\/wp-content\/uploads\/2017\/10\/16164134\/Charlotte.jpg\" \/><\/a><\/div>\n<div class=\"clear\"><\/div>\n<\/div>\n<\/div>\n<\/div>\n<\/div>\n<div id=\"flxSCd1Vv3mQyq\" class=\"wrapper clearfix col-lg-3 col-md-3 col-xs-12 col-sm-3 pb-feature pb-layout-item pb-f-homepage-story-feed center-align\">\n<div class=\"border-bottom-hairline flex-feature-wrapper\">\n<div class=\"no-skin flex-item flex-stack text-align-left equalize-height-target\">\n<div class=\"headline x-small normal-style \"><a href=\"https:\/\/www.infobae.com\/salud\/2017\/10\/22\/mujer-antes-de-tiempo-la-nina-que-a-los-5-anos-enfrenta-la-menopausia\/\" data-pb-field=\"headline\" data-pb-url-field=\"canonical_url\" data-pb-placeholder=\"Write headline here\">Mujer antes de tiempo: la ni\u00f1a que a los 5 a\u00f1os enfrenta la menopausia<\/a><\/div>\n<div class=\"art art-low art-small art-full-width text-align-left no-art-separator\">\n<div id=\"flex_5506\" class=\"lazy-wrapper photo-wrapper\"><a href=\"https:\/\/www.infobae.com\/salud\/2017\/10\/22\/mujer-antes-de-tiempo-la-nina-que-a-los-5-anos-enfrenta-la-menopausia\/\"><img decoding=\"async\" class=\"image-lazy lazy-placeholder\" src=\"data:image\/png;base64,iVBORw0KGgoAAAANSUhEUgAAAAEAAAABCAYAAAAfFcSJAAAAAXNSR0IArs4c6QAAAARnQU1BAACxjwv8YQUAAAAJcEhZcwAADsQAAA7EAZUrDhsAAAANSURBVBhXYzh8+PB\/AAffA0nNPuCLAAAAAElFTkSuQmCC\" data-original=\"https:\/\/www.infobae.com\/new-resizer\/8xMuXv-l7W2EMsdNGDpMXFaATyc=\/999x561\/filters:quality(100)\/s3.amazonaws.com\/arc-wordpress-client-uploads\/infobae-wp\/wp-content\/uploads\/2017\/10\/11153516\/Emily3.jpg\" \/><\/a><\/div>\n<div class=\"clear\"><\/div>\n<\/div>\n<\/div>\n<\/div>\n<\/div>\n<div id=\"f0K2XaoVv3mQyq\" class=\"wrapper clearfix col-lg-3 col-md-3 col-xs-12 col-sm-3 pb-feature pb-layout-item pb-f-homepage-story-feed right-align\">\n<div class=\"border-bottom-hairline flex-feature-wrapper\">\n<div class=\"no-skin flex-item flex-stack text-align-left equalize-height-target\">\n<div class=\"headline x-small normal-style \"><a href=\"https:\/\/www.infobae.com\/salud\/2017\/10\/21\/el-tiempo-de-la-genomica-que-hacer-con-los-hallazgos-geneticos-secundarios\/\" data-pb-field=\"headline\" data-pb-url-field=\"canonical_url\" data-pb-placeholder=\"Write headline here\">El tiempo de la gen\u00f3mica: qu\u00e9 hacer con los hallazgos gen\u00e9ticos secundarios<\/a><\/div>\n<div class=\"art art-low art-small art-full-width text-align-left no-art-separator\">\n<div id=\"flex_191\" class=\"lazy-wrapper photo-wrapper\"><a href=\"https:\/\/www.infobae.com\/salud\/2017\/10\/21\/el-tiempo-de-la-genomica-que-hacer-con-los-hallazgos-geneticos-secundarios\/\"><img decoding=\"async\" class=\"image-lazy lazy-placeholder\" src=\"data:image\/png;base64,iVBORw0KGgoAAAANSUhEUgAAAAEAAAABCAYAAAAfFcSJAAAAAXNSR0IArs4c6QAAAARnQU1BAACxjwv8YQUAAAAJcEhZcwAADsQAAA7EAZUrDhsAAAANSURBVBhXYzh8+PB\/AAffA0nNPuCLAAAAAElFTkSuQmCC\" data-original=\"https:\/\/www.infobae.com\/new-resizer\/gUjt8oEv65kcQrp1Nyf7JHJUvAI=\/999x561\/filters:quality(100)\/s3.amazonaws.com\/arc-wordpress-client-uploads\/infobae-wp\/wp-content\/uploads\/2016\/08\/23201109\/shutterstock_344028017.jpg\" \/><\/a><\/div>\n<div class=\"clear\"><\/div>\n<\/div>\n<\/div>\n<\/div>\n<\/div>\n<div class=\"clear\"><\/div>\n<\/div>\n<div class=\"clear\"><\/div>\n<\/div>\n<div id=\"fIbPQd2Vv3mQyq\" class=\"wrapper clearfix full pb-feature pb-layout-item pb-f-global-single-line\"><\/div>\n<div id=\"f0GGahoVv3mQyq\" class=\"wrapper clearfix full pb-feature pb-layout-item pb-f-homepage-story\">\n<div class=\"border-bottom-kinda-tight\">\n<div class=\"no-skin flex-item flex-stack text-align-left equalize-height-target\">\n<div class=\"label-wrapper text-align-inherit\">\n<div class=\"pb-font-smoothing label label-bar label-with-background class_1701574\" data-pb-field=\"custom.label\" data-pb-placeholder=\"Label\">FOTOS AL 100<\/div>\n<\/div>\n<\/div>\n<\/div>\n<\/div>\n<div class=\"pb-container\">\n<div id=\"cEWOx11Vv3mQyq\" class=\"standard-chain in-chain border-bottom-none pb-layout-item pb-chain pb-c-standard-chain col-lg-12 col-md-12 col-sm-12 col-xs-12\">\n<div class=\"chain-content no-skin\">\n<div id=\"fwvzT42Vv3mQyq\" class=\"wrapper clearfix col-lg-4 col-xs-12 col-md-4 pb-feature pb-layout-item pb-f-homepage-story-feed col-sm-4 left-align\">\n<div class=\"border-bottom-tight flex-feature-wrapper\">\n<div class=\"skin skin-card flex-item flex-stack text-align-left equalize-height-target\">\n<div class=\"headline small normal-style \"><a href=\"https:\/\/www.infobae.com\/vidriera\/2017\/10\/23\/la-3-edicion-de-manos-de-mujer-el-dialogo-como-fuerza-saber-cura\/\" data-pb-field=\"headline\" data-pb-url-field=\"canonical_url\" data-pb-placeholder=\"Write headline here\">La 3\u00b0 edici\u00f3n de Manos de Mujer: el di\u00e1logo como fuerza, saber cura<\/a><\/div>\n<div class=\"art art-low art-small art-full-width text-align-left no-art-separator\">\n<div id=\"flex_535\" class=\"lazy-wrapper photo-wrapper\"><a href=\"https:\/\/www.infobae.com\/vidriera\/2017\/10\/23\/la-3-edicion-de-manos-de-mujer-el-dialogo-como-fuerza-saber-cura\/\"><img decoding=\"async\" class=\"image-lazy lazy-placeholder\" src=\"data:image\/png;base64,iVBORw0KGgoAAAANSUhEUgAAAAEAAAABCAYAAAAfFcSJAAAAAXNSR0IArs4c6QAAAARnQU1BAACxjwv8YQUAAAAJcEhZcwAADsQAAA7EAZUrDhsAAAANSURBVBhXYzh8+PB\/AAffA0nNPuCLAAAAAElFTkSuQmCC\" data-original=\"https:\/\/www.infobae.com\/new-resizer\/QjBbpxjk1PJZ4piOiHi7i-CBgqw=\/999x999\/filters:quality(100)\/s3.amazonaws.com\/arc-wordpress-client-uploads\/infobae-wp\/wp-content\/uploads\/2017\/10\/20162652\/Campana-manos-de-mujer-27.jpg\" \/><\/a><\/div>\n<div class=\"clear\"><\/div>\n<\/div>\n<\/div>\n<\/div>\n<\/div>\n<div id=\"f0NqUnbVv3mQyq\" class=\"wrapper clearfix col-lg-4 col-xs-12 col-md-4 pb-feature pb-layout-item pb-f-homepage-story-feed col-sm-4 center-align\">\n<div class=\"border-bottom-tight flex-feature-wrapper\">\n<div class=\"skin skin-card flex-item flex-stack text-align-left equalize-height-target\">\n<div class=\"headline small normal-style \"><a href=\"https:\/\/www.infobae.com\/fotos\/2017\/10\/23\/fotos-como-se-vivio-el-escrutinio-en-los-bunkers-de-los-candidatos\/\" data-pb-field=\"headline\" data-pb-url-field=\"canonical_url\" data-pb-placeholder=\"Write headline here\">Fotos: c\u00f3mo se vivi\u00f3 el escrutinio en los b\u00fankers de los candidatos<\/a><\/div>\n<div class=\"art art-low art-small art-full-width text-align-left no-art-separator\">\n<div id=\"flex_5620\" class=\"lazy-wrapper photo-wrapper\"><a href=\"https:\/\/www.infobae.com\/fotos\/2017\/10\/23\/fotos-como-se-vivio-el-escrutinio-en-los-bunkers-de-los-candidatos\/\"><img decoding=\"async\" class=\"image-lazy lazy-placeholder\" src=\"data:image\/png;base64,iVBORw0KGgoAAAANSUhEUgAAAAEAAAABCAYAAAAfFcSJAAAAAXNSR0IArs4c6QAAAARnQU1BAACxjwv8YQUAAAAJcEhZcwAADsQAAA7EAZUrDhsAAAANSURBVBhXYzh8+PB\/AAffA0nNPuCLAAAAAElFTkSuQmCC\" data-original=\"https:\/\/www.infobae.com\/new-resizer\/8MvX-RTTdgzUc5TUiIEjjuTFvY4=\/999x999\/filters:quality(100)\/s3.amazonaws.com\/arc-wordpress-client-uploads\/infobae-wp\/wp-content\/uploads\/2017\/10\/23002314\/Elecciones-legistalivas-2017-Bunker-macri-1920-9.jpg\" \/><\/a><\/div>\n<div class=\"clear\"><\/div>\n<\/div>\n<\/div>\n<\/div>\n<\/div>\n<div id=\"f0ZKo8tVv3mQyq\" class=\"wrapper clearfix col-lg-4 col-xs-12 col-md-4 pb-feature pb-layout-item pb-f-homepage-story-feed col-sm-4 center-align\">\n<div class=\"border-bottom-tight flex-feature-wrapper\">\n<div class=\"skin skin-card flex-item flex-stack text-align-left equalize-height-target\">\n<div class=\"headline small normal-style \"><a href=\"https:\/\/www.infobae.com\/fotos\/2017\/10\/23\/35-fotos-de-los-festejos-de-cambiemos\/\" data-pb-field=\"headline\" data-pb-url-field=\"canonical_url\" data-pb-placeholder=\"Write headline here\">35 fotos de los festejos de Cambiemos<\/a><\/div>\n<div class=\"art art-low art-small art-full-width text-align-left no-art-separator\">\n<div id=\"flex_8015\" class=\"lazy-wrapper photo-wrapper\"><a href=\"https:\/\/www.infobae.com\/fotos\/2017\/10\/23\/35-fotos-de-los-festejos-de-cambiemos\/\"><img decoding=\"async\" class=\"image-lazy lazy-placeholder\" src=\"data:image\/png;base64,iVBORw0KGgoAAAANSUhEUgAAAAEAAAABCAYAAAAfFcSJAAAAAXNSR0IArs4c6QAAAARnQU1BAACxjwv8YQUAAAAJcEhZcwAADsQAAA7EAZUrDhsAAAANSURBVBhXYzh8+PB\/AAffA0nNPuCLAAAAAElFTkSuQmCC\" data-original=\"https:\/\/www.infobae.com\/new-resizer\/7gfHQfm8VVMTnGJQHFSjnbKDgGk=\/999x999\/filters:quality(100)\/s3.amazonaws.com\/arc-wordpress-client-uploads\/infobae-wp\/wp-content\/uploads\/2017\/10\/23010637\/Festejos-macri-en-Bunker-Cambiemos-4.jpg\" \/><\/a><\/div>\n<div class=\"clear\"><\/div>\n<\/div>\n<\/div>\n<\/div>\n<\/div>\n<div id=\"f08cMDNVv3mQyq\" class=\"wrapper clearfix full pb-feature pb-layout-item pb-f-global-single-line no-align\"><\/div>\n<div id=\"f0S9RtBVv3mQyq\" class=\"wrapper clearfix col-lg-4 col-xs-12 col-md-4 pb-feature pb-layout-item pb-f-homepage-story-feed col-sm-4 left-align\">\n<div class=\"border-bottom-tight flex-feature-wrapper\">\n<div class=\"skin skin-card flex-item flex-stack text-align-left equalize-height-target\">\n<div class=\"headline small normal-style \"><a href=\"https:\/\/www.infobae.com\/america\/fotos\/2017\/10\/23\/la-catrina-el-impresionante-desfile-de-miles-de-calaveras-en-ciudad-de-mexico-en-honor-a-la-muerte-elegante\/\" data-pb-field=\"headline\" data-pb-url-field=\"canonical_url\" data-pb-placeholder=\"Write headline here\">&#8220;La Catrina&#8221;: el impresionante desfile de miles de calaveras en Ciudad de M\u00e9xico en honor a &#8220;la muerte elegante&#8221;<\/a><\/div>\n<div class=\"art art-low art-small art-full-width text-align-left no-art-separator\">\n<div id=\"flex_3622\" class=\"lazy-wrapper photo-wrapper\"><a href=\"https:\/\/www.infobae.com\/america\/fotos\/2017\/10\/23\/la-catrina-el-impresionante-desfile-de-miles-de-calaveras-en-ciudad-de-mexico-en-honor-a-la-muerte-elegante\/\"><img decoding=\"async\" class=\"image-lazy lazy-placeholder\" src=\"data:image\/png;base64,iVBORw0KGgoAAAANSUhEUgAAAAEAAAABCAYAAAAfFcSJAAAAAXNSR0IArs4c6QAAAARnQU1BAACxjwv8YQUAAAAJcEhZcwAADsQAAA7EAZUrDhsAAAANSURBVBhXYzh8+PB\/AAffA0nNPuCLAAAAAElFTkSuQmCC\" data-original=\"https:\/\/www.infobae.com\/new-resizer\/3i4T_yEJm0II4-XVTKBXdeennJY=\/999x999\/filters:quality(100)\/s3.amazonaws.com\/arc-wordpress-client-uploads\/infobae-wp\/wp-content\/uploads\/2017\/10\/23013329\/foto-catrina-mexico-portada.jpg\" \/><\/a><\/div>\n<div class=\"clear\"><\/div>\n<\/div>\n<\/div>\n<\/div>\n<\/div>\n<div id=\"f1hsNj1Vv3mQyq\" class=\"wrapper clearfix col-lg-4 col-xs-12 col-md-4 pb-feature pb-layout-item pb-f-homepage-story-feed col-sm-4 center-align\">\n<div class=\"border-bottom-tight flex-feature-wrapper\">\n<div class=\"skin skin-card flex-item flex-stack text-align-left equalize-height-target\">\n<div class=\"headline small normal-style \"><a href=\"https:\/\/www.infobae.com\/deportes-2\/fotos-100\/2017\/10\/22\/22-fotos-de-los-graves-incidentes-en-la-previa-del-olympique-de-marsella-y-psg\/\" data-pb-field=\"headline\" data-pb-url-field=\"canonical_url\" data-pb-placeholder=\"Write headline here\">22 fotos de los graves incidentes en la previa del Olympique de Marsella y PSG<\/a><\/div>\n<div class=\"art art-low art-small art-full-width text-align-left no-art-separator\">\n<div id=\"flex_4911\" class=\"lazy-wrapper photo-wrapper\"><a href=\"https:\/\/www.infobae.com\/deportes-2\/fotos-100\/2017\/10\/22\/22-fotos-de-los-graves-incidentes-en-la-previa-del-olympique-de-marsella-y-psg\/\"><img decoding=\"async\" class=\"image-lazy lazy-placeholder\" src=\"data:image\/png;base64,iVBORw0KGgoAAAANSUhEUgAAAAEAAAABCAYAAAAfFcSJAAAAAXNSR0IArs4c6QAAAARnQU1BAACxjwv8YQUAAAAJcEhZcwAADsQAAA7EAZUrDhsAAAANSURBVBhXYzh8+PB\/AAffA0nNPuCLAAAAAElFTkSuQmCC\" data-original=\"https:\/\/www.infobae.com\/new-resizer\/VobR0laW13r10K_02Fkm7cPHOnY=\/999x999\/filters:quality(100)\/s3.amazonaws.com\/arc-wordpress-client-uploads\/infobae-wp\/wp-content\/uploads\/2017\/10\/22170254\/Incidentes-hinchadas-PSG-Olympique-destacada.jpg\" \/><\/a><\/div>\n<div class=\"clear\"><\/div>\n<\/div>\n<\/div>\n<\/div>\n<\/div>\n<div id=\"f0hQaKcVv3mQyq\" class=\"wrapper clearfix col-lg-4 col-xs-12 col-md-4 pb-feature pb-layout-item pb-f-homepage-story-feed col-sm-4 center-align\">\n<div class=\"border-bottom-tight flex-feature-wrapper\">\n<div class=\"skin skin-card flex-item flex-stack text-align-left equalize-height-target\">\n<div class=\"headline small normal-style \"><a href=\"https:\/\/www.infobae.com\/gente\/revista-gente-fotos\/2017\/10\/22\/las-fotos-de-los-famosos-votando\/\" data-pb-field=\"headline\" data-pb-url-field=\"canonical_url\" data-pb-placeholder=\"Write headline here\">Las fotos de los famosos votando<\/a><\/div>\n<div class=\"art art-low art-small art-full-width text-align-left no-art-separator\">\n<div id=\"flex_2593\" class=\"lazy-wrapper photo-wrapper\"><a href=\"https:\/\/www.infobae.com\/gente\/revista-gente-fotos\/2017\/10\/22\/las-fotos-de-los-famosos-votando\/\"><img decoding=\"async\" class=\"image-lazy lazy-placeholder\" src=\"data:image\/png;base64,iVBORw0KGgoAAAANSUhEUgAAAAEAAAABCAYAAAAfFcSJAAAAAXNSR0IArs4c6QAAAARnQU1BAACxjwv8YQUAAAAJcEhZcwAADsQAAA7EAZUrDhsAAAANSURBVBhXYzh8+PB\/AAffA0nNPuCLAAAAAElFTkSuQmCC\" data-original=\"https:\/\/www.infobae.com\/new-resizer\/gmxXFLi6dP9WhDv6sxMfjwluAYE=\/999x999\/filters:quality(100)\/s3.amazonaws.com\/arc-wordpress-client-uploads\/infobae-wp\/wp-content\/uploads\/2017\/10\/22190357\/GENTE-Marcelo-Tinelli-Candelaria-votando-apertura.jpg\" \/><\/a><\/div>\n<div class=\"clear\"><\/div>\n<\/div>\n<\/div>\n<\/div>\n<\/div>\n<div class=\"clear\"><\/div>\n<\/div>\n<div class=\"clear\"><\/div>\n<\/div>\n<\/div>\n<div id=\"fc9j872Vv3mQyq\" class=\"wrapper clearfix full pb-feature pb-layout-item pb-f-global-single-line\"><\/div>\n<div class=\"pb-container\">\n<div id=\"c0sdDXQVv3mQyq\" class=\"standard-chain in-chain border-bottom-none pb-layout-item pb-chain pb-c-standard-chain\">\n<div class=\"chain-content no-skin\">\n<div id=\"fzS3sb2Vv3mQyq\" class=\"wrapper clearfix full pb-feature pb-layout-item pb-f-homepage-story no-align\">\n<div class=\"border-bottom-kinda-tight\">\n<div class=\"no-skin flex-item flex-stack text-align-left equalize-height-target\">\n<div class=\"label-wrapper text-align-inherit\">\n<div class=\"pb-font-smoothing label label-bar label-with-background class_9082806\" data-pb-field=\"custom.label\" data-pb-placeholder=\"Label\">SERIES Y PEL\u00cdCULAS<\/div>\n<\/div>\n<\/div>\n<\/div>\n<\/div>\n<div id=\"f0CuS6AVv3mQyq\" class=\"wrapper clearfix col-lg-3 col-md-3 col-xs-12 col-sm-3 pb-feature pb-layout-item pb-f-homepage-story-feed left-align\">\n<div class=\"border-bottom-hairline flex-feature-wrapper\">\n<div class=\"skin skin-card flex-item flex-stack text-align-left equalize-height-target\">\n<div class=\"headline x-small normal-style \"><a href=\"https:\/\/www.infobae.com\/series-peliculas\/2017\/10\/23\/marvel-estrena-la-serie-inhumans-su-nueva-apuesta-televisiva\/\" data-pb-field=\"headline\" data-pb-url-field=\"canonical_url\" data-pb-placeholder=\"Write headline here\">Marvel estrena su nueva apuesta para el mercado de series<\/a><\/div>\n<div class=\"art art-low art-small art-full-width text-align-left no-art-separator\">\n<div id=\"flex_4267\" class=\"lazy-wrapper photo-wrapper\"><a href=\"https:\/\/www.infobae.com\/series-peliculas\/2017\/10\/23\/marvel-estrena-la-serie-inhumans-su-nueva-apuesta-televisiva\/\"><img decoding=\"async\" class=\"image-lazy lazy-placeholder\" src=\"data:image\/png;base64,iVBORw0KGgoAAAANSUhEUgAAAAEAAAABCAYAAAAfFcSJAAAAAXNSR0IArs4c6QAAAARnQU1BAACxjwv8YQUAAAAJcEhZcwAADsQAAA7EAZUrDhsAAAANSURBVBhXYzh8+PB\/AAffA0nNPuCLAAAAAElFTkSuQmCC\" data-original=\"https:\/\/www.infobae.com\/new-resizer\/-xWK8tspHGpTUfsBedfqIj0Nyvo=\/999x999\/filters:quality(100)\/s3.amazonaws.com\/arc-wordpress-client-uploads\/infobae-wp\/wp-content\/uploads\/2017\/10\/05174745\/inhumans9.jpg\" \/><\/a><\/div>\n<div class=\"clear\"><\/div>\n<\/div>\n<\/div>\n<\/div>\n<\/div>\n<div id=\"f5vKJ21Vv3mQyq\" class=\"wrapper clearfix col-lg-3 col-md-3 col-xs-12 col-sm-3 pb-feature pb-layout-item pb-f-homepage-story-feed center-align\">\n<div class=\"border-bottom-hairline flex-feature-wrapper\">\n<div class=\"skin skin-card flex-item flex-stack text-align-left equalize-height-target\">\n<div class=\"headline x-small normal-style \"><a href=\"https:\/\/www.infobae.com\/series-peliculas\/2017\/10\/23\/tras-su-exito-en-las-salas-de-cine-band-aid-llega-a-las-plataformas-de-streaming\/\" data-pb-field=\"headline\" data-pb-url-field=\"canonical_url\" data-pb-placeholder=\"Write headline here\">En streaming, las canciones m\u00e1s c\u00f3micas de pelea matrimonial<\/a><\/div>\n<div class=\"art art-low art-small art-full-width text-align-left no-art-separator\">\n<div id=\"flex_4949\" class=\"lazy-wrapper photo-wrapper\"><a href=\"https:\/\/www.infobae.com\/series-peliculas\/2017\/10\/23\/tras-su-exito-en-las-salas-de-cine-band-aid-llega-a-las-plataformas-de-streaming\/\"><img decoding=\"async\" class=\"image-lazy lazy-placeholder\" src=\"data:image\/png;base64,iVBORw0KGgoAAAANSUhEUgAAAAEAAAABCAYAAAAfFcSJAAAAAXNSR0IArs4c6QAAAARnQU1BAACxjwv8YQUAAAAJcEhZcwAADsQAAA7EAZUrDhsAAAANSURBVBhXYzh8+PB\/AAffA0nNPuCLAAAAAElFTkSuQmCC\" data-original=\"https:\/\/www.infobae.com\/new-resizer\/zQioWreXzArcJX_8fJuTuzcM608=\/999x999\/filters:quality(100)\/s3.amazonaws.com\/arc-wordpress-client-uploads\/infobae-wp\/wp-content\/uploads\/2017\/09\/27165833\/bandaid6.jpg\" \/><\/a><\/div>\n<div class=\"clear\"><\/div>\n<\/div>\n<\/div>\n<\/div>\n<\/div>\n<div id=\"f002zUeVv3mQyq\" class=\"wrapper clearfix col-lg-3 col-md-3 col-xs-12 col-sm-3 pb-feature pb-layout-item pb-f-homepage-story-feed center-align\">\n<div class=\"border-bottom-hairline flex-feature-wrapper\">\n<div class=\"skin skin-card flex-item flex-stack text-align-left equalize-height-target\">\n<div class=\"headline x-small normal-style \"><a href=\"https:\/\/www.infobae.com\/series-peliculas\/2017\/10\/22\/robert-redford-y-jane-fonda-se-reencuentran-en-nosotros-en-la-noche\/\" data-pb-field=\"headline\" data-pb-url-field=\"canonical_url\" data-pb-placeholder=\"Write headline here\">Robert Redford y Jane Fonda vuelven en \u201cNosotros en la noche\u201d<\/a><\/div>\n<div class=\"art art-low art-small art-full-width text-align-left no-art-separator\">\n<div id=\"flex_4693\" class=\"lazy-wrapper photo-wrapper\"><a href=\"https:\/\/www.infobae.com\/series-peliculas\/2017\/10\/22\/robert-redford-y-jane-fonda-se-reencuentran-en-nosotros-en-la-noche\/\"><img decoding=\"async\" class=\"image-lazy lazy-placeholder\" src=\"data:image\/png;base64,iVBORw0KGgoAAAANSUhEUgAAAAEAAAABCAYAAAAfFcSJAAAAAXNSR0IArs4c6QAAAARnQU1BAACxjwv8YQUAAAAJcEhZcwAADsQAAA7EAZUrDhsAAAANSURBVBhXYzh8+PB\/AAffA0nNPuCLAAAAAElFTkSuQmCC\" data-original=\"https:\/\/www.infobae.com\/new-resizer\/ywzUDuzb7hsa5PNRCp8jpAz2Pu0=\/999x999\/filters:quality(100)\/s3.amazonaws.com\/arc-wordpress-client-uploads\/infobae-wp\/wp-content\/uploads\/2017\/09\/19233414\/souls5.jpg\" \/><\/a><\/div>\n<div class=\"clear\"><\/div>\n<\/div>\n<\/div>\n<\/div>\n<\/div>\n<div id=\"fdd6Q01Vv3mQyq\" class=\"wrapper clearfix col-lg-3 col-md-3 col-xs-12 col-sm-3 pb-feature pb-layout-item pb-f-homepage-story-feed right-align\">\n<div class=\"border-bottom-hairline flex-feature-wrapper\">\n<div class=\"skin skin-card flex-item flex-stack text-align-left equalize-height-target\">\n<div class=\"headline x-small normal-style \"><a href=\"https:\/\/www.infobae.com\/series-peliculas\/2017\/10\/22\/se-ultiman-los-detalles-para-el-lanzamiento-de-la-tercera-temporada-de-ash-vs-evil-dead\/\" data-pb-field=\"headline\" data-pb-url-field=\"canonical_url\" data-pb-placeholder=\"Write headline here\">Se estrena la tercera temporada de \u201cAsh vs Evil Dead\u201d<\/a><\/div>\n<div class=\"art art-low art-small art-full-width text-align-left no-art-separator\">\n<div id=\"flex_5106\" class=\"lazy-wrapper photo-wrapper\"><a href=\"https:\/\/www.infobae.com\/series-peliculas\/2017\/10\/22\/se-ultiman-los-detalles-para-el-lanzamiento-de-la-tercera-temporada-de-ash-vs-evil-dead\/\"><img decoding=\"async\" class=\"image-lazy lazy-placeholder\" src=\"data:image\/png;base64,iVBORw0KGgoAAAANSUhEUgAAAAEAAAABCAYAAAAfFcSJAAAAAXNSR0IArs4c6QAAAARnQU1BAACxjwv8YQUAAAAJcEhZcwAADsQAAA7EAZUrDhsAAAANSURBVBhXYzh8+PB\/AAffA0nNPuCLAAAAAElFTkSuQmCC\" data-original=\"https:\/\/www.infobae.com\/new-resizer\/fB2Urw4IZOo4-DV1aFzs8gLhO_A=\/999x999\/filters:quality(100)\/s3.amazonaws.com\/arc-wordpress-client-uploads\/infobae-wp\/wp-content\/uploads\/2017\/09\/27014854\/ash2.jpg\" \/><\/a><\/div>\n<div class=\"clear\"><\/div>\n<\/div>\n<\/div>\n<\/div>\n<\/div>\n<div class=\"clear\"><\/div>\n<\/div>\n<div class=\"clear\"><\/div>\n<\/div>\n<div id=\"ceaie52Vv3mQyq\" class=\"standard-chain in-chain border-bottom-none pb-layout-item pb-chain pb-c-standard-chain\">\n<div class=\"chain-content no-skin\">\n<div id=\"f0xBtqRVv3mQyq\" class=\"wrapper clearfix full pb-feature pb-layout-item pb-f-homepage-story no-align\">\n<div class=\"border-bottom-kinda-tight\">\n<div class=\"no-skin flex-item flex-stack text-align-left equalize-height-target\">\n<div class=\"label-wrapper text-align-inherit\">\n<div class=\"pb-font-smoothing label label-bar label-with-background class_9171530\" data-pb-field=\"custom.label\" data-pb-placeholder=\"Label\">INFOBAE AM\u00c9RICA<\/div>\n<\/div>\n<\/div>\n<\/div>\n<\/div>\n<div id=\"fBjUQh2Vv3mQyq\" class=\"wrapper clearfix col-lg-3 col-md-3 col-xs-12 col-sm-3 pb-feature pb-layout-item pb-f-homepage-story-feed left-align\">\n<div class=\"border-bottom-hairline flex-feature-wrapper\">\n<div class=\"no-skin flex-item flex-stack text-align-left equalize-height-target\">\n<div class=\"headline x-small normal-style \"><a href=\"https:\/\/www.infobae.com\/america\/america-latina\/2017\/10\/22\/lula-da-silva-propuso-un-referendum-para-revocar-las-medidas-de-michel-temer\/\" data-pb-field=\"headline\" data-pb-url-field=\"canonical_url\" data-pb-placeholder=\"Write headline here\">Lula da Silva propuso un refer\u00e9ndum para revocar las medidas de Michel Temer<\/a><\/div>\n<div class=\"art art-low art-small art-full-width text-align-left no-art-separator\">\n<div id=\"flex_7957\" class=\"lazy-wrapper photo-wrapper\"><a href=\"https:\/\/www.infobae.com\/america\/america-latina\/2017\/10\/22\/lula-da-silva-propuso-un-referendum-para-revocar-las-medidas-de-michel-temer\/\"><img decoding=\"async\" class=\"image-lazy lazy-placeholder\" src=\"data:image\/png;base64,iVBORw0KGgoAAAANSUhEUgAAAAEAAAABCAYAAAAfFcSJAAAAAXNSR0IArs4c6QAAAARnQU1BAACxjwv8YQUAAAAJcEhZcwAADsQAAA7EAZUrDhsAAAANSURBVBhXYzh8+PB\/AAffA0nNPuCLAAAAAElFTkSuQmCC\" data-original=\"https:\/\/www.infobae.com\/new-resizer\/AQIqfCFyoOB0XhDVpO7uLX3ZbiA=\/999x561\/filters:quality(100)\/s3.amazonaws.com\/arc-wordpress-client-uploads\/infobae-wp\/wp-content\/uploads\/2017\/02\/03101147\/Lula-Temer-1920-5.jpg\" \/><\/a><\/div>\n<div class=\"clear\"><\/div>\n<\/div>\n<\/div>\n<\/div>\n<\/div>\n<div id=\"f0AXcRaVv3mQyq\" class=\"wrapper clearfix col-lg-3 col-md-3 col-xs-12 col-sm-3 pb-feature pb-layout-item pb-f-homepage-story-feed center-align\">\n<div class=\"border-bottom-hairline flex-feature-wrapper\">\n<div class=\"no-skin flex-item flex-stack text-align-left equalize-height-target\">\n<div class=\"headline x-small normal-style \"><a href=\"https:\/\/www.infobae.com\/america\/eeuu\/2017\/10\/23\/la-impresionante-suma-que-pago-el-ex-presentador-estrella-de-fox-news-para-cerrar-su-sexta-demanda-por-acoso-sexual\/\" data-pb-field=\"headline\" data-pb-url-field=\"canonical_url\" data-pb-placeholder=\"Write headline here\">La impresionante suma que pag\u00f3 el ex presentador estrella de Fox News para cerrar su sexta demanda por acoso sexual<\/a><\/div>\n<div class=\"art art-low art-small art-full-width text-align-left no-art-separator\">\n<div id=\"flex_7342\" class=\"lazy-wrapper photo-wrapper\"><a href=\"https:\/\/www.infobae.com\/america\/eeuu\/2017\/10\/23\/la-impresionante-suma-que-pago-el-ex-presentador-estrella-de-fox-news-para-cerrar-su-sexta-demanda-por-acoso-sexual\/\"><img decoding=\"async\" class=\"image-lazy lazy-placeholder\" src=\"data:image\/png;base64,iVBORw0KGgoAAAANSUhEUgAAAAEAAAABCAYAAAAfFcSJAAAAAXNSR0IArs4c6QAAAARnQU1BAACxjwv8YQUAAAAJcEhZcwAADsQAAA7EAZUrDhsAAAANSURBVBhXYzh8+PB\/AAffA0nNPuCLAAAAAElFTkSuQmCC\" data-original=\"https:\/\/www.infobae.com\/new-resizer\/UxgaUu2_sJGOpKWHkUCTs5pZvbM=\/999x561\/filters:quality(100)\/s3.amazonaws.com\/arc-wordpress-client-uploads\/infobae-wp\/wp-content\/uploads\/2017\/04\/04154437\/Portada-Oreilly.jpg\" \/><\/a><\/div>\n<div class=\"clear\"><\/div>\n<\/div>\n<\/div>\n<\/div>\n<\/div>\n<div id=\"fbTbGr1Vv3mQyq\" class=\"wrapper clearfix col-lg-3 col-md-3 col-xs-12 col-sm-3 pb-feature pb-layout-item pb-f-homepage-story-feed center-align\">\n<div class=\"border-bottom-hairline flex-feature-wrapper\">\n<div class=\"no-skin flex-item flex-stack text-align-left equalize-height-target\">\n<div class=\"headline x-small normal-style \"><a href=\"https:\/\/www.infobae.com\/america\/deportes\/2017\/10\/23\/19-punetazos-en-11-segundos-impresionante-rafaga-de-golpes-en-la-cabeza-en-el-ufc\/\" data-pb-field=\"headline\" data-pb-url-field=\"canonical_url\" data-pb-placeholder=\"Write headline here\">19 pu\u00f1etazos en 11 segundos: impresionante r\u00e1faga de golpes en la cabeza de un luchador de UFC<\/a><\/div>\n<div class=\"art art-low art-small art-full-width text-align-left no-art-separator\">\n<div id=\"flex_8733\" class=\"lazy-wrapper photo-wrapper\"><a href=\"https:\/\/www.infobae.com\/america\/deportes\/2017\/10\/23\/19-punetazos-en-11-segundos-impresionante-rafaga-de-golpes-en-la-cabeza-en-el-ufc\/\"><img decoding=\"async\" class=\"image-lazy lazy-placeholder\" src=\"data:image\/png;base64,iVBORw0KGgoAAAANSUhEUgAAAAEAAAABCAYAAAAfFcSJAAAAAXNSR0IArs4c6QAAAARnQU1BAACxjwv8YQUAAAAJcEhZcwAADsQAAA7EAZUrDhsAAAANSURBVBhXYzh8+PB\/AAffA0nNPuCLAAAAAElFTkSuQmCC\" data-original=\"https:\/\/www.infobae.com\/new-resizer\/ezOr1JwVVptXvVjS_MfD6bxdNTY=\/999x561\/filters:quality(100)\/s3.amazonaws.com\/arc-wordpress-client-uploads\/infobae-wp\/wp-content\/uploads\/2017\/10\/23071819\/El-tremendo-nocaut-de-Briam-Kelleher_2.jpg\" \/><\/a><\/div>\n<div class=\"clear\"><\/div>\n<\/div>\n<\/div>\n<\/div>\n<\/div>\n<div id=\"f53x1l2Vv3mQyq\" class=\"wrapper clearfix col-lg-3 col-md-3 col-xs-12 col-sm-3 pb-feature pb-layout-item pb-f-homepage-story-feed right-align\">\n<div class=\"border-bottom-hairline flex-feature-wrapper\">\n<div class=\"no-skin flex-item flex-stack text-align-left equalize-height-target\">\n<div class=\"headline x-small normal-style \"><a href=\"https:\/\/www.infobae.com\/series-peliculas\/2017\/10\/23\/tras-su-exito-en-las-salas-de-cine-band-aid-llega-a-las-plataformas-de-streaming\/\" data-pb-field=\"headline\" data-pb-url-field=\"canonical_url\" data-pb-placeholder=\"Write headline here\">En streaming, las canciones m\u00e1s c\u00f3micas de pelea matrimonial<\/a><\/div>\n<div class=\"art art-low art-small art-full-width text-align-left no-art-separator\">\n<div id=\"flex_3902\" class=\"lazy-wrapper photo-wrapper\"><a href=\"https:\/\/www.infobae.com\/series-peliculas\/2017\/10\/23\/tras-su-exito-en-las-salas-de-cine-band-aid-llega-a-las-plataformas-de-streaming\/\"><img decoding=\"async\" class=\"image-lazy lazy-placeholder\" src=\"data:image\/png;base64,iVBORw0KGgoAAAANSUhEUgAAAAEAAAABCAYAAAAfFcSJAAAAAXNSR0IArs4c6QAAAARnQU1BAACxjwv8YQUAAAAJcEhZcwAADsQAAA7EAZUrDhsAAAANSURBVBhXYzh8+PB\/AAffA0nNPuCLAAAAAElFTkSuQmCC\" data-original=\"https:\/\/www.infobae.com\/new-resizer\/5QHtp-nMpzS0fY1wHwFtT4Fb8BI=\/999x561\/filters:quality(100)\/s3.amazonaws.com\/arc-wordpress-client-uploads\/infobae-wp\/wp-content\/uploads\/2017\/09\/27165833\/bandaid6.jpg\" \/><\/a><\/div>\n<div class=\"clear\"><\/div>\n<\/div>\n<\/div>\n<\/div>\n<\/div>\n<div class=\"clear\"><\/div>\n<\/div>\n<div class=\"clear\"><\/div>\n<\/div>\n<\/div>\n<div class=\"pb-container\">\n<div id=\"cq1Guq1Vv3mQyq\" class=\"standard-chain in-chain border-bottom-none pb-layout-item pb-chain pb-c-standard-chain\">\n<div class=\"chain-content no-skin\">\n<div id=\"fm8ryh2Vv3mQyq\" class=\"wrapper clearfix full pb-feature pb-layout-item pb-f-homepage-story no-align\">\n<div class=\"border-bottom-kinda-tight\">\n<div class=\"no-skin flex-item flex-stack text-align-left equalize-height-target\">\n<div class=\"label-wrapper text-align-inherit\">\n<div class=\"pb-font-smoothing label label-bar label-with-background class_7057826\" data-pb-field=\"custom.label\" data-pb-placeholder=\"Label\"><img decoding=\"async\" src=\"https:\/\/s3.amazonaws.com\/arc-wordpress-client-uploads\/infobae-wp\/wp-content\/uploads\/2017\/05\/22094331\/the-washington-post_logo.png\" \/><\/div>\n<\/div>\n<\/div>\n<\/div>\n<\/div>\n<div id=\"fG6VJh2Vv3mQyq\" class=\"wrapper clearfix col-lg-3 col-md-3 col-xs-12 col-sm-3 pb-feature pb-layout-item pb-f-homepage-story-feed left-align\">\n<div class=\"border-bottom-hairline flex-feature-wrapper\">\n<div class=\"no-skin flex-item flex-stack text-align-left equalize-height-target\">\n<div class=\"headline small normal-style \"><a href=\"https:\/\/www.infobae.com\/america\/wapo\/2017\/10\/23\/consumo-de-opiaceos-detras-de-caida-del-20-por-ciento-en-la-fuerza-de-trabajo-de-eeuu\/\" data-pb-field=\"headline\" data-pb-url-field=\"canonical_url\" data-pb-placeholder=\"Write headline here\">Consumo de opi\u00e1ceos detr\u00e1s de ca\u00edda del 20 por ciento en la fuerza de trabajo de EEUU<\/a><\/div>\n<div class=\"art art-low art-x-small art-full-width text-align-left no-art-separator\">\n<div id=\"flex_3567\" class=\"lazy-wrapper photo-wrapper\"><a href=\"https:\/\/www.infobae.com\/america\/wapo\/2017\/10\/23\/consumo-de-opiaceos-detras-de-caida-del-20-por-ciento-en-la-fuerza-de-trabajo-de-eeuu\/\"><img decoding=\"async\" class=\"image-lazy lazy-placeholder\" src=\"data:image\/png;base64,iVBORw0KGgoAAAANSUhEUgAAAAEAAAABCAYAAAAfFcSJAAAAAXNSR0IArs4c6QAAAARnQU1BAACxjwv8YQUAAAAJcEhZcwAADsQAAA7EAZUrDhsAAAANSURBVBhXYzh8+PB\/AAffA0nNPuCLAAAAAElFTkSuQmCC\" data-original=\"https:\/\/www.infobae.com\/new-resizer\/euLliW14qk-Nx4tUaQQaiBL6JtY=\/999x751\/filters:quality(100)\/s3.amazonaws.com\/arc-wordpress-client-uploads\/infobae-wp\/wp-content\/uploads\/2017\/08\/07114809\/opiaceos-flickr-01.jpg\" \/><\/a><\/div>\n<div class=\"clear\"><\/div>\n<\/div>\n<\/div>\n<\/div>\n<\/div>\n<div id=\"f0xnTc4Vv3mQyq\" class=\"wrapper clearfix col-lg-3 col-md-3 col-xs-12 col-sm-3 pb-feature pb-layout-item pb-f-homepage-story-feed center-align\">\n<div class=\"border-bottom-hairline flex-feature-wrapper\">\n<div class=\"no-skin flex-item flex-stack text-align-left equalize-height-target\">\n<div class=\"headline small normal-style \"><a href=\"https:\/\/www.infobae.com\/america\/wapo\/2017\/10\/23\/los-bitcoins-se-afianzan-en-hong-kong-a-medida-que-la-banca-tradicional-evoluciona\/\" data-pb-field=\"headline\" data-pb-url-field=\"canonical_url\" data-pb-placeholder=\"Write headline here\">Los bitcoins se afianzan en Hong Kong a medida que la banca tradicional evoluciona<\/a><\/div>\n<div class=\"art art-low art-x-small art-full-width text-align-left no-art-separator\">\n<div id=\"flex_227\" class=\"lazy-wrapper photo-wrapper\"><a href=\"https:\/\/www.infobae.com\/america\/wapo\/2017\/10\/23\/los-bitcoins-se-afianzan-en-hong-kong-a-medida-que-la-banca-tradicional-evoluciona\/\"><img decoding=\"async\" class=\"image-lazy lazy-placeholder\" src=\"data:image\/png;base64,iVBORw0KGgoAAAANSUhEUgAAAAEAAAABCAYAAAAfFcSJAAAAAXNSR0IArs4c6QAAAARnQU1BAACxjwv8YQUAAAAJcEhZcwAADsQAAA7EAZUrDhsAAAANSURBVBhXYzh8+PB\/AAffA0nNPuCLAAAAAElFTkSuQmCC\" data-original=\"https:\/\/www.infobae.com\/new-resizer\/ufWSshPyIEFvSJVMd-rgT3A5fiw=\/999x751\/filters:quality(100)\/s3.amazonaws.com\/arc-wordpress-client-uploads\/infobae-wp\/wp-content\/uploads\/2016\/11\/28152556\/Bitcoins-1920-2.jpg\" \/><\/a><\/div>\n<div class=\"clear\"><\/div>\n<\/div>\n<\/div>\n<\/div>\n<\/div>\n<div id=\"f8CsyD1Vv3mQyq\" class=\"wrapper clearfix col-lg-3 col-md-3 col-xs-12 col-sm-3 pb-feature pb-layout-item pb-f-homepage-story-feed center-align\">\n<div class=\"border-bottom-hairline flex-feature-wrapper\">\n<div class=\"no-skin flex-item flex-stack text-align-left equalize-height-target\">\n<div class=\"headline small normal-style \"><a href=\"https:\/\/www.infobae.com\/america\/wapo\/2017\/10\/23\/tu-mascota-puede-ser-un-gran-negocio-y-algunas-app-podrian-estar-muy-interesadas\/\" data-pb-field=\"headline\" data-pb-url-field=\"canonical_url\" data-pb-placeholder=\"Write headline here\">Tu mascota puede ser un gran negocio y algunas app podr\u00edan estar muy interesadas<\/a><\/div>\n<div class=\"art art-low art-x-small art-full-width text-align-left no-art-separator\">\n<div id=\"flex_659\" class=\"lazy-wrapper photo-wrapper\"><a href=\"https:\/\/www.infobae.com\/america\/wapo\/2017\/10\/23\/tu-mascota-puede-ser-un-gran-negocio-y-algunas-app-podrian-estar-muy-interesadas\/\"><img decoding=\"async\" class=\"image-lazy lazy-placeholder\" src=\"data:image\/png;base64,iVBORw0KGgoAAAANSUhEUgAAAAEAAAABCAYAAAAfFcSJAAAAAXNSR0IArs4c6QAAAARnQU1BAACxjwv8YQUAAAAJcEhZcwAADsQAAA7EAZUrDhsAAAANSURBVBhXYzh8+PB\/AAffA0nNPuCLAAAAAElFTkSuQmCC\" data-original=\"https:\/\/www.infobae.com\/new-resizer\/EZlXgf3hnpPSxvcr5pFFmC1E_1o=\/999x751\/filters:quality(100)\/s3.amazonaws.com\/arc-wordpress-client-uploads\/infobae-wp\/wp-content\/uploads\/2017\/09\/04152940\/Perros-paseando-SF-5.jpg\" \/><\/a><\/div>\n<div class=\"clear\"><\/div>\n<\/div>\n<\/div>\n<\/div>\n<\/div>\n<div id=\"f0fpahiVv3mQyq\" class=\"wrapper clearfix col-lg-3 col-md-3 col-xs-12 col-sm-3 pb-feature pb-layout-item pb-f-homepage-story-feed right-align\">\n<div class=\"border-bottom-hairline flex-feature-wrapper\">\n<div class=\"no-skin flex-item flex-stack text-align-left equalize-height-target\">\n<div class=\"headline small normal-style \"><a href=\"https:\/\/www.infobae.com\/america\/wapo\/2017\/10\/22\/como-el-cambio-climatico-afecta-a-los-viajes-y-que-puedes-hacer-al-respecto\/\" data-pb-field=\"headline\" data-pb-url-field=\"canonical_url\" data-pb-placeholder=\"Write headline here\">C\u00f3mo el cambio clim\u00e1tico afecta a los viajes y qu\u00e9 puedes hacer al respecto<\/a><\/div>\n<div class=\"art art-low art-x-small art-full-width text-align-left no-art-separator\">\n<div id=\"flex_4094\" class=\"lazy-wrapper photo-wrapper\"><a href=\"https:\/\/www.infobae.com\/america\/wapo\/2017\/10\/22\/como-el-cambio-climatico-afecta-a-los-viajes-y-que-puedes-hacer-al-respecto\/\"><img decoding=\"async\" class=\"image-lazy lazy-placeholder\" src=\"data:image\/png;base64,iVBORw0KGgoAAAANSUhEUgAAAAEAAAABCAYAAAAfFcSJAAAAAXNSR0IArs4c6QAAAARnQU1BAACxjwv8YQUAAAAJcEhZcwAADsQAAA7EAZUrDhsAAAANSURBVBhXYzh8+PB\/AAffA0nNPuCLAAAAAElFTkSuQmCC\" data-original=\"https:\/\/www.infobae.com\/new-resizer\/2rPmVoTvYcsNNDhPsYpuylwZdDk=\/999x751\/filters:quality(100)\/s3.amazonaws.com\/arc-wordpress-client-uploads\/infobae-wp\/wp-content\/uploads\/2017\/07\/12101040\/cambio-climatico.jpg\" \/><\/a><\/div>\n<div class=\"clear\"><\/div>\n<\/div>\n<\/div>\n<\/div>\n<\/div>\n<div class=\"clear\"><\/div>\n<\/div>\n<div class=\"clear\"><\/div>\n<\/div>\n<div id=\"cMUpA42Vv3mQyq\" class=\"standard-chain in-chain border-bottom-none pb-layout-item pb-chain pb-c-standard-chain\">\n<div class=\"chain-content no-skin\">\n<div id=\"f0ZrfmRVv3mQyq\" class=\"wrapper clearfix full pb-feature pb-layout-item pb-f-homepage-story no-align\">\n<div class=\"border-bottom-kinda-tight\">\n<div class=\"no-skin flex-item flex-stack text-align-left equalize-height-target\">\n<div class=\"label-wrapper text-align-inherit\">\n<div class=\"pb-font-smoothing label label-bar label-with-background class_6490577\" data-pb-field=\"custom.label\" data-pb-placeholder=\"Label\"><img decoding=\"async\" src=\"http:\/\/www.infobae.com\/resizer\/?op=resize&amp;url=https:\/\/s3.amazonaws.com\/arc-wordpress-client-uploads\/infobae-wp\/wp-content\/uploads\/2017\/09\/14154721\/logo_vice.png&amp;mode=crop&amp;h=24&amp;q=75&amp;token=bar\" \/><\/div>\n<\/div>\n<\/div>\n<\/div>\n<\/div>\n<div id=\"fPJLtk1Vv3mQyq\" class=\"wrapper clearfix col-lg-3 col-md-3 col-xs-12 col-sm-3 pb-feature pb-layout-item pb-f-homepage-story-feed left-align\">\n<div class=\"border-bottom-hairline flex-feature-wrapper\">\n<div class=\"no-skin flex-item flex-stack text-align-left equalize-height-target\">\n<div class=\"headline small normal-style \"><a href=\"https:\/\/www.infobae.com\/america\/vice\/2017\/10\/22\/ernesto-cervantes-es-el-modelo-de-calvin-klein-que-representa-la-herencia-latina\/\" data-pb-field=\"headline\" data-pb-url-field=\"canonical_url\" data-pb-placeholder=\"Write headline here\">Conoce al modelo de Calvin Klein que defiende la herencia latina<\/a><\/div>\n<div class=\"art art-low art-small art-full-width text-align-left no-art-separator\">\n<div id=\"flex_4137\" class=\"lazy-wrapper photo-wrapper\"><a href=\"https:\/\/www.infobae.com\/america\/vice\/2017\/10\/22\/ernesto-cervantes-es-el-modelo-de-calvin-klein-que-representa-la-herencia-latina\/\"><img decoding=\"async\" class=\"image-lazy lazy-placeholder\" src=\"data:image\/png;base64,iVBORw0KGgoAAAANSUhEUgAAAAEAAAABCAYAAAAfFcSJAAAAAXNSR0IArs4c6QAAAARnQU1BAACxjwv8YQUAAAAJcEhZcwAADsQAAA7EAZUrDhsAAAANSURBVBhXYzh8+PB\/AAffA0nNPuCLAAAAAElFTkSuQmCC\" data-original=\"https:\/\/www.infobae.com\/new-resizer\/qTztCAflMgwMdH7Y2jvsDcFlS3I=\/999x561\/filters:quality(100)\/s3.amazonaws.com\/arc-wordpress-client-uploads\/infobae-wp\/wp-content\/uploads\/2017\/10\/17200524\/ernesto-cervantes-calvin-klein-.jpg\" \/><\/a><\/div>\n<div class=\"clear\"><\/div>\n<\/div>\n<\/div>\n<\/div>\n<\/div>\n<div id=\"f5auWc1Vv3mQyq\" class=\"wrapper clearfix col-lg-3 col-md-3 col-xs-12 col-sm-3 pb-feature pb-layout-item pb-f-homepage-story-feed center-align\">\n<div class=\"border-bottom-hairline flex-feature-wrapper\">\n<div class=\"no-skin flex-item flex-stack text-align-left equalize-height-target\">\n<div class=\"headline small normal-style \"><a href=\"https:\/\/www.infobae.com\/america\/vice\/2017\/10\/22\/las-cosas-mas-locas-que-la-gente-ha-hecho-borracha-en-un-avion\/\" data-pb-field=\"headline\" data-pb-url-field=\"canonical_url\" data-pb-placeholder=\"Write headline here\">Las cosas m\u00e1s locas que la gente ha hecho borracha en un avi\u00f3n<\/a><\/div>\n<div class=\"art art-low art-small art-full-width text-align-left no-art-separator\">\n<div id=\"flex_3816\" class=\"lazy-wrapper photo-wrapper\"><a href=\"https:\/\/www.infobae.com\/america\/vice\/2017\/10\/22\/las-cosas-mas-locas-que-la-gente-ha-hecho-borracha-en-un-avion\/\"><img decoding=\"async\" class=\"image-lazy lazy-placeholder\" src=\"data:image\/png;base64,iVBORw0KGgoAAAANSUhEUgAAAAEAAAABCAYAAAAfFcSJAAAAAXNSR0IArs4c6QAAAARnQU1BAACxjwv8YQUAAAAJcEhZcwAADsQAAA7EAZUrDhsAAAANSURBVBhXYzh8+PB\/AAffA0nNPuCLAAAAAElFTkSuQmCC\" data-original=\"https:\/\/www.infobae.com\/new-resizer\/0fta1Jpyxx6_m5j7zVKRDFmbbg4=\/999x561\/filters:quality(100)\/s3.amazonaws.com\/arc-wordpress-client-uploads\/infobae-wp\/wp-content\/uploads\/2017\/10\/13123056\/boda-mejor-amigo-universal.jpeg\" \/><\/a><\/div>\n<div class=\"clear\"><\/div>\n<\/div>\n<\/div>\n<\/div>\n<\/div>\n<div id=\"f06wOmVVv3mQyq\" class=\"wrapper clearfix col-lg-3 col-md-3 col-xs-12 col-sm-3 pb-feature pb-layout-item pb-f-homepage-story-feed center-align\">\n<div class=\"border-bottom-hairline flex-feature-wrapper\">\n<div class=\"no-skin flex-item flex-stack text-align-left equalize-height-target\">\n<div class=\"headline small normal-style \"><a href=\"https:\/\/www.infobae.com\/america\/vice\/2017\/10\/22\/analizamos-el-esperadisimo-trailer-de-la-nueva-entrega-de-star-wars\/\" data-pb-field=\"headline\" data-pb-url-field=\"canonical_url\" data-pb-placeholder=\"Write headline here\">Analizamos el esperad\u00edsimo tr\u00e1iler de la nueva entrega de Star Wars<\/a><\/div>\n<div class=\"art art-low art-small art-full-width text-align-left no-art-separator\">\n<div id=\"flex_3356\" class=\"lazy-wrapper photo-wrapper\"><a href=\"https:\/\/www.infobae.com\/america\/vice\/2017\/10\/22\/analizamos-el-esperadisimo-trailer-de-la-nueva-entrega-de-star-wars\/\"><img decoding=\"async\" class=\"image-lazy lazy-placeholder\" src=\"data:image\/png;base64,iVBORw0KGgoAAAANSUhEUgAAAAEAAAABCAYAAAAfFcSJAAAAAXNSR0IArs4c6QAAAARnQU1BAACxjwv8YQUAAAAJcEhZcwAADsQAAA7EAZUrDhsAAAANSURBVBhXYzh8+PB\/AAffA0nNPuCLAAAAAElFTkSuQmCC\" data-original=\"https:\/\/www.infobae.com\/new-resizer\/Kr9iCpW6tltMetqQhn-CADr8TwQ=\/999x561\/filters:quality(100)\/s3.amazonaws.com\/arc-wordpress-client-uploads\/infobae-wp\/wp-content\/uploads\/2017\/10\/18091124\/stars-wars-portada.jpg\" \/><\/a><\/div>\n<div class=\"clear\"><\/div>\n<\/div>\n<\/div>\n<\/div>\n<\/div>\n<div id=\"f07fPcAVv3mQyq\" class=\"wrapper clearfix col-lg-3 col-md-3 col-xs-12 col-sm-3 pb-feature pb-layout-item pb-f-homepage-story-feed right-align\">\n<div class=\"border-bottom-hairline flex-feature-wrapper\">\n<div class=\"no-skin flex-item flex-stack text-align-left equalize-height-target\">\n<div class=\"headline small normal-style \"><a href=\"https:\/\/www.infobae.com\/america\/vice\/2017\/10\/21\/los-disfraces-mas-extremos-en-la-comic-con-de-nueva-york\/\" data-pb-field=\"headline\" data-pb-url-field=\"canonical_url\" data-pb-placeholder=\"Write headline here\">Los disfraces m\u00e1s extremos en la Comic Con de Nueva York<\/a><\/div>\n<div class=\"art art-low art-small art-full-width text-align-left no-art-separator\">\n<div id=\"flex_7078\" class=\"lazy-wrapper photo-wrapper\"><a href=\"https:\/\/www.infobae.com\/america\/vice\/2017\/10\/21\/los-disfraces-mas-extremos-en-la-comic-con-de-nueva-york\/\"><img decoding=\"async\" class=\"image-lazy lazy-placeholder\" src=\"data:image\/png;base64,iVBORw0KGgoAAAANSUhEUgAAAAEAAAABCAYAAAAfFcSJAAAAAXNSR0IArs4c6QAAAARnQU1BAACxjwv8YQUAAAAJcEhZcwAADsQAAA7EAZUrDhsAAAANSURBVBhXYzh8+PB\/AAffA0nNPuCLAAAAAElFTkSuQmCC\" data-original=\"https:\/\/www.infobae.com\/new-resizer\/MsvGOjrv7iuS_aLsvBnxH8KwXwA=\/999x561\/filters:quality(100)\/s3.amazonaws.com\/arc-wordpress-client-uploads\/infobae-wp\/wp-content\/uploads\/2017\/10\/10202040\/disfraces-comic-con-nueva-york-01.jpeg\" \/><\/a><\/div>\n<div class=\"clear\"><\/div>\n<\/div>\n<\/div>\n<\/div>\n<\/div>\n<div class=\"clear\"><\/div>\n<\/div>\n<div class=\"clear\"><\/div>\n<\/div>\n<\/div>\n<div id=\"fWJDX52Vv3mQyq\" class=\"wrapper clearfix full pb-feature pb-layout-item pb-f-global-single-line\"><\/div>\n<div id=\"fWCby92Vv3mQyq\" class=\"wrapper clearfix full pb-feature pb-layout-item pb-f-global-single-line\"><\/div>\n<div id=\"ctKWUp1Vv3mQyq\" class=\"standard-chain in-chain border-bottom- pb-layout-item pb-chain pb-c-standard-chain full right-align\">\n<div class=\"chain-content equalize-heights no-skin\">\n<div id=\"f5k2N01Vv3mQyq\" class=\"wrapper clearfix col-lg-3 col-sm-6 col-md-3 col-xs-12 pb-feature pb-layout-item pb-f-list-card-column left-align\">\n<div class=\"col-sm-12 section-column\">\n<header>\n<h3 class=\"header-label\"><a href=\"http:\/\/www.infobae.com\/ultimas-noticias\"><strong>\u00daLTIMAS NOTICIAS<\/strong><\/a><\/h3>\n<\/header>\n<div class=\"column-item\">\n<div class=\"lazy-wrapper\"><img decoding=\"async\" class=\"image-lazy lazy-placeholder\" src=\"data:image\/png;base64,iVBORw0KGgoAAAANSUhEUgAAAAEAAAABCAYAAAAfFcSJAAAAAXNSR0IArs4c6QAAAARnQU1BAACxjwv8YQUAAAAJcEhZcwAADsQAAA7EAZUrDhsAAAANSURBVBhXYzh8+PB\/AAffA0nNPuCLAAAAAElFTkSuQmCC\" alt=\"(Nicol\u00e1s Stulberg)\" data-original=\"https:\/\/www.infobae.com\/new-resizer\/LZ7EGm8VmMsPPs3UWYJpyXidfxE=\/600x400\/filters:quality(100)\/s3.amazonaws.com\/arc-wordpress-client-uploads\/infobae-wp\/wp-content\/uploads\/2017\/10\/23002324\/Elecciones-legistalivas-2017-Bunker-macri-1920-11.jpg\" \/><\/div>\n<h4 class=\"first\"><a href=\"https:\/\/www.infobae.com\/politica\/2017\/10\/23\/no-fue-magia-la-polarizacion-y-el-aporte-de-cristina-los-principales-aliados-del-triunfo-de-cambiemos\/\">No fue magia: la polarizaci\u00f3n y el aporte de Cristina, los principales aliados del triunfo de Cambiemos<\/a><\/h4>\n<\/div>\n<div class=\"column-item\">\n<h4><a href=\"https:\/\/www.infobae.com\/politica\/2017\/10\/23\/esteban-bullrich-el-dia-despues-de-derrotar-a-cristina-kirchner-la-llame-y-no-me-atendio\/\">Esteban Bullrich, el d\u00eda despu\u00e9s de derrotar a Cristina Kirchner: &#8220;La llam\u00e9 y no me atendi\u00f3&#8221;<\/a><\/h4>\n<\/div>\n<div class=\"column-item\">\n<h4><a href=\"https:\/\/www.infobae.com\/politica\/2017\/10\/23\/cordoba-mas-amarilla-que-nunca\/\">C\u00f3rdoba, m\u00e1s amarilla que nunca<\/a><\/h4>\n<\/div>\n<div class=\"column-item\">\n<h4><a href=\"https:\/\/www.infobae.com\/politica\/2017\/10\/23\/la-economia-o-la-ideologia-radiografia-del-voto-que-acelero-la-crisis-del-peronismo\/\">\u00bfLa econom\u00eda o la ideolog\u00eda? radiograf\u00eda del voto que aceler\u00f3 la crisis del peronismo<\/a><\/h4>\n<\/div>\n<\/div>\n<\/div>\n<div id=\"f0AIaeSVv3mQyq\" class=\"wrapper clearfix col-lg-3 col-sm-6 col-md-3 col-xs-12 pb-feature pb-layout-item pb-f-list-card-column center-align\">\n<div class=\"col-sm-12 section-column\">\n<header>\n<h3 class=\"header-label\"><a href=\"http:\/\/www.infobae.com\/america\/\"><img decoding=\"async\" src=\"http:\/\/www.infobae.com\/resizer\/?op=resize&amp;url=https:\/\/s3.amazonaws.com\/arc-wordpress-client-uploads\/infobae-wp\/wp-content\/uploads\/2016\/09\/27141508\/america.png&amp;mode=crop&amp;h=24&amp;q=75&amp;token=bar\" \/><\/a><\/h3>\n<\/header>\n<div class=\"column-item\">\n<div class=\"lazy-wrapper\"><img decoding=\"async\" class=\"image-lazy lazy-placeholder\" src=\"data:image\/png;base64,iVBORw0KGgoAAAANSUhEUgAAAAEAAAABCAYAAAAfFcSJAAAAAXNSR0IArs4c6QAAAARnQU1BAACxjwv8YQUAAAAJcEhZcwAADsQAAA7EAZUrDhsAAAANSURBVBhXYzh8+PB\/AAffA0nNPuCLAAAAAElFTkSuQmCC\" alt=\"(FILES) This file photo taken on October 10, 2017 shows Catalan regional government president Carles Puigdemont (C) giving a speech at the Catalan regional parliament in Barcelona on October 10, 2017. Spain said on October 21, 2017 that it will move to dismiss Catalonia's separatist government and call fresh elections in the region in a bid to stop its leaders from declaring independence. Speaking after an emergency cabinet meeting, Prime Minister Mariano Rajoy said his government had no choice after the administration of Catalan leader Carles Puigdemont acted in a way that was \" data-original=\"https:\/\/www.infobae.com\/new-resizer\/qyq8fpKhYRFB7bTMz81Dd4GapzU=\/600x400\/filters:quality(100)\/s3.amazonaws.com\/arc-wordpress-client-uploads\/infobae-wp\/wp-content\/uploads\/2017\/10\/23072910\/000_TL6YA-e1508754609926.jpg\" \/><\/div>\n<h4 class=\"first\"><a href=\"https:\/\/www.infobae.com\/america\/mundo\/2017\/10\/23\/el-parlamento-de-cataluna-programo-una-sesion-clave-para-el-jueves-espana-teme-que-declare-la-independencia\/\">El Parlamento de Catalu\u00f1a program\u00f3 una sesi\u00f3n clave para el jueves: Espa\u00f1a teme que declare la independencia<\/a><\/h4>\n<\/div>\n<div class=\"column-item\">\n<h4><a href=\"https:\/\/www.infobae.com\/america\/cultura-america\/2017\/10\/23\/a-150-anos-del-nacimiento-de-la-cientifica-marie-curie-dos-veces-premio-nobel-a-quien-rosa-montero-le-dedico-un-libro-apasionante\/\">A 150 a\u00f1os del nacimiento de la cient\u00edfica Marie Curie, dos veces Premio Nobel, a quien Rosa Montero le dedic\u00f3 un libro apasionante<\/a><\/h4>\n<\/div>\n<div class=\"column-item\">\n<h4><a href=\"https:\/\/www.infobae.com\/america\/eeuu\/2017\/10\/23\/tras-casi-50-anos-en-servicio-el-boeing-747-comienza-a-despedirse-de-los-cielos\/\">Tras casi 50 a\u00f1os en servicio, el Boeing 747 comienza a despedirse de los cielos<\/a><\/h4>\n<\/div>\n<div class=\"column-item\">\n<h4><a href=\"https:\/\/www.infobae.com\/america\/mundo\/2017\/10\/23\/el-estado-islamico-masacro-a-116-civiles-durante-su-retirada-de-una-ciudad-en-siria\/\">El Estado Isl\u00e1mico masacr\u00f3 a 116 civiles durante su retirada de una ciudad en Siria<\/a><\/h4>\n<\/div>\n<\/div>\n<\/div>\n<div id=\"f05OVuMVv3mQyq\" class=\"wrapper clearfix col-lg-3 col-sm-6 col-md-3 col-xs-12 pb-feature pb-layout-item pb-f-list-card-column center-align\">\n<div class=\"col-sm-12 section-column\">\n<header>\n<h3 class=\"header-label\"><a href=\"http:\/\/www.infobae.com\/teleshow\/\"><img decoding=\"async\" src=\"http:\/\/www.infobae.com\/resizer\/?op=resize&amp;url=https:\/\/s3.amazonaws.com\/arc-wordpress-client-uploads\/infobae-wp\/wp-content\/uploads\/2016\/05\/29175800\/Logo_teleshow.png&amp;mode=crop&amp;h=24&amp;q=75&amp;token=bar\" \/><\/a><\/h3>\n<\/header>\n<div class=\"column-item\">\n<div class=\"lazy-wrapper\"><img decoding=\"async\" class=\"image-lazy lazy-placeholder\" src=\"data:image\/png;base64,iVBORw0KGgoAAAANSUhEUgAAAAEAAAABCAYAAAAfFcSJAAAAAXNSR0IArs4c6QAAAARnQU1BAACxjwv8YQUAAAAJcEhZcwAADsQAAA7EAZUrDhsAAAANSURBVBhXYzh8+PB\/AAffA0nNPuCLAAAAAElFTkSuQmCC\" alt=\"\" data-original=\"https:\/\/www.infobae.com\/new-resizer\/g2uzv8TmnhcXfNOWh2zVlUckqgA=\/600x400\/filters:quality(100)\/s3.amazonaws.com\/arc-wordpress-client-uploads\/infobae-wp\/wp-content\/uploads\/2017\/10\/23072007\/SOLPEREZ_PORTADA.jpg\" \/><\/div>\n<h4 class=\"first\"><a href=\"https:\/\/www.infobae.com\/teleshow\/infoshow\/2017\/10\/23\/no-apto-para-cardiacos-el-infartante-topless-de-sol-perez\/\">No apto para card\u00edacos: el infartante topless de Sol P\u00e9rez<\/a><\/h4>\n<\/div>\n<div class=\"column-item\">\n<h4><a href=\"https:\/\/www.infobae.com\/teleshow\/infoshow\/2017\/10\/23\/el-cumpleanos-66-de-charly-garcia-la-leyenda-viviente-de-la-musica-argentina\/\">El cumplea\u00f1os 66 de Charly Garc\u00eda, la leyenda viviente de la m\u00fasica argentina<\/a><\/h4>\n<\/div>\n<div class=\"column-item\">\n<h4><a href=\"https:\/\/www.infobae.com\/teleshow\/infoshow\/2017\/10\/23\/flor-otero-la-tercera-en-discordia-en-las-estrellas-cuando-empece-en-tele-tuve-problemas-de-alimentacion-me-decian-que-tenia-que-ser-flaca\/\">Flor Otero, la tercera en discordia en &#8220;Las Estrellas&#8221;: &#8220;Cuando empec\u00e9 en tele tuve problemas de alimentaci\u00f3n, me dec\u00edan que ten\u00eda que ser flaca&#8221;<\/a><\/h4>\n<\/div>\n<div class=\"column-item\">\n<h4><a href=\"https:\/\/www.infobae.com\/teleshow\/infoshow\/2017\/10\/23\/geronimo-rauch-el-ex-mambru-que-hace-diez-anos-dejo-argentina-para-triunfar-en-europa\/\">Ger\u00f3nimo Rauch, el ex &#8220;Mambr\u00fa&#8221; que hace diez a\u00f1os dej\u00f3 Argentina para triunfar en Europa<\/a><\/h4>\n<\/div>\n<\/div>\n<\/div>\n<div id=\"f0oJypbVv3mQyq\" class=\"wrapper clearfix col-lg-3 col-sm-6 col-md-3 col-xs-12 pb-feature pb-layout-item pb-f-list-card-column right-align\">\n<div class=\"col-sm-12 section-column\">\n<header>\n<h3 class=\"header-label\"><a href=\"http:\/\/www.infobae.com\/deportes\/\"><img decoding=\"async\" src=\"http:\/\/www.infobae.com\/resizer\/?op=resize&amp;url=https:\/\/s3.amazonaws.com\/arc-wordpress-client-uploads\/infobae-wp\/wp-content\/uploads\/2016\/08\/29170312\/logo_deportes.png&amp;mode=crop&amp;h=24&amp;q=75&amp;token=bar\" \/><\/a><\/h3>\n<\/header>\n<div class=\"column-item\">\n<div class=\"lazy-wrapper\"><img decoding=\"async\" class=\"image-lazy lazy-placeholder\" src=\"data:image\/png;base64,iVBORw0KGgoAAAANSUhEUgAAAAEAAAABCAYAAAAfFcSJAAAAAXNSR0IArs4c6QAAAARnQU1BAACxjwv8YQUAAAAJcEhZcwAADsQAAA7EAZUrDhsAAAANSURBVBhXYzh8+PB\/AAffA0nNPuCLAAAAAElFTkSuQmCC\" alt=\"(T\u00e9lam)\" data-original=\"https:\/\/www.infobae.com\/new-resizer\/ATAjg99-OGsJRSYQLuXOkq4trfY=\/600x400\/filters:quality(100)\/s3.amazonaws.com\/arc-wordpress-client-uploads\/infobae-wp\/wp-content\/uploads\/2017\/09\/01171409\/racing-olimpo-19201.jpg\" \/><\/div>\n<h4 class=\"first\"><a href=\"https:\/\/www.infobae.com\/deportes-2\/2017\/10\/23\/copa-argentina-2017-olimpo-vs-deportivo-moron\/\">Olimpo y Mor\u00f3n definir\u00e1n el rival de River en semi de Copa Argentina<\/a><\/h4>\n<\/div>\n<div class=\"column-item\">\n<h4><a href=\"https:\/\/www.infobae.com\/deportes-2\/2017\/10\/23\/copa-argentina-2017-godoy-cruz-vs-rosario-central\/\">Godoy Cruz y Rosario Central, por un lugar en semis de la Copa Argentina<\/a><\/h4>\n<\/div>\n<div class=\"column-item\">\n<h4><a href=\"https:\/\/www.infobae.com\/deportes-2\/2017\/10\/23\/todo-lo-que-hay-que-saber-de-la-entrega-del-premio-the-best-de-la-fifa-hora-tv-candidatos-y-detalles-del-show\/\">Todo sobre la entrega del premio The Best: hora, TV, candidatos y detalles del show<\/a><\/h4>\n<\/div>\n<div class=\"column-item\">\n<h4><a href=\"https:\/\/www.infobae.com\/deportes-2\/2017\/10\/22\/los-memes-de-futbol-mas-divertidos-por-las-elecciones\/\">Los memes de f\u00fatbol m\u00e1s divertidos por las elecciones<\/a><\/h4>\n<\/div>\n<\/div>\n<\/div>\n<div class=\"clear\"><\/div>\n<\/div>\n<div class=\"clear\"><\/div>\n<\/div>\n<div id=\"f0nX8slVv3mQyq\" class=\"wrapper clearfix full pb-feature pb-layout-item pb-f-global-flyin\"><\/div>\n<div class=\"pb-container\"><\/div>\n<\/section>\n<section id=\"bottom\" class=\"\">\n<div id=\"fMANaf1Vv3mQyq\" class=\"wrapper clearfix full pb-feature pb-layout-item pb-f-global-footer-colored\">\n<footer class=\"light\">\n<div class=\"footer-row-1 row\">\n<div class=\"homepage-footer-share-buttons\"><\/div>\n<aside class=\"header-label footer-nav-item logo-holder\"><img decoding=\"async\" class=\"footer-logo\" src=\"https:\/\/www.infobae.com\/new-resizer\/lL0I2ZL9bhnWNZ6yfu3ZDD8Ydho=\/300x0\/filters:quality(100)\/s3.amazonaws.com\/wapopartners.com\/infobae-wp\/wp-content\/uploads\/2016\/03\/29190548\/infobae.png\" \/>\u00a0<\/aside>\n<aside class=\"header-label footer-nav-item company-name\">Todos Los Derechos Reservados \u00a9 2017 Infobae<\/aside>\n<\/div>\n<div class=\"footer-row-2 row\">\n<div class=\"footer-links col-lg-12 col-md-12 col-sm-12 col-xs-12\">\n<div class=\"footer-nav has-sub col-sm-3 col-xs-12\"><a class=\"footer-nav-item header-label\" href=\"http:\/\/www.infobae.com\/\">Infobae<\/a><\/p>\n<ul class=\"footer-sub-nav\">\n<li class=\"footer-sub-nav-item header-label\"><a href=\"https:\/\/www.infobae.com\/apps\/\">Apps<\/a><\/li>\n<li class=\"footer-sub-nav-item header-label\"><a href=\"https:\/\/www.infobae.com\/ultimas-noticias\/\">\u00daltimas Noticias<\/a><\/li>\n<li class=\"footer-sub-nav-item header-label\"><a href=\"https:\/\/www.infobae.com\/feeds\/rss\/\">RSS<\/a><\/li>\n<li class=\"footer-sub-nav-item header-label\"><a href=\"https:\/\/www.infobae.com\/sitemap.xml\">Sitemap<\/a><\/li>\n<\/ul>\n<\/div>\n<div class=\"footer-nav has-sub col-sm-3 col-xs-12\"><a class=\"footer-nav-item header-label\" href=\"http:\/\/www.infobae.com\/\">Cont\u00e1ctenos<\/a><\/p>\n<ul class=\"footer-sub-nav\">\n<li class=\"footer-sub-nav-item header-label\"><a href=\"mailto:contacto@infobae.com\">Contacto<\/a><\/li>\n<li class=\"footer-sub-nav-item header-label\"><a href=\"mailto:redaccion@infobae.com\">Redacci\u00f3n<\/a><\/li>\n<li class=\"footer-sub-nav-item header-label\"><a href=\"http:\/\/cdn01.ib.infobae.com\/adjuntos\/162\/documentos\/periodistas\/index.html\">Red De Periodistas<\/a><\/li>\n<li class=\"footer-sub-nav-item header-label\"><a href=\"mailto:comercial@infobae.com\">Comercial<\/a><\/li>\n<li class=\"footer-sub-nav-item header-label\"><a href=\"http:\/\/mediakit.infobae.com\/\">Media Kit<\/a><\/li>\n<\/ul>\n<\/div>\n<div class=\"footer-nav has-sub col-sm-3 col-xs-12\"><a class=\"footer-nav-item header-label\" href=\"http:\/\/www.infobae.com\/\">Redes Sociales<\/a><\/p>\n<ul class=\"footer-sub-nav\">\n<li class=\"footer-sub-nav-item header-label\"><a href=\"http:\/\/www.facebook.com\/infobae\">Facebook<\/a><\/li>\n<li class=\"footer-sub-nav-item header-label\"><a href=\"http:\/\/www.twitter.com\/infobae\">Twitter<\/a><\/li>\n<li class=\"footer-sub-nav-item header-label\"><a href=\"http:\/\/www.instagram.com\/infobae\">Instagram<\/a><\/li>\n<\/ul>\n<\/div>\n<div class=\"footer-nav has-sub col-sm-3 col-xs-12\"><a class=\"footer-nav-item header-label\" href=\"http:\/\/www.infobae.com\/\">Legal<\/a><\/p>\n<ul class=\"footer-sub-nav\">\n<li class=\"footer-sub-nav-item header-label\"><a href=\"https:\/\/www.infobae.com\/terminos-y-condiciones\/\">T\u00e9rminos Y Condiciones<\/a><\/li>\n<li class=\"footer-sub-nav-item header-label\"><a href=\"https:\/\/www.infobae.com\/politicas-de-privacidad\/\">Pol\u00edtica De Privacidad<\/a><\/li>\n<\/ul>\n<\/div>\n<\/div>\n<div class=\"footer-links col-lg-12 col-md-12 col-sm-12 col-xs-12\"><\/div>\n<\/div>\n<\/footer>\n<\/div>\n<div class=\"pb-container\"><\/div>\n<\/section>\n","protected":false},"excerpt":{"rendered":"<div class=\"mh-excerpt\"><p>Cambiemos logr\u00f3 hacer historia en estas elecciones legislativas con resultados que no se daban desde\u00a01985.\u00a0Por primera vez en\u00a032 a\u00f1os,\u00a0un frente oficialista logr\u00f3 imponerse en los cinco distritos de\u00a0mayor peso electoral\u00a0del pa\u00eds:\u00a0provincia de Buenos Aires,\u00a0C\u00f3rdoba,\u00a0Santa Fe,\u00a0Ciudad de Buenos Aires\u00a0y\u00a0Mendoza.\u00a0No pasaba desde las elecciones de medio t\u00e9rmino del gobierno radical de\u00a0Ra\u00fal Alfons\u00edn. Las \u00faltimas\u00a0PASO\u00a0del 13 de agosto dejaron a los cinco grandes distritos, el 66% de la poblaci\u00f3n del pa\u00eds, divididos en dos frentes:\u00a0Cambiemos\u00a0se\u00a0hab\u00eda impuesto en\u00a0Mendoza,\u00a0C\u00f3rdoba\u00a0y la\u00a0Ciudad de Buenos Aires;\u00a0mientras que\u00a0Unidad Ciudadana\u00a0se\u00a0hab\u00eda quedado con\u00a0Buenos Aires\u00a0y\u00a0Santa Fe. Pero en estas legislativas, el frente oficialista logr\u00f3 dar vuelta la tendencia en los dos distritos <a class=\"mh-excerpt-more\" href=\"http:\/\/dsrmedios.com.ar\/diario\/archivos\/1814\" title=\"Por primera vez en 32 a\u00f1os una fuerza pol\u00edtica gana en los cinco distritos proncipales del pa\u00eds\">[Leer m\u00e1s]<\/a><\/p>\n<\/div>","protected":false},"author":5,"featured_media":1815,"comment_status":"open","ping_status":"closed","sticky":false,"template":"","format":"standard","meta":{"_jetpack_newsletter_access":""},"categories":[18],"tags":[],"jetpack_featured_media_url":"http:\/\/dsrmedios.com.ar\/diario\/wp-content\/uploads\/2017\/10\/Elecciones-legistalivas-2017-Bunker-macri-1920-9.jpg","jetpack_sharing_enabled":true,"jetpack_shortlink":"https:\/\/wp.me\/p9fihK-tg","_links":{"self":[{"href":"http:\/\/dsrmedios.com.ar\/diario\/wp-json\/wp\/v2\/posts\/1814"}],"collection":[{"href":"http:\/\/dsrmedios.com.ar\/diario\/wp-json\/wp\/v2\/posts"}],"about":[{"href":"http:\/\/dsrmedios.com.ar\/diario\/wp-json\/wp\/v2\/types\/post"}],"author":[{"embeddable":true,"href":"http:\/\/dsrmedios.com.ar\/diario\/wp-json\/wp\/v2\/users\/5"}],"replies":[{"embeddable":true,"href":"http:\/\/dsrmedios.com.ar\/diario\/wp-json\/wp\/v2\/comments?post=1814"}],"version-history":[{"count":1,"href":"http:\/\/dsrmedios.com.ar\/diario\/wp-json\/wp\/v2\/posts\/1814\/revisions"}],"predecessor-version":[{"id":1816,"href":"http:\/\/dsrmedios.com.ar\/diario\/wp-json\/wp\/v2\/posts\/1814\/revisions\/1816"}],"wp:featuredmedia":[{"embeddable":true,"href":"http:\/\/dsrmedios.com.ar\/diario\/wp-json\/wp\/v2\/media\/1815"}],"wp:attachment":[{"href":"http:\/\/dsrmedios.com.ar\/diario\/wp-json\/wp\/v2\/media?parent=1814"}],"wp:term":[{"taxonomy":"category","embeddable":true,"href":"http:\/\/dsrmedios.com.ar\/diario\/wp-json\/wp\/v2\/categories?post=1814"},{"taxonomy":"post_tag","embeddable":true,"href":"http:\/\/dsrmedios.com.ar\/diario\/wp-json\/wp\/v2\/tags?post=1814"}],"curies":[{"name":"wp","href":"https:\/\/api.w.org\/{rel}","templated":true}]}}