{"id":1799,"date":"2017-10-23T08:27:53","date_gmt":"2017-10-23T11:27:53","guid":{"rendered":"http:\/\/dsrmedios.com.ar\/diario\/?p=1799"},"modified":"2017-10-23T09:38:31","modified_gmt":"2017-10-23T12:38:31","slug":"esteban-bullrrich-y-alicia-ocana-ganaron-la-eleccion-en-senadores-y-diputados-por-bs-as","status":"publish","type":"post","link":"http:\/\/dsrmedios.com.ar\/diario\/archivos\/1799","title":{"rendered":"Esteban Bullrich y Alicia Oca\u00f1a ganaron la elecci\u00f3n en Senadores y Diputados por Bs. As."},"content":{"rendered":"<p>Con m\u00e1s del 95,76 por ciento de mesas escrutadas, los resultados oficiales dan por ganadora a la fuerza Cambiemos con un 41,35 por ciento de los votos\u00a0en la elecci\u00f3n de senador que representa Esteban Bullrich y en segundo puesto, con el 37,2 por ciento\u00a0se ubic\u00f3\u00a0Unidad Ciudadana que lidera la ex presidenta de la Naci\u00f3n Cristina Fern\u00e1ndez de Kirchner.<\/p>\n<p>En tanto, en la elecci\u00f3n de diputados nacionales\u00a0Graciela Oca\u00f1a de Cambiemos logr\u00f3 el 42,14 por ciento mientras que en segundo fue para\u00a0Fernanda Vallejos de Unidad Ciudadana, con el 36,27%.<\/p>\n<p>El 78 por ciento del padr\u00f3n electoral nacional vot\u00f3 en las elecciones legislativas, seg\u00fan inform\u00f3 el secretario de Asuntos Pol\u00edticos del Ministerio del Interior, Adri\u00e1n P\u00e9rez, quien consign\u00f3 adem\u00e1s que los primeros c\u00f3mputos oficiales se conocer\u00e1n a partir de las 21.<\/p>\n<p>&#8220;Tuvimos un buen nivel de participaci\u00f3n y todo se desarroll\u00f3 con normalidad. Nos queda ahora esperar con tranquilidad los primeros datos y el desarrollo del escrutinio. Les pedimos paciencia a todas las fuerzas pol\u00edticas&#8221;, se\u00f1al\u00f3 P\u00e9rez en declaraciones a los medios de prensa.<\/p>\n<p>fuente:www.aninoticias.com.ar<\/p>\n","protected":false},"excerpt":{"rendered":"<div class=\"mh-excerpt\"><p>Con m\u00e1s del 95,76 por ciento de mesas escrutadas, los resultados oficiales dan por ganadora a la fuerza Cambiemos con un 41,35 por ciento de los votos\u00a0en la elecci\u00f3n de senador que representa Esteban Bullrich y en segundo puesto, con el 37,2 por ciento\u00a0se ubic\u00f3\u00a0Unidad Ciudadana que lidera la ex presidenta de la Naci\u00f3n Cristina Fern\u00e1ndez de Kirchner. En tanto, en la elecci\u00f3n de diputados nacionales\u00a0Graciela Oca\u00f1a de Cambiemos logr\u00f3 el 42,14 por ciento mientras que en segundo fue para\u00a0Fernanda Vallejos de Unidad Ciudadana, con el 36,27%. El 78 por ciento del padr\u00f3n electoral nacional vot\u00f3 en las elecciones legislativas, <a class=\"mh-excerpt-more\" href=\"http:\/\/dsrmedios.com.ar\/diario\/archivos\/1799\" title=\"Esteban Bullrich y Alicia Oca\u00f1a ganaron la elecci\u00f3n en Senadores y Diputados por Bs. As.\">[Leer m\u00e1s]<\/a><\/p>\n<\/div>","protected":false},"author":5,"featured_media":1800,"comment_status":"open","ping_status":"closed","sticky":false,"template":"","format":"standard","meta":{"_jetpack_newsletter_access":""},"categories":[18],"tags":[],"jetpack_featured_media_url":"http:\/\/dsrmedios.com.ar\/diario\/wp-content\/uploads\/2017\/10\/bullrich.jpg","jetpack_sharing_enabled":true,"jetpack_shortlink":"https:\/\/wp.me\/p9fihK-t1","_links":{"self":[{"href":"http:\/\/dsrmedios.com.ar\/diario\/wp-json\/wp\/v2\/posts\/1799"}],"collection":[{"href":"http:\/\/dsrmedios.com.ar\/diario\/wp-json\/wp\/v2\/posts"}],"about":[{"href":"http:\/\/dsrmedios.com.ar\/diario\/wp-json\/wp\/v2\/types\/post"}],"author":[{"embeddable":true,"href":"http:\/\/dsrmedios.com.ar\/diario\/wp-json\/wp\/v2\/users\/5"}],"replies":[{"embeddable":true,"href":"http:\/\/dsrmedios.com.ar\/diario\/wp-json\/wp\/v2\/comments?post=1799"}],"version-history":[{"count":2,"href":"http:\/\/dsrmedios.com.ar\/diario\/wp-json\/wp\/v2\/posts\/1799\/revisions"}],"predecessor-version":[{"id":1824,"href":"http:\/\/dsrmedios.com.ar\/diario\/wp-json\/wp\/v2\/posts\/1799\/revisions\/1824"}],"wp:featuredmedia":[{"embeddable":true,"href":"http:\/\/dsrmedios.com.ar\/diario\/wp-json\/wp\/v2\/media\/1800"}],"wp:attachment":[{"href":"http:\/\/dsrmedios.com.ar\/diario\/wp-json\/wp\/v2\/media?parent=1799"}],"wp:term":[{"taxonomy":"category","embeddable":true,"href":"http:\/\/dsrmedios.com.ar\/diario\/wp-json\/wp\/v2\/categories?post=1799"},{"taxonomy":"post_tag","embeddable":true,"href":"http:\/\/dsrmedios.com.ar\/diario\/wp-json\/wp\/v2\/tags?post=1799"}],"curies":[{"name":"wp","href":"https:\/\/api.w.org\/{rel}","templated":true}]}}