{"id":1796,"date":"2017-10-22T21:35:18","date_gmt":"2017-10-23T00:35:18","guid":{"rendered":"http:\/\/dsrmedios.com.ar\/diario\/?p=1796"},"modified":"2017-10-23T09:02:46","modified_gmt":"2017-10-23T12:02:46","slug":"los-combustibles-aumentaran-manana-entre-un-9-y-un-12","status":"publish","type":"post","link":"http:\/\/dsrmedios.com.ar\/diario\/archivos\/1796","title":{"rendered":"Los combustibles aumentar\u00e1n hoy entre un 9 y un 12 %"},"content":{"rendered":"<p>Las petroleras estaban listas para aplicar un aumento en el precio de los combustibles desde el primero de octubre, como parte de la revisi\u00f3n trimestral de precios que acordaron con el ministerio de Energ\u00eda. Pero la decisi\u00f3n se posterg\u00f3 a la espera que pasen las elecciones.\u00a0<strong>Hubo un pedido del Gobierno en esa direcci\u00f3n.<\/strong><\/p>\n<p>A partir de las primeras horas de hoy -se estima que cerca de las 6- comenzar\u00e1n las subas de precios en los combustibles, seg\u00fan supo\u00a0<strong>Clar\u00edn<\/strong>. El incremento e<strong>star\u00e1 encabezado por YPF, y luego se le plegar\u00e1n las otras petroleras<\/strong>. La suerte electoral ya estar\u00e1 definida.<\/p>\n<p>La suba tendr\u00e1 un\u00a0<strong>piso del 9%,\u00a0<\/strong>seg\u00fan explicaron en estaciones de servicio. Se espera que sea m\u00e1s alta en naftas que en gasoil. Aunque todo est\u00e1 sujeto a modificaciones de \u00faltimo momento, entre lo que despachan algunos hablan de &#8220;un promedio de entre 9,5% y 10%&#8221; en todos los combustibles, mientras que otros se\u00f1alan que el incremento\u00a0<strong>ser\u00e1 de 9% en gasoil y m\u00e1s cercano al 12% en naftas.<\/strong><\/p>\n","protected":false},"excerpt":{"rendered":"<div class=\"mh-excerpt\"><p>Las petroleras estaban listas para aplicar un aumento en el precio de los combustibles desde el primero de octubre, como parte de la revisi\u00f3n trimestral de precios que acordaron con el ministerio de Energ\u00eda. Pero la decisi\u00f3n se posterg\u00f3 a la espera que pasen las elecciones.\u00a0Hubo un pedido del Gobierno en esa direcci\u00f3n. A partir de las primeras horas de hoy -se estima que cerca de las 6- comenzar\u00e1n las subas de precios en los combustibles, seg\u00fan supo\u00a0Clar\u00edn. El incremento estar\u00e1 encabezado por YPF, y luego se le plegar\u00e1n las otras petroleras. La suerte electoral ya estar\u00e1 definida. La suba <a class=\"mh-excerpt-more\" href=\"http:\/\/dsrmedios.com.ar\/diario\/archivos\/1796\" title=\"Los combustibles aumentar\u00e1n hoy entre un 9 y un 12 %\">[Leer m\u00e1s]<\/a><\/p>\n<\/div>","protected":false},"author":5,"featured_media":1797,"comment_status":"open","ping_status":"closed","sticky":false,"template":"","format":"standard","meta":{"_jetpack_newsletter_access":""},"categories":[18,6],"tags":[],"jetpack_featured_media_url":"http:\/\/dsrmedios.com.ar\/diario\/wp-content\/uploads\/2017\/10\/combus.jpg","jetpack_sharing_enabled":true,"jetpack_shortlink":"https:\/\/wp.me\/p9fihK-sY","_links":{"self":[{"href":"http:\/\/dsrmedios.com.ar\/diario\/wp-json\/wp\/v2\/posts\/1796"}],"collection":[{"href":"http:\/\/dsrmedios.com.ar\/diario\/wp-json\/wp\/v2\/posts"}],"about":[{"href":"http:\/\/dsrmedios.com.ar\/diario\/wp-json\/wp\/v2\/types\/post"}],"author":[{"embeddable":true,"href":"http:\/\/dsrmedios.com.ar\/diario\/wp-json\/wp\/v2\/users\/5"}],"replies":[{"embeddable":true,"href":"http:\/\/dsrmedios.com.ar\/diario\/wp-json\/wp\/v2\/comments?post=1796"}],"version-history":[{"count":2,"href":"http:\/\/dsrmedios.com.ar\/diario\/wp-json\/wp\/v2\/posts\/1796\/revisions"}],"predecessor-version":[{"id":1813,"href":"http:\/\/dsrmedios.com.ar\/diario\/wp-json\/wp\/v2\/posts\/1796\/revisions\/1813"}],"wp:featuredmedia":[{"embeddable":true,"href":"http:\/\/dsrmedios.com.ar\/diario\/wp-json\/wp\/v2\/media\/1797"}],"wp:attachment":[{"href":"http:\/\/dsrmedios.com.ar\/diario\/wp-json\/wp\/v2\/media?parent=1796"}],"wp:term":[{"taxonomy":"category","embeddable":true,"href":"http:\/\/dsrmedios.com.ar\/diario\/wp-json\/wp\/v2\/categories?post=1796"},{"taxonomy":"post_tag","embeddable":true,"href":"http:\/\/dsrmedios.com.ar\/diario\/wp-json\/wp\/v2\/tags?post=1796"}],"curies":[{"name":"wp","href":"https:\/\/api.w.org\/{rel}","templated":true}]}}