{"id":17894,"date":"2020-03-17T17:50:38","date_gmt":"2020-03-17T20:50:38","guid":{"rendered":"http:\/\/dsrmedios.com.ar\/diario\/?p=17894"},"modified":"2020-03-17T17:50:45","modified_gmt":"2020-03-17T20:50:45","slug":"informacion-de-jefatura-distrital-de-educacion-adolfo-alsina","status":"publish","type":"post","link":"http:\/\/dsrmedios.com.ar\/diario\/archivos\/17894","title":{"rendered":"Informaci\u00f3n de Jefatura Distrital de Educaci\u00f3n Adolfo Alsina"},"content":{"rendered":"\n<p>Desde Jefatura Distrital se agradece y reconoce el trabajo responsable de Inspectores, Directores, Docentes y Auxiliares que est\u00e1n poniendo lo mejor de s\u00ed en estos momentos de crisis. <\/p>\n\n\n\n<p>Cuidando y educando en un momento tan cr\u00edtico con mucha responsabilidad, humanidad y sentido social.<\/p>\n\n\n\n<p>Todos los establecimientos del distrito han realizado un Plan de continuidad pedag\u00f3gica, con mucha creatividad y adecuado a las distintas necesidades etarias y posibilidades.<br>\nAlgunos en formato virtual, con distintas plataformas que posibilitan el contacto y el intercambio a distancia. Otros con cuadernillos. Hoy, adem\u00e0s se recibi\u00f3 material <br>\nAdem\u00e1s, articulando con el Consejo Escolar, se garantiza el Servicio Alimentario Escolar. <br>\nContin\u00faa funcionando la Comisi\u00f3n Distrital de Salud en las Escuelas, integrada por autoridades educativas de gesti\u00f3n estatal y privada, Consejo, Secretaria de Salud y<br>\nDirecciones de Desarrollo Social y Deporte, adem\u00e1s de Bromatolog\u00eda para articular estrategias de intervenci\u00f3n, principalmente en situaciones detectadas de mayor<br>\ncomplejidad\/vulnerabilidad.<br>\nEl d\u00eda lunes se trabaj\u00f3 en dos sentidos:<\/p>\n\n\n\n<ul><li>apuntando al cuidado del personal docente y auxiliar que forma parte de los grupos de riesgo asesorando en relaci\u00f3n al derecho a la licencia por aislamiento preventivo<\/li><li>organizando las acciones que permitan a las escuelas continuar cuidando y ense\u00f1ando.<\/li><\/ul>\n\n\n\n<p>Adem\u00e1s se recibi\u00f3 a los gremios, escuchando las diferentes inquietudes surgidas en el marco de esta situaci\u00f3n de pandemia.<br>\nTambi\u00e9n hubo una capacitaci\u00f3n virtual para M\u00e9dico de CEF.<\/p>\n\n\n\n<p>Cabe destacar el acompa\u00f1amiento y preocupaci\u00f3n del Intendente y la comunicaci\u00f3n permanente, c\u00f3mo as\u00ed tambi\u00e9n de los m\u00e9dicos y personal de salud que trabajan en la<br>\nprevenci\u00f3n. Tambi\u00e9n se valora el trabajo con autoridades educativas regionales y principalmente con la Direcci\u00f3n Provincial de Psicolog\u00eda Comunitaria y Pedagog\u00eda Social<br>\nque est\u00e1 en contacto diario acompa\u00f1ando y sosteniendo.<br>\nSe informa que la prioridad continua siendo el cuidado y la ense\u00f1anza.<\/p>\n\n\n\n<p>En funci\u00f3n de esto se ha orientado el establecimiento de acuerdos institucionales para garantizarlo. <br>\n.<br>\nNo estamos de vacaciones, por eso debemos cuidarnos y organizamos para poder continuar cumpliendo nuestra funci\u00f3n. <br>\nEs importante respetarnos, tener empat\u00eda y reitero la importancia de que aflore lo mejor de nosotros. Es una situaci\u00f3n particular, con variaciones en lo que refiere a las medidas, por eso es importante tambi\u00e9n la paciencia y la necesidad de priorizar los emergentes.<\/p>\n\n\n\n<p>Adem\u00e1s se estar\u00e1 entregando  material pedag\u00f3gico complementario a la tarea docente en distintos soportes elaborado por la DGCyE, para garantizar la Continuidad Pedag\u00f3gica durante el per\u00edodo de suspensi\u00f3n de clases presenciales.<\/p>\n\n\n\n<p>Dichos materiales est\u00e1n destinados a los y las estudiantes que no dispongan de ning\u00fan tipo de conectividad (por computadora, tablet, tel\u00e9fono m\u00f3vil, etc.). Cabe se\u00f1alar que se trata del mismo material al que se acceder\u00e1 en formato digital mediante el portal ABC, en el micrositio \u201cContinuemos Estudiando\u201d.<\/p>\n","protected":false},"excerpt":{"rendered":"<div class=\"mh-excerpt\"><p>Desde Jefatura Distrital se agradece y reconoce el trabajo responsable de Inspectores, Directores, Docentes y Auxiliares que est\u00e1n poniendo lo mejor de s\u00ed en estos momentos de crisis. Cuidando y educando en un momento tan cr\u00edtico con mucha responsabilidad, humanidad y sentido social. Todos los establecimientos del distrito han realizado un Plan de continuidad pedag\u00f3gica, con mucha creatividad y adecuado a las distintas necesidades etarias y posibilidades. Algunos en formato virtual, con distintas plataformas que posibilitan el contacto y el intercambio a distancia. Otros con cuadernillos. Hoy, adem\u00e0s se recibi\u00f3 material Adem\u00e1s, articulando con el Consejo Escolar, se garantiza el <a class=\"mh-excerpt-more\" href=\"http:\/\/dsrmedios.com.ar\/diario\/archivos\/17894\" title=\"Informaci\u00f3n de Jefatura Distrital de Educaci\u00f3n Adolfo Alsina\">[Leer m\u00e1s]<\/a><\/p>\n<\/div>","protected":false},"author":5,"featured_media":4549,"comment_status":"open","ping_status":"closed","sticky":false,"template":"","format":"standard","meta":{"_jetpack_newsletter_access":""},"categories":[18,31],"tags":[],"jetpack_featured_media_url":"http:\/\/dsrmedios.com.ar\/diario\/wp-content\/uploads\/2018\/03\/rodriguez.jpg","jetpack_sharing_enabled":true,"jetpack_shortlink":"https:\/\/wp.me\/p9fihK-4EC","_links":{"self":[{"href":"http:\/\/dsrmedios.com.ar\/diario\/wp-json\/wp\/v2\/posts\/17894"}],"collection":[{"href":"http:\/\/dsrmedios.com.ar\/diario\/wp-json\/wp\/v2\/posts"}],"about":[{"href":"http:\/\/dsrmedios.com.ar\/diario\/wp-json\/wp\/v2\/types\/post"}],"author":[{"embeddable":true,"href":"http:\/\/dsrmedios.com.ar\/diario\/wp-json\/wp\/v2\/users\/5"}],"replies":[{"embeddable":true,"href":"http:\/\/dsrmedios.com.ar\/diario\/wp-json\/wp\/v2\/comments?post=17894"}],"version-history":[{"count":1,"href":"http:\/\/dsrmedios.com.ar\/diario\/wp-json\/wp\/v2\/posts\/17894\/revisions"}],"predecessor-version":[{"id":17895,"href":"http:\/\/dsrmedios.com.ar\/diario\/wp-json\/wp\/v2\/posts\/17894\/revisions\/17895"}],"wp:featuredmedia":[{"embeddable":true,"href":"http:\/\/dsrmedios.com.ar\/diario\/wp-json\/wp\/v2\/media\/4549"}],"wp:attachment":[{"href":"http:\/\/dsrmedios.com.ar\/diario\/wp-json\/wp\/v2\/media?parent=17894"}],"wp:term":[{"taxonomy":"category","embeddable":true,"href":"http:\/\/dsrmedios.com.ar\/diario\/wp-json\/wp\/v2\/categories?post=17894"},{"taxonomy":"post_tag","embeddable":true,"href":"http:\/\/dsrmedios.com.ar\/diario\/wp-json\/wp\/v2\/tags?post=17894"}],"curies":[{"name":"wp","href":"https:\/\/api.w.org\/{rel}","templated":true}]}}