{"id":17874,"date":"2020-03-16T18:43:44","date_gmt":"2020-03-16T21:43:44","guid":{"rendered":"http:\/\/dsrmedios.com.ar\/diario\/?p=17874"},"modified":"2020-03-16T19:02:31","modified_gmt":"2020-03-16T22:02:31","slug":"medidas-tomadas-por-el-municipio-de-adolfo-alsina","status":"publish","type":"post","link":"http:\/\/dsrmedios.com.ar\/diario\/archivos\/17874","title":{"rendered":"Medidas tomadas por el Municipio de Adolfo Alsina"},"content":{"rendered":"\n<p><strong>Se suspende hasta 31 de marzo: <br> \u2022    Tratamientos ambulatorios: controles ginecol\u00f3gicos,  pedi\u00e1tricos y de adultos, control de presi\u00f3n arterial y glucemia en Hospitales y Unidades Sanitarias. <br> \u2022    Entrega de certificados de aptos f\u00edsicos y para Licencias de conducir<br> \u2022    Cirug\u00edas programadas. S\u00f3lo se realizar\u00e1n cirug\u00edas de emergencia, ces\u00e1reas y partos. <br> \u2022    Actividades deportivas municipales<br> \u2022    J\u00f3venes en trama y Envi\u00f3n en todo el distrito <br> \u2022    Talleres culturales de todo el distrito <br> \u2022    Actividades en Punto digital: s\u00f3lo estar\u00e1 abierto para realizaci\u00f3n de tr\u00e1mites online<br> \u2022    Inicio de clases de UPSO<br> \u2022    Visitas al Museo Regional Adolfo Alsina<br> \u2022    Visitas Centro de Interpretaci\u00f3n Villa Epecu\u00e9n<br> \u2022    Actividades programadas por fin de semana largo<\/strong><\/p>\n\n\n\n<p><strong>Cambios: <br> \u2022    Vacunaci\u00f3n: <br> \u2022    Carhu\u00e9 : Cortada de la Plaza Martes y viernes de 8 a 14hs | Barrio Arturo Illia lunes y mi\u00e9rcoles de 8 a 14hs. <br> \u2022    Rivera: s\u00f3lo viernes de 8 a 12hs en Unidad Sanitaria de Villa Goldverg<\/strong><\/p>\n\n\n\n<p>\u2022    <strong>Casas del Ni\u00f1o en todo el distrito: se  aseguran las prestaciones alimentarias <br> \u2022    Descentralizar la atenci\u00f3n en desarrollo Humano: Unidad Sanitaria Barrio Illia| Cortada de la Plaza| CEF| Horarios: de 10 a 12:30hs. <br> \u2022    Se restringe las visitas a adultos mayores en Miniresidencias, Hogar de Ancianos de Carhu\u00e9 y Hogar de Adultos de Villa Maza<\/strong><\/p>\n\n\n\n<p><strong>Se implement\u00f3:&nbsp;<\/strong><\/p>\n\n\n\n<ul><li><strong>Junta Municipal de\n     Defensa Civil<\/strong><\/li><li><strong>Controles conjuntos\n     con seguridad e inspecci\u00f3n en accesos&nbsp;<\/strong><\/li><li><strong>Contenci\u00f3n\n     psicol\u00f3gica para personas en aislamiento<\/strong><\/li><\/ul>\n\n\n\n<p><strong>En di\u00e1logo\ncon sus Sociedades y Comisiones directivas no van a funcionar:&nbsp;<\/strong><\/p>\n\n\n\n<ul><li><strong>Parque Termal y L\u00fadico\n     Mar de Epecu\u00e9n<\/strong><\/li><li><strong>Taller protegido\n     Buena Senda&nbsp;<\/strong><\/li><li><strong>Centro de D\u00eda Mimo<\/strong><\/li><li><strong>Equinoterapia<\/strong><\/li><li><strong>Clubes deportivos\n     de todo el distrito&nbsp;<\/strong><\/li><\/ul>\n\n\n\n<p><strong>Se\nsolicita:&nbsp;<\/strong><\/p>\n\n\n\n<ul><li><strong>No acudir a las\n     guardias de Hospitales o salitas. S\u00f3lo hacerlo en caso de enfermedad y\n     emergencia. Sino hacerlo en consultorios externos.<\/strong><\/li><li><strong>Realizarse\n     controles de presi\u00f3n arterial y glucemia en farmacias.&nbsp;<\/strong><\/li><li><strong>Vacunaci\u00f3n\n     antigripal: Personas con Pami, Ioma o mutuales aplicarla en\n     farmacia.&nbsp;<\/strong><\/li><li><strong>Notificar en caso\n     de arribar del exterior o de otros lugares de argentina con turismo internacional.&nbsp;<\/strong><\/li><li><strong>Acudir al Palacio\n     Municipal o Delegaciones s\u00f3lo para tr\u00e1mites que sean impostergables.&nbsp;<\/strong><\/li><li><strong>Comprar alimentos,\n     alcohol en gel y elementos de limpieza en forma criteriosa.<\/strong><\/li><\/ul>\n\n\n\n<p><strong>Se\nrecomienda:&nbsp;<\/strong><\/p>\n\n\n\n<ul><li><strong>Todos aqu<\/strong> <br>Medidas tomadas por el Municipio de Adolfo Alsina  <strong>ellos que      puedan hacerlo: quedarse en su casa<\/strong><\/li><li><strong>Mantener distancia      de 1 \u00bd metro con otras personas<\/strong><\/li><li><strong>No compartir mate<\/strong><\/li><li><strong>Seguir pautas de      desinfecci\u00f3n y ventilaci\u00f3n de los espacios<\/strong><\/li><li><strong>Lavarse las manos      frecuentemente<\/strong><\/li><li><strong>No saludar con beso      o abrazo\u00a0<\/strong><\/li><li><strong>Estornudar o toser      en pliegue del codo.\u00a0<\/strong><\/li><li><strong>Suspender festejos      de cumplea\u00f1os, casamientos o encuentros que convoquen gente<\/strong><\/li><li><strong>No asistir a      gimnasios\u00a0<\/strong><\/li><\/ul>\n\n\n\n<p><strong>En caso de tener s\u00edntomas compatibles con coronavirus llamar al\n107<\/strong><strong>Para\nconsultas sobre la enfermedad llamar al 148<\/strong><\/p>\n","protected":false},"excerpt":{"rendered":"<div class=\"mh-excerpt\"><p>Se suspende hasta 31 de marzo: \u2022 Tratamientos ambulatorios: controles ginecol\u00f3gicos, pedi\u00e1tricos y de adultos, control de presi\u00f3n arterial y glucemia en Hospitales y Unidades Sanitarias. \u2022 Entrega de certificados de aptos f\u00edsicos y para Licencias de conducir \u2022 Cirug\u00edas programadas. S\u00f3lo se realizar\u00e1n cirug\u00edas de emergencia, ces\u00e1reas y partos. \u2022 Actividades deportivas municipales \u2022 J\u00f3venes en trama y Envi\u00f3n en todo el distrito \u2022 Talleres culturales de todo el distrito \u2022 Actividades en Punto digital: s\u00f3lo estar\u00e1 abierto para realizaci\u00f3n de tr\u00e1mites online \u2022 Inicio de clases de UPSO \u2022 Visitas al Museo Regional Adolfo Alsina \u2022 Visitas Centro <a class=\"mh-excerpt-more\" href=\"http:\/\/dsrmedios.com.ar\/diario\/archivos\/17874\" title=\"Medidas tomadas por el Municipio de Adolfo Alsina\">[Leer m\u00e1s]<\/a><\/p>\n<\/div>","protected":false},"author":5,"featured_media":17875,"comment_status":"open","ping_status":"closed","sticky":false,"template":"","format":"standard","meta":{"_jetpack_newsletter_access":""},"categories":[18,31],"tags":[],"jetpack_featured_media_url":"http:\/\/dsrmedios.com.ar\/diario\/wp-content\/uploads\/2020\/03\/corpnavirus.png","jetpack_sharing_enabled":true,"jetpack_shortlink":"https:\/\/wp.me\/p9fihK-4Ei","_links":{"self":[{"href":"http:\/\/dsrmedios.com.ar\/diario\/wp-json\/wp\/v2\/posts\/17874"}],"collection":[{"href":"http:\/\/dsrmedios.com.ar\/diario\/wp-json\/wp\/v2\/posts"}],"about":[{"href":"http:\/\/dsrmedios.com.ar\/diario\/wp-json\/wp\/v2\/types\/post"}],"author":[{"embeddable":true,"href":"http:\/\/dsrmedios.com.ar\/diario\/wp-json\/wp\/v2\/users\/5"}],"replies":[{"embeddable":true,"href":"http:\/\/dsrmedios.com.ar\/diario\/wp-json\/wp\/v2\/comments?post=17874"}],"version-history":[{"count":2,"href":"http:\/\/dsrmedios.com.ar\/diario\/wp-json\/wp\/v2\/posts\/17874\/revisions"}],"predecessor-version":[{"id":17878,"href":"http:\/\/dsrmedios.com.ar\/diario\/wp-json\/wp\/v2\/posts\/17874\/revisions\/17878"}],"wp:featuredmedia":[{"embeddable":true,"href":"http:\/\/dsrmedios.com.ar\/diario\/wp-json\/wp\/v2\/media\/17875"}],"wp:attachment":[{"href":"http:\/\/dsrmedios.com.ar\/diario\/wp-json\/wp\/v2\/media?parent=17874"}],"wp:term":[{"taxonomy":"category","embeddable":true,"href":"http:\/\/dsrmedios.com.ar\/diario\/wp-json\/wp\/v2\/categories?post=17874"},{"taxonomy":"post_tag","embeddable":true,"href":"http:\/\/dsrmedios.com.ar\/diario\/wp-json\/wp\/v2\/tags?post=17874"}],"curies":[{"name":"wp","href":"https:\/\/api.w.org\/{rel}","templated":true}]}}