{"id":17842,"date":"2020-03-13T21:42:54","date_gmt":"2020-03-14T00:42:54","guid":{"rendered":"http:\/\/dsrmedios.com.ar\/diario\/?p=17842"},"modified":"2020-03-13T17:57:06","modified_gmt":"2020-03-13T20:57:06","slug":"el-viceministro-de-salud-de-la-provincia-aseguro-que-el-hospital-penna-sera-acondicionado-para-la-pandemia","status":"publish","type":"post","link":"http:\/\/dsrmedios.com.ar\/diario\/archivos\/17842","title":{"rendered":"El Viceministro de Salud de la provincia asegur\u00f3 que el Hospital Penna ser\u00e1 acondicionado para la pandemia"},"content":{"rendered":"\n<p>El viceministro de Salud de la Provincia, Nicol\u00e1s Kreplak, visita por estas horas la ciudad en el marco de la amenaza que significa la proliferaci\u00f3n de casos de Coronavirus en todo el pa\u00eds y, en di\u00e1logo con LA BR\u00daJULA 24, admiti\u00f3 que &#8220;estamos acondicionando el Penna para prepararlo para la pandemia que se viene&#8221;.<\/p>\n\n\n\n<p>&#8220;Vamos a aumentar la cantidad de camas, tanto las de las habitaciones del hospital como aquellas cr\u00edticas que est\u00e1n en terapia intensiva. Para ello se necesita disponibilidad de trabajadores&#8221;, enfatiz\u00f3 Kreplak, en una improvisada rueda de prensa.<\/p>\n\n\n\n<p>En esa misma direcci\u00f3n, el funcionario bonaerense reconoci\u00f3 que &#8220;tambi\u00e9n estamos estudiando la posibilidad de suplementar en otras \u00e1reas con camas que, en caso que sean necesarias, funcionen como dependencias del hospital en caso de un desborde&#8221;.<\/p>\n\n\n\n<p>&#8220;El gobernador nos dio todo el apoyo pol\u00edtico y econ\u00f3mico para poner en condiciones el sistema de salud. El director del Penna hizo una propuesta frente a la falta de m\u00e1s de 100 trabajadores. Veremos cu\u00e1les de estos son priorizados respecto a la pandemia y si aquellos que se ofrecieron a\u00fan quieren incorporarse&#8221;.<\/p>\n\n\n\n<p>&#8220;Estamos viendo la posibilidad de hacer en el Penna los estudios preliminares que permitan determinar otras enfermedades para descartar casos de Coronavirus. El hospital cuenta con el instrumental&#8221;.<br> &#8220;Vamos a esforzarnos en que los insumos que tengan m\u00e1s demanda por la pandemia est\u00e9n garantizados. Estamos generando las herramientas administrativas para ganar en agilidad, pese a venir de un corte de la cadena de pagos desde agosto, generando un problema&#8221;.<\/p>\n\n\n\n<p>fuente:www.labrujula24.com<\/p>\n","protected":false},"excerpt":{"rendered":"<div class=\"mh-excerpt\"><p>El viceministro de Salud de la Provincia, Nicol\u00e1s Kreplak, visita por estas horas la ciudad en el marco de la amenaza que significa la proliferaci\u00f3n de casos de Coronavirus en todo el pa\u00eds y, en di\u00e1logo con LA BR\u00daJULA 24, admiti\u00f3 que &#8220;estamos acondicionando el Penna para prepararlo para la pandemia que se viene&#8221;. &#8220;Vamos a aumentar la cantidad de camas, tanto las de las habitaciones del hospital como aquellas cr\u00edticas que est\u00e1n en terapia intensiva. Para ello se necesita disponibilidad de trabajadores&#8221;, enfatiz\u00f3 Kreplak, en una improvisada rueda de prensa. En esa misma direcci\u00f3n, el funcionario bonaerense reconoci\u00f3 que <a class=\"mh-excerpt-more\" href=\"http:\/\/dsrmedios.com.ar\/diario\/archivos\/17842\" title=\"El Viceministro de Salud de la provincia asegur\u00f3 que el Hospital Penna ser\u00e1 acondicionado para la pandemia\">[Leer m\u00e1s]<\/a><\/p>\n<\/div>","protected":false},"author":5,"featured_media":17843,"comment_status":"open","ping_status":"closed","sticky":false,"template":"","format":"standard","meta":{"_jetpack_newsletter_access":""},"categories":[18,7],"tags":[],"jetpack_featured_media_url":"http:\/\/dsrmedios.com.ar\/diario\/wp-content\/uploads\/2020\/03\/viceministro.jpeg","jetpack_sharing_enabled":true,"jetpack_shortlink":"https:\/\/wp.me\/p9fihK-4DM","_links":{"self":[{"href":"http:\/\/dsrmedios.com.ar\/diario\/wp-json\/wp\/v2\/posts\/17842"}],"collection":[{"href":"http:\/\/dsrmedios.com.ar\/diario\/wp-json\/wp\/v2\/posts"}],"about":[{"href":"http:\/\/dsrmedios.com.ar\/diario\/wp-json\/wp\/v2\/types\/post"}],"author":[{"embeddable":true,"href":"http:\/\/dsrmedios.com.ar\/diario\/wp-json\/wp\/v2\/users\/5"}],"replies":[{"embeddable":true,"href":"http:\/\/dsrmedios.com.ar\/diario\/wp-json\/wp\/v2\/comments?post=17842"}],"version-history":[{"count":2,"href":"http:\/\/dsrmedios.com.ar\/diario\/wp-json\/wp\/v2\/posts\/17842\/revisions"}],"predecessor-version":[{"id":17849,"href":"http:\/\/dsrmedios.com.ar\/diario\/wp-json\/wp\/v2\/posts\/17842\/revisions\/17849"}],"wp:featuredmedia":[{"embeddable":true,"href":"http:\/\/dsrmedios.com.ar\/diario\/wp-json\/wp\/v2\/media\/17843"}],"wp:attachment":[{"href":"http:\/\/dsrmedios.com.ar\/diario\/wp-json\/wp\/v2\/media?parent=17842"}],"wp:term":[{"taxonomy":"category","embeddable":true,"href":"http:\/\/dsrmedios.com.ar\/diario\/wp-json\/wp\/v2\/categories?post=17842"},{"taxonomy":"post_tag","embeddable":true,"href":"http:\/\/dsrmedios.com.ar\/diario\/wp-json\/wp\/v2\/tags?post=17842"}],"curies":[{"name":"wp","href":"https:\/\/api.w.org\/{rel}","templated":true}]}}